{"id":20194,"date":"2013-05-22T20:22:50","date_gmt":"2013-05-22T19:22:50","guid":{"rendered":"http:\/\/carfree.fr\/?p=20194"},"modified":"2020-08-17T09:15:06","modified_gmt":"2020-08-17T08:15:06","slug":"votez-pour-elise","status":"publish","type":"post","link":"https:\/\/carfree.fr\/index.php\/2013\/05\/22\/votez-pour-elise\/","title":{"rendered":"Votez pour Elise !"},"content":{"rendered":"<p>Elise Vertier est en finale de la miss bio, concours accueillant  de jolis profils impliqu\u00e9s dans l\u2019environnement. Chacune des  participantes est impliqu\u00e9e dans son domaine et celle qui remportera ce  concours se verra attribuer un prix, qu\u2019elle reversera int\u00e9gralement \u00e0  l\u2019association de son choix. Elise a choisi Respire. Votons tous pour  elle afin d\u2019am\u00e9liorer nos chances! <!--more--><\/p>\n<p>Le concours de la miss bio est organis\u00e9 par le magazine F\u00e9minin bio et So\u2019 Bio \u00e9tic. Il suffit de remplir les informations demand\u00e9es, de valider, puis de confirmer votre vote \u00e0 partir du lien que vous aurez re\u00e7u par email. L\u2019id\u00e9al ensuite est, si vous avez un profil Facebook ou Twitter, de partager la page d\u2019Elise afin que d\u2019autres puisse voter.<\/p>\n<p>Respire compte utiliser l\u2019argent re\u00e7u (5000 \u20ac) pour d\u00e9velopper le site d\u2019information www.pollutiondelair.info, afin d\u2019en faire un magazine de r\u00e9f\u00e9rence sur la qualit\u00e9 de l\u2019air. Nous vous remercions donc tous d\u2019avance pour votre implication.<\/p>\n","protected":false},"excerpt":{"rendered":"<p>Elise Vertier est en finale de la miss bio, concours accueillant de jolis profils impliqu\u00e9s dans l\u2019environnement. Chacune des participantes est impliqu\u00e9e dans son domaine et celle qui remportera ce <a class=\"more-link\" href=\"https:\/\/carfree.fr\/index.php\/2013\/05\/22\/votez-pour-elise\/\">Lire la suite&#8230;<\/a><\/p>\n","protected":false},"author":620,"featured_media":37935,"comment_status":"open","ping_status":"closed","sticky":false,"template":"","format":"standard","meta":[],"categories":[1037],"tags":[486,84,850,33],"views":5953,"_links":{"self":[{"href":"https:\/\/carfree.fr\/index.php\/wp-json\/wp\/v2\/posts\/20194"}],"collection":[{"href":"https:\/\/carfree.fr\/index.php\/wp-json\/wp\/v2\/posts"}],"about":[{"href":"https:\/\/carfree.fr\/index.php\/wp-json\/wp\/v2\/types\/post"}],"author":[{"embeddable":true,"href":"https:\/\/carfree.fr\/index.php\/wp-json\/wp\/v2\/users\/620"}],"replies":[{"embeddable":true,"href":"https:\/\/carfree.fr\/index.php\/wp-json\/wp\/v2\/comments?post=20194"}],"version-history":[{"count":0,"href":"https:\/\/carfree.fr\/index.php\/wp-json\/wp\/v2\/posts\/20194\/revisions"}],"wp:featuredmedia":[{"embeddable":true,"href":"https:\/\/carfree.fr\/index.php\/wp-json\/wp\/v2\/media\/37935"}],"wp:attachment":[{"href":"https:\/\/carfree.fr\/index.php\/wp-json\/wp\/v2\/media?parent=20194"}],"wp:term":[{"taxonomy":"category","embeddable":true,"href":"https:\/\/carfree.fr\/index.php\/wp-json\/wp\/v2\/categories?post=20194"},{"taxonomy":"post_tag","embeddable":true,"href":"https:\/\/carfree.fr\/index.php\/wp-json\/wp\/v2\/tags?post=20194"}],"curies":[{"name":"wp","href":"https:\/\/api.w.org\/{rel}","templated":true}]}}