{"id":20415,"date":"2013-07-24T07:29:59","date_gmt":"2013-07-24T06:29:59","guid":{"rendered":"http:\/\/carfree.fr\/?p=20415"},"modified":"2020-04-02T10:03:11","modified_gmt":"2020-04-02T09:03:11","slug":"les-cyclistes-moins-exposes-que-les-automobilistes-a-la-pollution-atmospherique","status":"publish","type":"post","link":"https:\/\/carfree.fr\/index.php\/2013\/07\/24\/les-cyclistes-moins-exposes-que-les-automobilistes-a-la-pollution-atmospherique\/","title":{"rendered":"Les cyclistes moins expos\u00e9s que les automobilistes \u00e0 la pollution atmosph\u00e9rique!"},"content":{"rendered":"<p><img decoding=\"async\" loading=\"lazy\" title=\"velo-air-sante\" src=\"http:\/\/carfree.fr\/images\/velo-air-sante.jpg\" alt=\"\" width=\"420\" height=\"200\" \/><\/p>\n<p>Dans le cadre de la conf\u00e9rence intitul\u00e9e \u00ab\u00a0V\u00e9lo, air et sant\u00e9\u00a0\u00bb qui se d\u00e9roulait le 18 juin \u00e0 Strasbourg, I Bike Strasbourg revient aujourd&rsquo;hui gr\u00e2ce \u00e0 Micha\u00ebl Bertin* qui \u00e9tait pr\u00e9sent, sur une pr\u00e9sentation r\u00e9alis\u00e9e par Cyril Pallar\u00e8s de l&rsquo;ASPA (Association pour la Surveillance et l&rsquo;\u00e9tude de la Pollution Atmosph\u00e9rique en Alsace). <!--more--><\/p>\n<p>Apr\u00e8s avoir rappel\u00e9 quelques g\u00e9n\u00e9ralit\u00e9s (un adulte inhale 15000 litres d&rsquo;air par jour, l&rsquo;exposition \u00e0 la pollution atmosph\u00e9rique d\u00e9pend de la concentration et de la nature du polluant, c&rsquo;est lors des d\u00e9placements que l&rsquo;on est le plus expos\u00e9 \u00e0 la pollution atmosph\u00e9rique&#8230;), l&rsquo;orateur a pr\u00e9sent\u00e9 les r\u00e9sultats d&rsquo;une campagne de mesure effectu\u00e9e dans l&rsquo;agglom\u00e9ration mulhousienne.<\/p>\n<p>Elle avait pour objectif de quantifier les expositions d&rsquo;un automobiliste et d&rsquo;un cycliste lors de d\u00e9placements \u00ab\u00a0types\u00a0\u00bb. La campagne a \u00e9t\u00e9 r\u00e9alis\u00e9 avec un tricycle qui permettait d&#8217;embarquer le mat\u00e9riel de mesure (pr\u00eat\u00e9 par Air Parif qui a r\u00e9alis\u00e9 une \u00e9tude similaire) qui pouvait se \u00ab\u00a0faufiler\u00a0\u00bb comme un v\u00e9lo normal. Cela tend \u00e0 consid\u00e9rer les r\u00e9sultats comme maximisant.<\/p>\n<p><img decoding=\"async\" loading=\"lazy\" title=\"tricycle-pollution\" src=\"http:\/\/carfree.fr\/images\/tricycle-pollution.jpg\" alt=\"\" width=\"420\" height=\"310\" \/><br \/>\n<em>Source : Airparif<\/em><\/p>\n<p>Il ne s&rsquo;agit pas d&rsquo;une comparaison directe sur un m\u00eame trajet mais d&rsquo;une comparaison entre deux trajets urbains pour le cycliste (un nord\/sud et un est\/ouest) et deux trajets pour l&rsquo;automobiliste (un extra-urbain puis urbain et un autre dans le centre de Mulhouse).<\/p>\n<p>Voici les grandes conclusions et principaux enseignements:<\/p>\n<p>&#8211; Le cycliste reste moins expos\u00e9 qu&rsquo;un automobiliste d&rsquo;un facteur 2 \u00e0 3 aux particules et aux oxydes d&rsquo;azote (NOx).<br \/>\n&#8211; En prenant en compte la surventilation li\u00e9e \u00e0 l&rsquo;effort (1,2 \u00e0 2 fois plus d&rsquo;air inhal\u00e9), les r\u00e9sultats restent toujours favorables au cycliste qui reste moins expos\u00e9 ou \u00e0 des niveaux comparables.<br \/>\n&#8211; Quelques m\u00e8tres suffisent pour baisser rapidement l&rsquo;exposition du cycliste : cela tend \u00e0 encourager les am\u00e9nagements cyclables s\u00e9par\u00e9s de la chauss\u00e9e.<br \/>\n&#8211; Les niveaux moyens enregistr\u00e9s sont au del\u00e0 des stations de mesures pr\u00e9sentes sur l&rsquo;agglom\u00e9ration qui sont repr\u00e9sentatives du \u00ab\u00a0fond de pollution urbaine\u00a0\u00bb<br \/>\n&#8211; Les \u00ab\u00a0points noirs\u00a0\u00bb de l&rsquo;exposition des cyclistes sur ces trajets sont les endroits o\u00f9 les voitures red\u00e9marrent : feux, carrefours, embouteillages&#8230;<br \/>\n&#8211; Le cycliste semble bien plus en mesure d&rsquo;optimiser son exposition (notamment en choisissant son trajet) que l&rsquo;automobiliste bien plus d\u00e9pendant des conditions &#8211; Suivre un poids lourd, un bus, une voiture de grosse cylindr\u00e9e ou un excit\u00e9 de l&rsquo;acc\u00e9l\u00e9rateur ascendant S\u00e9bastien Loeb entra\u00eene un pic d&rsquo;exposition que l&rsquo;on soit \u00e0 v\u00e9lo ou en auto.<br \/>\n&#8211; L&rsquo;habitacle d&rsquo;une voiture ne prot\u00e8ge en rien de la pollution. Les niveaux moyens d&rsquo;exposition sont identiques que l&rsquo;on roule fen\u00eatres ferm\u00e9es ou ouvertes.<\/p>\n<p>Pour ceux qui voudraient en savoir plus, les d\u00e9tails de l&rsquo;\u00e9tude de l&rsquo;ASPA sont disponibles ici (<a title=\"http:\/\/www.atmo-alsace.net\/medias\/produits\/Evaluation_exploratoire.pdf\" href=\"http:\/\/www.atmo-alsace.net\/medias\/produits\/Evaluation_exploratoire.pdf\" target=\"_blank\">partie 1<\/a> et <a title=\"http:\/\/www.atmo-alsace.net\/medias\/produits\/Evaluation_exploratoire1.pdf\" href=\"http:\/\/www.atmo-alsace.net\/medias\/produits\/Evaluation_exploratoire1.pdf\" target=\"_blank\">partie 2<\/a>). Les conclusions de cette \u00e9tude sur l&rsquo;agglom\u00e9ration mulhousienne qui corroborent celles de <a title=\"http:\/\/carfree.fr\/index.php\/2009\/11\/02\/quelle-qualite-de-lair-en-voiture-pendant-les-trajets-quotidiens-domicile-travail\/\" href=\"http:\/\/carfree.fr\/index.php\/2009\/11\/02\/quelle-qualite-de-lair-en-voiture-pendant-les-trajets-quotidiens-domicile-travail\/\" target=\"_blank\">l&rsquo;\u00e9tude similaire r\u00e9alis\u00e9e \u00e0 Paris par Airparif en 2008<\/a>, mettent donc clairement en avant le fait, qu&rsquo;en plus de ne pas rejeter de polluants, les cyclistes sont moins expos\u00e9s \u00e0 la pollution atmosph\u00e9rique que les automobilistes.<\/p>\n<p>* Micha\u00ebl Bertin est charg\u00e9 de la qualit\u00e9 de l&rsquo;air et de l&rsquo;adaptation au changement climatique pour l&rsquo;Etat au sein de la DREAL Alsace (Direction r\u00e9gionale de l&rsquo;environnement, de l&rsquo;am\u00e9nagement et du logement) o\u00f9 il travaille \u00e0 la r\u00e9vision du Plan de Protection de l&rsquo;Atmosph\u00e8re de l&rsquo;agglom\u00e9ration de Strasbourg.<\/p>\n","protected":false},"excerpt":{"rendered":"<p>Dans le cadre de la conf\u00e9rence intitul\u00e9e \u00ab\u00a0V\u00e9lo, air et sant\u00e9\u00a0\u00bb qui se d\u00e9roulait le 18 juin \u00e0 Strasbourg, I Bike Strasbourg revient aujourd&rsquo;hui gr\u00e2ce \u00e0 Micha\u00ebl Bertin* qui \u00e9tait <a class=\"more-link\" href=\"https:\/\/carfree.fr\/index.php\/2013\/07\/24\/les-cyclistes-moins-exposes-que-les-automobilistes-a-la-pollution-atmospherique\/\">Lire la suite&#8230;<\/a><\/p>\n","protected":false},"author":840,"featured_media":20416,"comment_status":"open","ping_status":"closed","sticky":false,"template":"","format":"standard","meta":[],"categories":[1037],"tags":[244,685,1192,376,110,428,187,138,426,308,294,425,556,106,33,320,133,220,1664],"views":9260,"_links":{"self":[{"href":"https:\/\/carfree.fr\/index.php\/wp-json\/wp\/v2\/posts\/20415"}],"collection":[{"href":"https:\/\/carfree.fr\/index.php\/wp-json\/wp\/v2\/posts"}],"about":[{"href":"https:\/\/carfree.fr\/index.php\/wp-json\/wp\/v2\/types\/post"}],"author":[{"embeddable":true,"href":"https:\/\/carfree.fr\/index.php\/wp-json\/wp\/v2\/users\/840"}],"replies":[{"embeddable":true,"href":"https:\/\/carfree.fr\/index.php\/wp-json\/wp\/v2\/comments?post=20415"}],"version-history":[{"count":0,"href":"https:\/\/carfree.fr\/index.php\/wp-json\/wp\/v2\/posts\/20415\/revisions"}],"wp:featuredmedia":[{"embeddable":true,"href":"https:\/\/carfree.fr\/index.php\/wp-json\/"}],"wp:attachment":[{"href":"https:\/\/carfree.fr\/index.php\/wp-json\/wp\/v2\/media?parent=20415"}],"wp:term":[{"taxonomy":"category","embeddable":true,"href":"https:\/\/carfree.fr\/index.php\/wp-json\/wp\/v2\/categories?post=20415"},{"taxonomy":"post_tag","embeddable":true,"href":"https:\/\/carfree.fr\/index.php\/wp-json\/wp\/v2\/tags?post=20415"}],"curies":[{"name":"wp","href":"https:\/\/api.w.org\/{rel}","templated":true}]}}