{"id":20538,"date":"2013-09-04T08:38:24","date_gmt":"2013-09-04T07:38:24","guid":{"rendered":"http:\/\/carfree.fr\/?p=20538"},"modified":"2020-04-02T10:02:09","modified_gmt":"2020-04-02T09:02:09","slug":"prescriptions-medicales-de-velo-a-strasbourg-premier-bilan","status":"publish","type":"post","link":"https:\/\/carfree.fr\/index.php\/2013\/09\/04\/prescriptions-medicales-de-velo-a-strasbourg-premier-bilan\/","title":{"rendered":"Prescriptions m\u00e9dicales de v\u00e9lo \u00e0 Strasbourg, premier bilan"},"content":{"rendered":"<p><img decoding=\"async\" loading=\"lazy\" title=\"Alexandre-Feltz\" src=\"http:\/\/carfree.fr\/images\/Alexandre-Feltz.jpg\" alt=\"\" width=\"420\" height=\"200\" \/><\/p>\n<p>I Bike Strasbourg vous propose aujourd\u2019hui de d\u00e9couvrir le premier bilan  de l\u2019op\u00e9ration \u00abSport-sant\u00e9 sur ordonnance\u00bb gr\u00e2ce \u00e0 une interview de M. Alexandre  Feltz, Vice Pr\u00e9sident de la Communaut\u00e9 urbaine de Strasbourg (CUS) en  charge de la sant\u00e9. En sa compagnie, nous reviendrons sur cette exp\u00e9rimentation  novatrice et unique en son genre, sur le r\u00f4le du v\u00e9lo dans cette op\u00e9ration ainsi que  sur ses premiers r\u00e9sultats.  <!--more--><\/p>\n<p>I Bike Strasbourg : <em>Pouvez-vous vous pr\u00e9senter\u00a0?<\/em><\/p>\n<p>Alexandre Feltz: <em>Je suis m\u00e9decin g\u00e9n\u00e9raliste install\u00e9 dans le quartier de la gare \u00e0 Strasbourg depuis pr\u00e8s de 20 ans. Je suis tr\u00e8s engag\u00e9 dans des associations de pr\u00e9vention du sida ou de la toxicomanie. J&rsquo;ai \u00e9galement beaucoup travaill\u00e9 sur l&rsquo;acc\u00e8s au soin et la pr\u00e9carit\u00e9. <\/em> <em><br \/>\n<\/em> <em>Je me suis engag\u00e9 en politique en 2008 quand Roland Ries, alors t\u00eate de liste socialiste aux \u00e9lections municipales de Strasbourg, a ouvert un tiers de sa liste \u00e0 la soci\u00e9t\u00e9 civile. Je repr\u00e9sente la soci\u00e9t\u00e9 civile, je ne suis pas adh\u00e9rant \u00e0 un parti politique. Je suis aujourd&rsquo;hui vice pr\u00e9sident de la Communaut\u00e9 Urbaine de Strasbourg en charge de la sant\u00e9. Ce mandat me permet de poursuivre diff\u00e9remment mon engagement pour l&rsquo;acc\u00e8s au soin et \u00e0 la sant\u00e9 publique.<\/em><\/p>\n<p>IBS : <em>Pouvez-vous nous expliquer les raisons du lancement de prescriptions m\u00e9dicales d\u2019activit\u00e9s physiques?<\/em><\/p>\n<p>AF: <em>L&rsquo;op\u00e9ration \u00ab\u00a0Sport-sant\u00e9 sur ordonnance \u00e0 Strasbourg\u00a0\u00bb a \u00e9t\u00e9 lanc\u00e9e en d\u00e9cembre 2012 pour une dur\u00e9e exp\u00e9rimentale d&rsquo;un an. Elle est issue de 2 constats. Le premier est que de nombreuses \u00e9tudes ont d\u00e9montr\u00e9 que l&rsquo;activit\u00e9 physique est le meilleur m\u00e9dicament pour de nombreuses pathologies. On recommande 30 minutes d&rsquo;activit\u00e9 physique par jour qui peuvent \u00eatre d\u00e9coup\u00e9es en 3 s\u00e9ances de 10 minutes. <\/em> <em><br \/>\n<\/em> <em>Le second est que sur la ville de Strasbourg, comme dans beaucoup d&rsquo;autres villes, 75% de la population n&rsquo;effectue pas ce temps d&rsquo;exercice minimum. L&rsquo;id\u00e9e est de permettre aux gens qui sont s\u00e9dentaires et malades de pratiquer une activit\u00e9 physique adapt\u00e9e \u00e0 leur pathologie.<\/em><\/p>\n<p><strong>120 m\u00e9decins participent \u00e0 l&rsquo;op\u00e9ration \u00abSport-sant\u00e9 sur ordonnance\u00bb.<\/strong><\/p>\n<p>IBS : <em>Comment cette op\u00e9ration s&rsquo;est mise en place et quels sont vos partenaires\u00a0?<\/em><\/p>\n<p>AF: <em>Il y a plus de 120 m\u00e9decins g\u00e9n\u00e9ralistes qui participent \u00e0 l&rsquo;op\u00e9ration sur la ville de Strasbourg. Ils orientent les patients pouvant \u00eatre soign\u00e9s par une activit\u00e9 physique vers un \u00e9ducateur sportif. Celui-ci les re\u00e7oit individuellement et d\u00e9finit avec eux une pratique (pr\u00eat d&rsquo;un V\u00e9lhop, marche nordique, gymnastique, aviron, natation, taichi, yoga&#8230;) qui sera encadr\u00e9e si n\u00e9cessaire par une association ou un club. <\/em> <em><br \/>\n<\/em> <em>Ce dispositif est gratuit gr\u00e2ce \u00e0 l&rsquo;engagement financier de tous les partenaires du contrat local de sant\u00e9 (Agence r\u00e9gionale de Sant\u00e9, Etat, CPAM du Bas-Rhin, H\u00f4pitaux universitaires de Strasbourg, Conseil G\u00e9n\u00e9ral&#8230;. ). <\/em><\/p>\n<p>IBS: <em>Comment vos confr\u00e8res m\u00e9decins ont-ils r\u00e9agi \u00e0 cette annonce\u00a0?<\/em><\/p>\n<p>AF: <em>Les m\u00e9decins ont tr\u00e8s bien r\u00e9agi puisque cette op\u00e9ration r\u00e9pond \u00e0 un r\u00e9el besoin sanitaire et social. Pour eux, ce dispositif permet d&rsquo;aller plus loin que de rappeler uniquement certaines r\u00e8gles hygi\u00e9no-di\u00e9t\u00e9tiques (manger sainement, ne pas fumer, faire un minimum d&rsquo;exercice&#8230;). Il permet une mise en place et un suivi du respect de ces r\u00e8gles. C&rsquo;est donc une avanc\u00e9e importante pour les m\u00e9decins et pour les patients. <\/em><\/p>\n<p><strong>Le v\u00e9lo est un vrai m\u00e9dicament.<\/strong><\/p>\n<p>IBS: <em>Pourquoi le v\u00e9lo est-il prescrit pour certaines pathologies\u00a0?<\/em><\/p>\n<p>AF: <em>L&rsquo;utilisation normale et r\u00e9guli\u00e8re du v\u00e9lo est recommand\u00e9e pour de nombreuses pathologies telles que l&rsquo;ob\u00e9sit\u00e9, les maladies cardio-vasculaires, ou encore le diab\u00e8te car cette activit\u00e9 permet d&rsquo;augmenter le rythme cardiaque de fa\u00e7on progressive et r\u00e9guli\u00e8re. Il faut que le cycliste puisse parler tranquillement \u00e0 la limite de l&rsquo;essoufflement et de la transpiration pendant qu&rsquo;il p\u00e9dale. <\/em> <em><br \/>\n<\/em> <em>Le v\u00e9lo est \u00e9galement recommand\u00e9 aux gens qui souffrent de petits probl\u00e8mes articulaires parce que marcher peut entrainer une surcharge sur les articulations. Le v\u00e9lo est un vrai m\u00e9dicament ! <\/em><\/p>\n<p>IBS : <em>Comment les patients r\u00e9agissent-ils quand vous leur prescrivez de p\u00e9daler plut\u00f4t que de prendre des m\u00e9dicaments\u00a0?<\/em><\/p>\n<p>AF: <em>Au d\u00e9but, ils sont tr\u00e8s surpris et n&rsquo;y croient pas! Cela leur semble tellement miraculeux et simple. Ensuite, ils adh\u00e8rent assez facilement \u00e0 la d\u00e9marche. Cette op\u00e9ration change la vie des gens. Les patients vont mieux, bougent, perdent du poids, sont en meilleure forme. Gr\u00e2ce au v\u00e9lo, ils \u00e9conomisent de l&rsquo;argent car ils peuvent d\u00e9sormais s&rsquo;affranchir d&rsquo;une voiture. Ils gagnent \u00e9galement du temps car \u00e0 Strasbourg ce mode de d\u00e9placement est le plus pratique sur des distances inf\u00e9rieures \u00e0 5 km. <\/em><\/p>\n<table style=\"height: 482px;\" cellspacing=\"0\" cellpadding=\"0\" width=\"477\" align=\"center\">\n<tbody>\n<tr>\n<td><\/td>\n<\/tr>\n<tr>\n<td><img decoding=\"async\" loading=\"lazy\" title=\"Alexandre-Feltz-velo\" src=\"http:\/\/carfree.fr\/images\/Alexandre-Feltz-velo.jpg\" alt=\"\" width=\"300\" height=\"451\" \/><\/p>\n<p>Alexandre Feltz se d\u00e9place quotidiennement avec son Velhop<\/td>\n<\/tr>\n<\/tbody>\n<\/table>\n<p>IBS : <em>Quels obstacles <\/em><em> <\/em><em>\u00e0 la pratique du v\u00e9lo <\/em>rencontrez-vous ?<\/p>\n<p>AF: <em>On s&rsquo;est rendu compte qu&rsquo;une grande majorit\u00e9 des gens qui ont des revenus faibles et qui appartiennent aux cat\u00e9gories socio-professionnelles d\u00e9favoris\u00e9es ne savent pas faire de v\u00e9lo. Dans les prescriptions qu&rsquo;on a r\u00e9alis\u00e9es, pr\u00e8s de 80 % des gens ne savaient pas faire de v\u00e9lo. Ils n&rsquo;ont jamais su parce qu&rsquo;ils viennent de pays o\u00f9 le v\u00e9lo n&rsquo;est pas consid\u00e9r\u00e9 comme un mode de d\u00e9placement. Certains ont \u00e9galement une image n\u00e9gative du v\u00e9lo ou ne veulent plus en faire suite \u00e0 un accident ou \u00e0 une mauvaise exp\u00e9rience. Pour diminuer ces obstacles, nous avons d\u00e9velopp\u00e9 le concept d&rsquo;\u00a0\u00ab\u00e9cole sport sant\u00e9\u00bb pour des adultes malades afin de leur apprendre \u00e0 faire ou refaire du v\u00e9lo et de la natation.<\/em><\/p>\n<p><strong>Demain nous irons vers un monde avec moins de m\u00e9dicaments et une meilleure sant\u00e9.<\/strong><\/p>\n<p>IBS : <em>Pouvez-vous nous dresser un premier bilan de cette op\u00e9ration\u00a0?<\/em><\/p>\n<p>AF: <em>L&rsquo;op\u00e9ration \u00abSport Sant\u00e9 sur ordonnance \u00e0 Strasbourg\u00bb\u00a0 a eu une couverture m\u00e9diatique nationale et internationale extraordinaire (Ndlr: tapez \u00absport sur ordonnance \u00e0 Strasbourg\u00bb sur votre moteur de recherche pr\u00e9f\u00e9r\u00e9, vous verrez le nombre impressionnant d&rsquo;articles sur le sujet). Avec 120 m\u00e9decins participants, 300 ordonnances r\u00e9alis\u00e9es et 250 patients qui b\u00e9n\u00e9ficient du programme, l&rsquo;op\u00e9ration est un franc succ\u00e8s. Val\u00e9rie Fourneyron, Ministre des sports est \u00e9galement venue \u00e0 Strasbourg mettre en valeur le dispositif.<\/em> <em><br \/>\n<\/em> <em>Une \u00e9valuation de l&rsquo;\u00e9tat de sant\u00e9 des patients est en cours. Deux internes des h\u00f4pitaux de Strasbourg travaillent sur les impacts de cette op\u00e9ration. Enfin, les patients red\u00e9couvrent le lien social, la confiance en soi et la sensation de mieux \u00eatre. Nous voulions d\u00e9montrer que nous pouvions inciter des malades s\u00e9dentaires \u00e0 pratiquer une activit\u00e9 physique. Demain nous irons vers un monde avec moins de m\u00e9dicaments et une meilleure sant\u00e9.<\/em><\/p>\n<p>IBS : Q<em>uelles suites souhaitez-vous donner \u00e0 cette initiative\u00a0?<\/em><\/p>\n<p>AF: <em>Cela ne d\u00e9pend pas de moi, mais du Maire de Strasbourg, Roland Ries et de nos diff\u00e9rents partenaires. Nous r\u00e9fl\u00e9chissons actuellement \u00e0 un prolongement de l&rsquo;op\u00e9ration, \u00e0 une couverture g\u00e9ographique plus large que la ville de Strasbourg ainsi qu&rsquo;\u00e0 l\u2019extension \u00e0 d&rsquo;autres pathologies. <\/em><\/p>\n<p>I Bike Strasbourg remercie chaleureusement M.Alexandre Fletz d&rsquo;avoir r\u00e9pondu \u00e0 ces questions et esp\u00e8re voir cette mesure simple et efficace p\u00e9rennis\u00e9e et \u00e9tendue en 2014.<\/p>\n","protected":false},"excerpt":{"rendered":"<p>I Bike Strasbourg vous propose aujourd\u2019hui de d\u00e9couvrir le premier bilan de l\u2019op\u00e9ration \u00abSport-sant\u00e9 sur ordonnance\u00bb gr\u00e2ce \u00e0 une interview de M. Alexandre Feltz, Vice Pr\u00e9sident de la Communaut\u00e9 urbaine <a class=\"more-link\" href=\"https:\/\/carfree.fr\/index.php\/2013\/09\/04\/prescriptions-medicales-de-velo-a-strasbourg-premier-bilan\/\">Lire la suite&#8230;<\/a><\/p>\n","protected":false},"author":840,"featured_media":20539,"comment_status":"open","ping_status":"closed","sticky":false,"template":"","format":"standard","meta":[],"categories":[4,7],"tags":[646,315,804,320,788,133,1664],"views":7886,"_links":{"self":[{"href":"https:\/\/carfree.fr\/index.php\/wp-json\/wp\/v2\/posts\/20538"}],"collection":[{"href":"https:\/\/carfree.fr\/index.php\/wp-json\/wp\/v2\/posts"}],"about":[{"href":"https:\/\/carfree.fr\/index.php\/wp-json\/wp\/v2\/types\/post"}],"author":[{"embeddable":true,"href":"https:\/\/carfree.fr\/index.php\/wp-json\/wp\/v2\/users\/840"}],"replies":[{"embeddable":true,"href":"https:\/\/carfree.fr\/index.php\/wp-json\/wp\/v2\/comments?post=20538"}],"version-history":[{"count":0,"href":"https:\/\/carfree.fr\/index.php\/wp-json\/wp\/v2\/posts\/20538\/revisions"}],"wp:featuredmedia":[{"embeddable":true,"href":"https:\/\/carfree.fr\/index.php\/wp-json\/"}],"wp:attachment":[{"href":"https:\/\/carfree.fr\/index.php\/wp-json\/wp\/v2\/media?parent=20538"}],"wp:term":[{"taxonomy":"category","embeddable":true,"href":"https:\/\/carfree.fr\/index.php\/wp-json\/wp\/v2\/categories?post=20538"},{"taxonomy":"post_tag","embeddable":true,"href":"https:\/\/carfree.fr\/index.php\/wp-json\/wp\/v2\/tags?post=20538"}],"curies":[{"name":"wp","href":"https:\/\/api.w.org\/{rel}","templated":true}]}}