{"id":20567,"date":"2013-09-10T06:55:35","date_gmt":"2013-09-10T05:55:35","guid":{"rendered":"http:\/\/carfree.fr\/?p=20567"},"modified":"2020-04-02T10:00:32","modified_gmt":"2020-04-02T09:00:32","slug":"velorution-contre-le-4eme-rallye-de-france-alsace","status":"publish","type":"post","link":"https:\/\/carfree.fr\/index.php\/2013\/09\/10\/velorution-contre-le-4eme-rallye-de-france-alsace\/","title":{"rendered":"V\u00e9lorution contre le 4\u00e8me rallye de France-Alsace"},"content":{"rendered":"<p><img decoding=\"async\" loading=\"lazy\" title=\"velorution-ras-le-rallye-image\" src=\"http:\/\/carfree.fr\/images\/velorution-ras-le-rallye-image.jpg\" alt=\"\" width=\"420\" height=\"200\" \/><\/p>\n<p>Le collectif <a title=\"https:\/\/www.facebook.com\/events\/1397287457153050\/\" href=\"https:\/\/www.facebook.com\/events\/1397287457153050\/\" target=\"_blank\">Ras le Rallye<\/a> organise le samedi 21 septembre \u00e0 partir de 14h au Wacken une V\u00e9lorution pour manifester contre l\u2019organisation du 4\u00e8me rallye automobile de France en Alsace et la participation \u00e0 hauteur de 3 millions d\u2019euros des diff\u00e9rentes collectivit\u00e9s locales alsaciennes* pour cette \u00e9dition (soit un total de pr\u00e8s de 12 millions depuis la premi\u00e8re \u00e9dition en 2010). <!--more--><\/p>\n<p>I Bike Strasbourg ne rentrera pas dans le d\u00e9bat sur la tenue et le financement du rallye d\u2019Alsace. Le tr\u00e8s dangereux gang des Eco Warriors Anonymes (EWA) pr\u00e9sente tr\u00e8s bien ma pens\u00e9e dans cette <a title=\"http:\/\/www.youtube.com\/watch?v=ErEfqvD0bFY&amp;feature=youtu.be\" href=\"http:\/\/www.youtube.com\/watch?v=ErEfqvD0bFY&amp;feature=youtu.be\" target=\"_blank\">vid\u00e9o<\/a> tir\u00e9e du film <a title=\"http:\/\/carfree.fr\/index.php\/2013\/01\/22\/velotopia\/\" href=\"http:\/\/carfree.fr\/index.php\/2013\/01\/22\/velotopia\/\" target=\"_blank\">V\u00e9lotopia<\/a> r\u00e9alis\u00e9 par Erik Fretel.<\/p>\n<p>Plut\u00f4t que la contestation, I Bike Strasbourg pr\u00e9f\u00e8re \u00eatre force de proposition pour le d\u00e9veloppement du v\u00e9lo \u00e0 Strasbourg, ville qui se vante d\u2019\u00eatre de loin la premi\u00e8re en France pour l\u2019utilisation du v\u00e9lo. Aussi, I Bike Strasbourg demande \u00e0 la Communaut\u00e9 urbaine de Strasbourg, l\u2019organisation d\u2019un \u00e9v\u00e9nement v\u00e9lo annuel \u00e0 Strasbourg (voire hebdomadaire comme c\u2019est le cas de la fameuse Ciclovia de Bogota) b\u00e9n\u00e9ficiant d&rsquo;une subvention \u00e9quivalente \u00e0 celle accord\u00e9e au rallye, soit 300 000 euros, et des m\u00eames avantages en aides directes (organisation et s\u00e9curisation).<\/p>\n<p>Le premier Slow Up d\u2019Alsace organis\u00e9 le 2 juin 2013 par les agences de d\u00e9veloppement touristique du Bas-Rhin et de Haute Alsace est un exemple \u00e0 suivre puisque pr\u00e8s de 15 000 personnes non motoris\u00e9es (pi\u00e9tons, cyclistes, rollers&#8230;) y ont particip\u00e9 g\u00e9n\u00e9rant des retomb\u00e9es \u00e9conomiques non n\u00e9gligeables pour les commerces, services et villages du secteur\u2026<\/p>\n<p>A bon entendeur\u2026<\/p>\n<p>Site Facebook de l&rsquo;\u00e9v\u00e8nement: <a title=\"bit.ly\/ras-le-rallye\" href=\"http:\/\/bit.ly\/ras-le-rallye\" target=\"_blank\">bit.ly\/ras-le-rallye<\/a><\/p>\n<p>* R\u00e9gion Alsace, D\u00e9partements du Bas-Rhin et du Haut-Rhin, Mulhouse m\u00e9tropole Alsace, Communaut\u00e9 urbaine de Strasbourg\u2026<\/p>\n<p><img decoding=\"async\" loading=\"lazy\" title=\"velorution-ras-le-rallye\" src=\"http:\/\/carfree.fr\/images\/velorution-ras-le-rallye.jpg\" alt=\"\" width=\"420\" height=\"596\" \/><\/p>\n","protected":false},"excerpt":{"rendered":"<p>Le collectif Ras le Rallye organise le samedi 21 septembre \u00e0 partir de 14h au Wacken une V\u00e9lorution pour manifester contre l\u2019organisation du 4\u00e8me rallye automobile de France en Alsace <a class=\"more-link\" href=\"https:\/\/carfree.fr\/index.php\/2013\/09\/10\/velorution-contre-le-4eme-rallye-de-france-alsace\/\">Lire la suite&#8230;<\/a><\/p>\n","protected":false},"author":840,"featured_media":20569,"comment_status":"open","ping_status":"closed","sticky":false,"template":"","format":"standard","meta":[],"categories":[4,73,7],"tags":[181,1192,646,16,645,464,133,1664,113],"views":6696,"_links":{"self":[{"href":"https:\/\/carfree.fr\/index.php\/wp-json\/wp\/v2\/posts\/20567"}],"collection":[{"href":"https:\/\/carfree.fr\/index.php\/wp-json\/wp\/v2\/posts"}],"about":[{"href":"https:\/\/carfree.fr\/index.php\/wp-json\/wp\/v2\/types\/post"}],"author":[{"embeddable":true,"href":"https:\/\/carfree.fr\/index.php\/wp-json\/wp\/v2\/users\/840"}],"replies":[{"embeddable":true,"href":"https:\/\/carfree.fr\/index.php\/wp-json\/wp\/v2\/comments?post=20567"}],"version-history":[{"count":0,"href":"https:\/\/carfree.fr\/index.php\/wp-json\/wp\/v2\/posts\/20567\/revisions"}],"wp:featuredmedia":[{"embeddable":true,"href":"https:\/\/carfree.fr\/index.php\/wp-json\/"}],"wp:attachment":[{"href":"https:\/\/carfree.fr\/index.php\/wp-json\/wp\/v2\/media?parent=20567"}],"wp:term":[{"taxonomy":"category","embeddable":true,"href":"https:\/\/carfree.fr\/index.php\/wp-json\/wp\/v2\/categories?post=20567"},{"taxonomy":"post_tag","embeddable":true,"href":"https:\/\/carfree.fr\/index.php\/wp-json\/wp\/v2\/tags?post=20567"}],"curies":[{"name":"wp","href":"https:\/\/api.w.org\/{rel}","templated":true}]}}