{"id":20635,"date":"2013-09-21T08:21:57","date_gmt":"2013-09-21T07:21:57","guid":{"rendered":"http:\/\/carfree.fr\/?p=20635"},"modified":"2017-01-28T07:35:18","modified_gmt":"2017-01-28T06:35:18","slug":"journee-mondiale-sans-voitures-3","status":"publish","type":"post","link":"https:\/\/carfree.fr\/index.php\/2013\/09\/21\/journee-mondiale-sans-voitures-3\/","title":{"rendered":"Journ\u00e9e mondiale sans voitures 2013"},"content":{"rendered":"<p>Le <strong>22 septembre 2013<\/strong>, respirez un bol d\u2019air frais  lors de la journ\u00e9e mondiale sans voitures. Chaque ann\u00e9e, des personnes  se r\u00e9unissent aux quatre coins de la Terre dans le but de rappeler au  monde entier que nous ne sommes pas oblig\u00e9s d\u2019accepter une soci\u00e9t\u00e9  domin\u00e9e par l\u2019automobile. <!--more--><\/p>\n<p>Faisons de la Journ\u00e9e mondiale sans voitures une vitrine de ce \u00e0 quoi  nos villes devraient ressembler sans voitures\u2026 365 jours par an.<\/p>\n<p>Alors que notre climat se r\u00e9chauffe, la Journ\u00e9e mondiale sans voiture  est l\u2019occasion id\u00e9ale de lib\u00e9rer la plan\u00e8te de cette surchauffe et de  demander \u00e0 nos urbanistes et \u00e0 nos politiciens de rendre prioritaires le  v\u00e9lo, la marche et les transports publics plut\u00f4t que l\u2019automobile.<\/p>\n<p><a title=\"journee-sans-voitures-2013.pdf\" href=\"http:\/\/carfree.fr\/documents\/journee-sans-voitures-2013.pdf\" target=\"_blank\">T\u00e9l\u00e9charger l\u2019affiche au format pdf (141 Ko)<\/a><br \/>\n<a title=\"journee-sans-voitures-2013.jpg\" href=\"http:\/\/carfree.fr\/documents\/journee-sans-voitures-2013.jpg\" target=\"_blank\">T\u00e9l\u00e9charger l\u2019affiche au format jpg (179 Ko)<\/a><\/p>\n<p><a title=\"http:\/\/journeesansvoitures.files.wordpress.com\/\" href=\"http:\/\/journeesansvoitures.files.wordpress.com\/\" target=\"_blank\">http:\/\/journeesansvoitures.files.wordpress.com\/<\/a><\/p>\n","protected":false},"excerpt":{"rendered":"<p>Le 22 septembre 2013, respirez un bol d\u2019air frais lors de la journ\u00e9e mondiale sans voitures. Chaque ann\u00e9e, des personnes se r\u00e9unissent aux quatre coins de la Terre dans le <a class=\"more-link\" href=\"https:\/\/carfree.fr\/index.php\/2013\/09\/21\/journee-mondiale-sans-voitures-3\/\">Lire la suite&#8230;<\/a><\/p>\n","protected":false},"author":1390,"featured_media":38424,"comment_status":"open","ping_status":"closed","sticky":false,"template":"","format":"standard","meta":[],"categories":[4,73,9,72,24,8,7,70],"tags":[1709,1494,181,171,15,202,210,105,809],"views":9159,"_links":{"self":[{"href":"https:\/\/carfree.fr\/index.php\/wp-json\/wp\/v2\/posts\/20635"}],"collection":[{"href":"https:\/\/carfree.fr\/index.php\/wp-json\/wp\/v2\/posts"}],"about":[{"href":"https:\/\/carfree.fr\/index.php\/wp-json\/wp\/v2\/types\/post"}],"author":[{"embeddable":true,"href":"https:\/\/carfree.fr\/index.php\/wp-json\/wp\/v2\/users\/1390"}],"replies":[{"embeddable":true,"href":"https:\/\/carfree.fr\/index.php\/wp-json\/wp\/v2\/comments?post=20635"}],"version-history":[{"count":0,"href":"https:\/\/carfree.fr\/index.php\/wp-json\/wp\/v2\/posts\/20635\/revisions"}],"wp:featuredmedia":[{"embeddable":true,"href":"https:\/\/carfree.fr\/index.php\/wp-json\/wp\/v2\/media\/38424"}],"wp:attachment":[{"href":"https:\/\/carfree.fr\/index.php\/wp-json\/wp\/v2\/media?parent=20635"}],"wp:term":[{"taxonomy":"category","embeddable":true,"href":"https:\/\/carfree.fr\/index.php\/wp-json\/wp\/v2\/categories?post=20635"},{"taxonomy":"post_tag","embeddable":true,"href":"https:\/\/carfree.fr\/index.php\/wp-json\/wp\/v2\/tags?post=20635"}],"curies":[{"name":"wp","href":"https:\/\/api.w.org\/{rel}","templated":true}]}}