{"id":20825,"date":"2013-10-17T07:06:28","date_gmt":"2013-10-17T06:06:28","guid":{"rendered":"http:\/\/carfree.fr\/?p=20825"},"modified":"2021-09-21T10:24:05","modified_gmt":"2021-09-21T09:24:05","slug":"la-famille-quandt","status":"publish","type":"post","link":"https:\/\/carfree.fr\/index.php\/2013\/10\/17\/la-famille-quandt\/","title":{"rendered":"La famille Quandt"},"content":{"rendered":"<p><img decoding=\"async\" loading=\"lazy\" title=\"famille-quandt\" src=\"http:\/\/carfree.fr\/images\/famille-quandt.jpg\" alt=\"\" width=\"420\" height=\"200\" \/><\/p>\n<p>C&rsquo;est une bien belle histoire de famille que celle de la famille Quandt, principal actionnaire du groupe automobile allemand BMW. Apr\u00e8s avoir profit\u00e9 largement du syst\u00e8me nazi durant le Troisi\u00e8me Reich, la famille Quandt fait aujourd&rsquo;hui du lobbying actif pour faire baisser les objectifs europ\u00e9ens de r\u00e9duction des \u00e9missions de CO2 dans le secteur de l&rsquo;automobile. <!--more--><\/p>\n<p>Le lobbying peut aujourd&rsquo;hui \u00eatre consid\u00e9r\u00e9 comme consubstantiel du capitalisme. Mais l\u00e0, la pilule est un peu grosse \u00e0 avaler. Johanna Quandt et ses deux enfants, Stefan Quandt et Susanne Klatten (photo), qui, \u00e0 eux trois, d\u00e9tiennent 46,7 % du capital du constructeur automobile BMW, ont, mercredi 9 octobre, donn\u00e9 chacun 230.000 euros \u00e0 l&rsquo;Union chr\u00e9tienne-d\u00e9mocrate (CDU) d&rsquo;Angela Merkel, soit au total 690.000 euros (1).<\/p>\n<p>On connaissait les dons aux partis politiques pendant les campagnes \u00e9lectorales, mais l\u00e0, les \u00e9lections sont termin\u00e9es depuis un mois maintenant! Et cinq jours apr\u00e8s ce don de la famille Quandt, Peter Altmaier, ministre allemand de l&rsquo;environnement, parvient miraculeusement \u00e0 convaincre ses coll\u00e8gues europ\u00e9ens de reporter un vote sur la r\u00e9duction des rejets de CO2 des voitures \u00e0 95 grammes par kilom\u00e8tre en 2020. Cette mesure est farouchement combattue par les constructeurs automobiles allemands, sp\u00e9cialistes des grosses berlines polluantes, qui veulent repousser au maximum les contraintes de r\u00e9duction des \u00e9missions de CO2.<\/p>\n<p>\u00c9videmment, il ne faut y voir aucun rapport. D&rsquo;ailleurs, d\u00e8s juillet dernier, la chanceli\u00e8re allemande Angela Merkel s&rsquo;\u00e9tait explicitement oppos\u00e9e au projet europ\u00e9en de r\u00e9duction des rejets de CO2 par les nouvelles voitures \u00e0 95 g\/km \u00e0 partir de 2020. (2) Par ailleurs, on apprend en fait que ce don \u00e9tait pr\u00e9vu depuis le d\u00e9but de l&rsquo;ann\u00e9e, mais cela n&rsquo;a sans doute eu aucune influence sur les positions de la chanceli\u00e8re allemande durant l&rsquo;\u00e9t\u00e9. (3)<\/p>\n<p>Selon le porte-parole de la famille Quandt, ce don est une forme de reconnaissance \u00ab\u00a0pour la politique tr\u00e8s r\u00e9ussie de la chanceli\u00e8re pour surmonter la crise de l&rsquo;euro\u00a0\u00bb. Du c\u00f4t\u00e9 de la CDU, on pr\u00e9cise \u00ab\u00a0que les Quandt les soutiennent depuis de nombreuses ann\u00e9es\u00a0\u00bb.<\/p>\n<p>Le quotidien allemand des affaires, le <em>Handelsblatt<\/em>, a fait sa \u00ab\u00a0une\u00a0\u00bb sur \u00ab\u00a0l&rsquo;auto-chanceli\u00e8re\u00a0\u00bb, notant qu'\u00a0\u00bbaucune autre branche (\u00e9conomique) n&rsquo;a un tel acc\u00e8s au pouvoir\u00a0\u00bb. De son c\u00f4t\u00e9, l&rsquo;ONG Transparency International (qui lutte contre la corruption des gouvernements), tr\u00e8s influente en Allemagne, est plus radicale. Sa pr\u00e9sidente, Edda M\u00fcller, a reproch\u00e9 \u00e0 la CDU d&rsquo;\u00eatre \u00ab\u00a0un homme de paille de l&rsquo;industrie automobile\u00a0\u00bb.<\/p>\n<p>Ceci dit, il appara\u00eet assez clairement que tous les partis politiques allemands touchent de l&rsquo;argent de BMW. Ainsi le SPD (parti social-d\u00e9mocrate) aurait touch\u00e9 en d\u00e9but d&rsquo;ann\u00e9e 107.376 euros (sous forme de voitures!) et le Parti lib\u00e9ral aurait re\u00e7u quant \u00e0 lui 69.081 euros. (3)<\/p>\n<p>C&rsquo;est bien l\u00e0 le probl\u00e8me. A vrai dire, ce don de 690.000 euros \u00e0 la CDU tombe sans doute tr\u00e8s mal du point de vue <em>timing<\/em>, mais cela reste une peccadille pour la famille Quandt, un don parmi d&rsquo;innombrables autres dons \u00e9tal\u00e9s sur des d\u00e9cennies.<\/p>\n<p>Et que repr\u00e9sentent au bout du compte 690.000 euros? A peine le prix de 6 ou 7 voitures BMW, soit pas grand chose pour une famille dont les membres occupent la cinqui\u00e8me (Susanne), neuvi\u00e8me (Stefan) et dixi\u00e8me (Johanna) place dans le classement des fortunes allemandes (26 milliards d&rsquo;euros en 2007).<\/p>\n<p>En fait, c&rsquo;est moins ce don-l\u00e0 qui pose sp\u00e9cifiquement probl\u00e8me que ce qu&rsquo;il r\u00e9v\u00e8le des accointances entre la famille Quandt et le pouvoir politique allemand depuis plusieurs d\u00e9cennies.<\/p>\n<p>Tout commence avec <a title=\"http:\/\/fr.wikipedia.org\/wiki\/G\u00fcnther_Quandt\" href=\"http:\/\/fr.wikipedia.org\/wiki\/G\u00fcnther_Quandt\" target=\"_blank\">G\u00fcnther Quandt<\/a>, fils d&rsquo;un fabricant de drap, qui se lance dans l&rsquo;industrie durant la premi\u00e8re guerre mondiale. Tr\u00e8s vite, son entreprise devient le principal fournisseur de l&rsquo;arm\u00e9e allemande (textile, mati\u00e8res premi\u00e8res, armement).<\/p>\n<p>G\u00fcnther Quandt a une premi\u00e8re femme, Antonie Ewald, avec laquelle il a deux enfants, Hellmut et Herbert.<\/p>\n<p>Le 4 janvier 1921, G\u00fcnther Quandt, \u00e2g\u00e9 de 40 ans, se marie en secondes noces avec <a title=\"http:\/\/fr.wikipedia.org\/wiki\/Magda_Goebbels\" href=\"http:\/\/fr.wikipedia.org\/wiki\/Magda_Goebbels\" target=\"_blank\">Magda Ritschel<\/a> (1901-1945) qui n&rsquo;a alors que 19 ans. Un enfant va na\u00eetre de cette union, <a title=\"http:\/\/fr.wikipedia.org\/wiki\/Harald_Quandt\" href=\"http:\/\/fr.wikipedia.org\/wiki\/Harald_Quandt\" target=\"_blank\">Harald<\/a>. Or, G\u00fcnther et Magda divorcent en 1929. Et Magda \u00e9pouse ensuite en 1931 un certain <a title=\"http:\/\/fr.wikipedia.org\/wiki\/Joseph_Goebbels\" href=\"http:\/\/fr.wikipedia.org\/wiki\/Joseph_Goebbels\" target=\"_blank\">Joseph Goebbels<\/a>, qui deviendra par la suite le ministre de la propagande du Troisi\u00e8me Reich.<\/p>\n<p>Durant le Troisi\u00e8me Reich et en particulier durant la seconde guerre mondiale, la famille Quandt s&rsquo;enrichit consid\u00e9rablement. En premier lieu, en profitant de l&rsquo;aryanisation des biens juifs, de nombreuses entreprises juives \u00e9tant c\u00e9d\u00e9es \u00e0 vil prix \u00e0 des industriels allemands, dont G\u00fcnther Quandt. Ainsi, le cas de l\u2019industriel luxembourgeois L\u00e9on Laval qui dut c\u00e9der, sous les pressions r\u00e9p\u00e9t\u00e9es de la Gestapo, son entreprise \u00e0 l\u2019empire Quandt n\u2019est qu\u2019un exemple parmi d\u2019autres. (4)<\/p>\n<p>Ensuite, G\u00fcnther Quandt profite \u00e9galement des commandes de l&rsquo;arm\u00e9e allemande qui devient son premier fournisseur. Mais surtout, les Quandt participent activement \u00e0 l&rsquo;exploitation des travailleurs forc\u00e9s. D\u00e9pourvu de scrupules, le groupe Quandt a employ\u00e9 jusqu\u2019\u00e0 57.000 travailleurs forc\u00e9s, souvent dans des conditions inhumaines.<\/p>\n<p>En novembre 2007, la <em>Norddeutsche Rundfunk<\/em> a pr\u00e9sent\u00e9 le film <em>Das Schweigen der Quandts<\/em> (Le Silence des Quandt). Le film montre des centaines de prisonniers devenus incapables de travailler apr\u00e8s avoir servi dans l&rsquo;usine d&rsquo;accumulateurs des Quandt \u00e0 Hanovre-St\u00f6cken (ex Varta) et log\u00e9s dans une succursale du camp de Neuengamme. Ils furent d\u00e9port\u00e9s \u00e0 Gardelegen et y furent assassin\u00e9s dans la grange d&rsquo;Isenschnibbe.<\/p>\n<p>L&rsquo;esp\u00e9rance de survie \u00e0 St\u00f6ken ne d\u00e9passait pas six mois. Le site \u00e9tait dirig\u00e9 par le fils de Quandt : Herbert Quandt. Chaque mois environ 80 d\u00e9port\u00e9s mouraient et devaient \u00eatre remplac\u00e9s. C&rsquo;est ce qu&rsquo;on appelle sans doute une gestion tr\u00e8s serr\u00e9e des ressources inhumaines.<\/p>\n<p>En 1945, dans le bunker d&rsquo;Adolf Hitler, Joseph et Magda Goebbels se suicident, apr\u00e8s avoir assassin\u00e9 leurs six enfants (Helga, Hilde, Helmuth, Holde, Hedda et Heide). Seul Harald, le fils de Magda Goebbels et G\u00fcnther Quandt, va survivre.<\/p>\n<p>\u00c9trangement, G\u00fcnther Quandt et Herbert Quandt, gravement compromis avec les Nazis, seront tr\u00e8s peu inqui\u00e9t\u00e9s apr\u00e8s-guerre. (5)<\/p>\n<p>Lib\u00e9r\u00e9 en 1947, Harald va diriger et d\u00e9velopper avec son demi-fr\u00e8re Herbert, le sp\u00e9cialiste des ressources inhumaines, l&#8217;empire industriel de leur p\u00e8re, compos\u00e9 entre autres de BMW (Bayerische Motoren Werke).<\/p>\n<p>Le p\u00e8re G\u00fcnther Quandt meurt en 1954 apr\u00e8s avoir l\u00e9gu\u00e9 conjointement \u00e0 Herbert et Harald la gestion de l&#8217;empire.<\/p>\n<p>Aujourd&rsquo;hui, nous retrouvons Johanna Quandt et ses deux enfants, Stefan Quandt et Susanne Klatten. Johanna est la troisi\u00e8me femme et ex-secr\u00e9taire d&rsquo;Herbert Quandt. Stefan Quandt et Susanne Klatten sont donc les enfants d&rsquo;Herbet Quandt, les petits-enfants du fondateur et les neveux de Harald Quandt, le fils de Magda Goebbels.<\/p>\n<p>Tout ce petit monde \u00e9marge d\u00e9sormais aux classements des milliardaires les plus importants de la plan\u00e8te. Autant vous dire qu&rsquo;on n&rsquo;est pas \u00e0 690.000 euros pr\u00e8s&#8230;<\/p>\n<p>1- <a title=\"http:\/\/www.lemonde.fr\/europe\/article\/2013\/10\/16\/quand-bmw-soigne-l-auto-chanceliere-merkel_3496565_3214.html\" href=\"http:\/\/www.lemonde.fr\/europe\/article\/2013\/10\/16\/quand-bmw-soigne-l-auto-chanceliere-merkel_3496565_3214.html\" target=\"_blank\">Quand BMW soigne \u00ab\u00a0l&rsquo;auto-chanceli\u00e8re\u00a0\u00bb Merkel<\/a>, Le Monde, 16\/10\/2013.<br \/>\n2- <a title=\"http:\/\/www.lemonde.fr\/europe\/article\/2013\/07\/05\/automobile-merkel-s-oppose-au-projet-de-reduction-des-rejets-de-co2_3442966_3214.html\" href=\"http:\/\/www.lemonde.fr\/europe\/article\/2013\/07\/05\/automobile-merkel-s-oppose-au-projet-de-reduction-des-rejets-de-co2_3442966_3214.html\" target=\"_blank\">Automobile : Merkel s&rsquo;oppose au projet de r\u00e9duction des rejets de CO2<\/a>, Le Monde, 05\/07\/2013<br \/>\n3- <a title=\"http:\/\/allemagne.blog.lemonde.fr\/2013\/10\/16\/le-don-de-bmw-a-la-cdu-provoque-un-debat-sur-le-financement-des-partis\/\" href=\"https:\/\/www.lemonde.fr\/allemagne\/article\/2013\/10\/16\/le-don-des-actionnaires-de-bmw-a-la-cdu-provoque-un-debat-sur-le-financement-des-partis_6006081_1666705.html\" target=\"_blank\">Le don des actionnaires de BMW \u00e0 la CDU provoque un d\u00e9bat sur le financement des partis<\/a>, Le Monde, 16\/10\/2013<br \/>\n4- <a title=\"http:\/\/www.ladocumentationfrancaise.fr\/pages-europe\/d000576-les-entreprises-allemandes-et-le-national-socialisme-l-exemple-de-la-famille-quandt\/article\" href=\"http:\/\/www.ladocumentationfrancaise.fr\/pages-europe\/d000576-les-entreprises-allemandes-et-le-national-socialisme-l-exemple-de-la-famille-quandt\/article\" target=\"_blank\">Les entreprises allemandes et le national-socialisme : l\u2019exemple de la famille Quandt<\/a>, Markus Gabel, La Documentation fran\u00e7aise.<br \/>\n5 &#8211; BMW : la famille Quandt rattrap\u00e9e par son pass\u00e9 nazi, Lib\u00e9ration, 22\/11\/2007<\/p>\n","protected":false},"excerpt":{"rendered":"<p>C&rsquo;est une bien belle histoire de famille que celle de la famille Quandt, principal actionnaire du groupe automobile allemand BMW. Apr\u00e8s avoir profit\u00e9 largement du syst\u00e8me nazi durant le Troisi\u00e8me <a class=\"more-link\" href=\"https:\/\/carfree.fr\/index.php\/2013\/10\/17\/la-famille-quandt\/\">Lire la suite&#8230;<\/a><\/p>\n","protected":false},"author":18,"featured_media":20826,"comment_status":"open","ping_status":"closed","sticky":false,"template":"","format":"standard","meta":[],"categories":[73,124],"tags":[64,527,399,85,198,81,177,287,1213],"views":14079,"_links":{"self":[{"href":"https:\/\/carfree.fr\/index.php\/wp-json\/wp\/v2\/posts\/20825"}],"collection":[{"href":"https:\/\/carfree.fr\/index.php\/wp-json\/wp\/v2\/posts"}],"about":[{"href":"https:\/\/carfree.fr\/index.php\/wp-json\/wp\/v2\/types\/post"}],"author":[{"embeddable":true,"href":"https:\/\/carfree.fr\/index.php\/wp-json\/wp\/v2\/users\/18"}],"replies":[{"embeddable":true,"href":"https:\/\/carfree.fr\/index.php\/wp-json\/wp\/v2\/comments?post=20825"}],"version-history":[{"count":0,"href":"https:\/\/carfree.fr\/index.php\/wp-json\/wp\/v2\/posts\/20825\/revisions"}],"wp:featuredmedia":[{"embeddable":true,"href":"https:\/\/carfree.fr\/index.php\/wp-json\/"}],"wp:attachment":[{"href":"https:\/\/carfree.fr\/index.php\/wp-json\/wp\/v2\/media?parent=20825"}],"wp:term":[{"taxonomy":"category","embeddable":true,"href":"https:\/\/carfree.fr\/index.php\/wp-json\/wp\/v2\/categories?post=20825"},{"taxonomy":"post_tag","embeddable":true,"href":"https:\/\/carfree.fr\/index.php\/wp-json\/wp\/v2\/tags?post=20825"}],"curies":[{"name":"wp","href":"https:\/\/api.w.org\/{rel}","templated":true}]}}