{"id":20828,"date":"2013-10-29T08:34:08","date_gmt":"2013-10-29T07:34:08","guid":{"rendered":"http:\/\/carfree.fr\/?p=20828"},"modified":"2016-05-23T19:50:10","modified_gmt":"2016-05-23T18:50:10","slug":"vive-lecotaxe","status":"publish","type":"post","link":"https:\/\/carfree.fr\/index.php\/2013\/10\/29\/vive-lecotaxe\/","title":{"rendered":"Vive l&rsquo;\u00e9cotaxe !"},"content":{"rendered":"<p><img decoding=\"async\" loading=\"lazy\" title=\"eotaxe\" src=\"http:\/\/carfree.fr\/images\/eotaxe.jpg\" alt=\"\" width=\"420\" height=\"200\" \/><\/p>\n<p>Attention, nous sommes face \u00e0 une manipulation de grande ampleur. Un pseudo-mouvement poujadiste breton est en train d&rsquo;essayer de faire tomber l&rsquo;\u00e9cotaxe poids lourds. <!--more--><\/p>\n<p>L&rsquo;\u00e9cotaxe poids lourds devait entrer en vigueur le 1er octobre mais a \u00e9t\u00e9 repouss\u00e9e au 1er janvier 2014, officiellement pour des \u00ab\u00a0raisons techniques\u00a0\u00bb, mais l&rsquo;usine \u00e0 gaz en pr\u00e9paration semble conna\u00eetre des rat\u00e9s avant m\u00eame son lancement.<\/p>\n<p>C&rsquo;est quoi l&rsquo;\u00e9cotaxe? Selon le minist\u00e8re du d\u00e9veloppement durable, il s&rsquo;agit d&rsquo;une \u00e9cotaxe pr\u00e9lev\u00e9e sur les poids lourds qui circulent sur les routes fran\u00e7aises. Elle a \u00e9t\u00e9 inscrite en 2009 dans la loi Grenelle 1. Sont concern\u00e9s les poids lourds de transport de marchandises, vides ou charg\u00e9s, dont le poids est sup\u00e9rieur \u00e0 3,5 tonnes, que son propri\u00e9taire travaille en compte propre ou pour compte d\u2019autrui (transporteur routier), soit environ 600.000 poids lourds.<\/p>\n<p>L&rsquo;id\u00e9e de base est bien \u00e9videmment int\u00e9ressante, car il s&rsquo;agit d&rsquo;une application du principe pollueur-payeur. C&rsquo;est en outre un \u00e9l\u00e9ment participant \u00e0 la <a title=\"http:\/\/carfree.fr\/index.php\/2011\/05\/21\/theorie-de-lemmerdement-maximal\/\" href=\"http:\/\/carfree.fr\/index.php\/2011\/05\/21\/theorie-de-lemmerdement-maximal\/\" target=\"_blank\">th\u00e9orie de l&#8217;emmerdement maximal<\/a>. Les poids lourds polluent et d\u00e9gradent qui plus est les routes sans payer de droit d&rsquo;acc\u00e8s sur ces routes, mis \u00e0 part le cas des autoroutes \u00e0 p\u00e9ages. Or, il appara\u00eet que de nombreux poids lourds \u00e9vitent justement les autoroutes \u00e0 p\u00e9ages pour ne pas payer.<\/p>\n<p>Concr\u00e8tement, le principe consiste \u00e0 installer un syst\u00e8me de p\u00e9age immat\u00e9riel et sans barri\u00e8re. Sur les routes concern\u00e9es (15.000 kilom\u00e8tres) seront d\u00e9finis environ 4100 points de tarification. Les camions seront \u00e9quip\u00e9s de GPS et paieront \u00e0 chaque passage de portique, en moyenne 13 centimes\/kilom\u00e8tre.<\/p>\n<p>Le syst\u00e8me doit rapporter un peu plus d&rsquo;un milliard d&rsquo;euros par an, destin\u00e9 \u00e0 financer les infrastructures de transport (dont les routes!).<\/p>\n<p>L\u00e0 o\u00f9 \u00e7a se complique, c&rsquo;est quand on sait que la taxe sera calcul\u00e9e sur le poids du chargement, le nombre de kilom\u00e8tres parcourus et le type de moteur du poids-lourd. Par ailleurs, les transporteurs devront r\u00e9percuter le prix de l&rsquo;\u00e9cotaxe sur les chargeurs, qui eux-m\u00eames sont cens\u00e9s le r\u00e9percuter sur les consommateurs. L&rsquo;id\u00e9e \u00e9tant de produire un \u00ab\u00a0signal prix\u00a0\u00bb afin d&rsquo;inciter \u00e0 un changement de comportement.<\/p>\n<p>Dit comme \u00e7a, \u00e7a a l&rsquo;air assez simple, mais dans les faits, cela suppose la mise en place de tout un tas de syst\u00e8mes de contr\u00f4les (portiques, observatoires, douanes, police, dreal, etc.)<\/p>\n<p>L&rsquo;usine \u00e0 gaz en pr\u00e9paration devait donc \u00eatre en service le 1er octobre 2013, mais sera en fait d\u00e9cal\u00e9e au 1er janvier 2014, avant un \u00e9ventuel nouveau report, voire m\u00eame un abandon?<\/p>\n<p>Car si l&rsquo;abandon reste peu probable (beaucoup d&rsquo;argent a d\u00e9j\u00e0 \u00e9t\u00e9 engag\u00e9 dans le syst\u00e8me, ne serait-ce que pour les milliers de portiques d\u00e9j\u00e0 install\u00e9s), il est politiquement encore envisageable. En effet, les contestations diverses et vari\u00e9es se multiplient, en particulier du c\u00f4t\u00e9 des transporteurs, mais aussi de certains secteurs d&rsquo;activit\u00e9 (\u00e9levage) ou m\u00eame certaines r\u00e9gions comme la Bretagne.<\/p>\n<p>Ainsi, la Bretagne des quatre voies gratuites et de l&rsquo;\u00e9levage intensif des algues vertes commence \u00e0 monter au cr\u00e9neau pour contester une \u00e9cotaxe qui va \u00ab\u00a0ruiner leur syst\u00e8me \u00e9conomique\u00a0\u00bb. Pourtant, d\u00e8s le d\u00e9part, la Bretagne b\u00e9n\u00e9ficiera d&rsquo;une ristourne de 50% li\u00e9e \u00e0 \u00ab\u00a0l&rsquo;\u00e9loignement de son r\u00e9seau\u00a0\u00bb.<\/p>\n<p>Dans les faits, le probl\u00e8me breton est clair: comme ils n&rsquo;ont pas d&rsquo;autoroutes payantes, la quasi totalit\u00e9 du r\u00e9seau rapide breton va \u00eatre soumise \u00e0 l&rsquo;\u00e9cotaxe. Ceci dit, on ne peut pas avoir le beurre (les autoroutes gratuites) et l&rsquo;argent du beurre (pas d&rsquo;\u00e9cotaxe)&#8230;<\/p>\n<p>A vrai dire, si l&rsquo;\u00e9cotaxe arrive \u00e0 ruiner le mod\u00e8le breton du productivisme agricole polluant et destructeur de l&rsquo;agriculture des pays du Sud, cela pourrait d\u00e9j\u00e0 constituer un grand pas en avant! Quand on sait que les poulets bretons arrivent sur les march\u00e9s de Dakar ou Bamako \u00e0 un prix inf\u00e9rieur au prix de production du poulet local, on se dit qu&rsquo;il serait grand temps d&rsquo;augmenter le prix du transport!<\/p>\n<p>\u00c9galement, il faudrait que les Bretons comprennent que l&rsquo;\u00e9levage intensif conna\u00eetra la m\u00eame fin que la sid\u00e9rurgie dans les ann\u00e9es 1980. Si les Bretons ne r\u00e9agissent pas, dans 20 ou 30 ans, l&rsquo;\u00e9levage intensif aura disparu de Bretagne et les poulets et autres cochons industriels viendront des pays de l&rsquo;Est ou d&rsquo;Asie&#8230;<\/p>\n<p>Et si on ne veut pas bouffer du poulet industriel asiatique dans quelques ann\u00e9es, il serait grand temps de reconvertir l&rsquo;agriculture bretonne et fran\u00e7aise par la m\u00eame occasion, vers du bio, du raisonn\u00e9 ou tout ce qui se rapproche d&rsquo;une gestion plus soutenable, en particulier par le biais de circuits courts producteurs-consommateurs.<\/p>\n<p>Ceci dit, on en n&rsquo;est loin, et les bretons semblent plut\u00f4t pr\u00eats \u00e0 casser du portique \u00e9cotaxe. Les syndicats agricoles, les transporteurs routiers et les politiques locaux d\u00e9fendront jusqu&rsquo;au bout leur contre-mod\u00e8le \u00e9conomique destin\u00e9 \u00e0 dispara\u00eetre. D\u00e9j\u00e0, des morceaux de portiques \u00e9cotaxe se sont retrouv\u00e9s en vente sur le site internet le boncoin.fr&#8230;<\/p>\n<p>Mais, l\u00e0 o\u00f9 la manipulation des bretons devient particuli\u00e8rement manifeste, c&rsquo;est quand ils lancent une \u00ab\u00a0p\u00e9tition nationale de soutien aux bonnets rouges\u00a0\u00bb. Dans cette p\u00e9tition, pas un mot sur l&rsquo;\u00e9cotaxe ou les portiques, alors que c&rsquo;est justement \u00e0 la base de leur \u00ab\u00a0mouvement\u00a0\u00bb revendicatif cens\u00e9 repr\u00e9sent\u00e9 les \u00ab\u00a0paysans, marins-p\u00eacheurs, ouvriers, artisans, chefs d\u2019entreprise\u00a0\u00bb&#8230;<\/p>\n<p>Et quelles sont leurs \u00ab\u00a0revendications\u00a0\u00bb? Dans le d\u00e9sordre, le refus des licenciements, la mondialisation forcen\u00e9e, la fiscalit\u00e9 d\u00e9mesur\u00e9e, le grand remplacement de population. Ah mais si, on voit appara\u00eetre l&rsquo;objet du probl\u00e8me discr\u00e8tement en bas de la p\u00e9tition: la \u00ab\u00a0fiscalit\u00e9 d\u00e9mesur\u00e9e\u00a0\u00bb! C&rsquo;est vrai que la Bretagne des quatre voies gratuites et de l&rsquo;\u00e9cotaxe \u00e0 50% en conna\u00eet un rayon en mati\u00e8re de \u00ab\u00a0fiscalit\u00e9 d\u00e9mesur\u00e9e\u00a0\u00bb.<\/p>\n<p>Et le plus dr\u00f4le, c&rsquo;est qu&rsquo;ils veulent d\u00e9fendre \u00ab\u00a0le droit de vivre et de travailler au pays\u00a0\u00bb. On dirait un mot d&rsquo;ordre du Larzac pour une agriculture raisonn\u00e9e, bio et locale! Sauf que ce qu&rsquo;ils veulent d\u00e9fendre, c&rsquo;est leur contre-mod\u00e8le \u00e9conomique agro-industriel pilot\u00e9 par la FNSEA et le MEDEF!<\/p>\n<p>D&rsquo;ailleurs, m\u00eame Jos\u00e9 Bov\u00e9 le dit sur Twitter:<\/p>\n<blockquote class=\"twitter-tweet\"><p><a href=\"https:\/\/twitter.com\/search?q=%23Ecotaxe&amp;src=hash\">#Ecotaxe<\/a> les manifestations en <a href=\"https:\/\/twitter.com\/search?q=%23Bretagne&amp;src=hash\">#Bretagne<\/a> sont manipul\u00e9s par la FNSEA et le MEDEF qui soutiennent une agro-industrie qui va droit dans le mur<\/p>\n<p>\u2014 Jos\u00e9 Bov\u00e9 (@josebove) <a href=\"https:\/\/twitter.com\/josebove\/statuses\/394776846388035584\">October 28, 2013<\/a><\/p><\/blockquote>\n<p><script src=\"\/\/platform.twitter.com\/widgets.js\"><\/script><\/p>\n<p>Les chefs d&rsquo;entreprise du secteur des transports et les agro-industriels bretons sont en train de manipuler l&rsquo;opinion publique pour rejeter une taxe qui au bout du compte, est justement l\u00e0 pour essayer de donner un vrai prix \u00e0 ce contre-mod\u00e8le \u00e9conomique breton.<\/p>\n<p>Et ce qui semble int\u00e9ressant dans le principe de l&rsquo;\u00e9cotaxe tel qu&rsquo;il doit se mettre en place, c&rsquo;est ce qu&rsquo;il implique pour l&rsquo;avenir du trafic, en particulier automobile. Quand le syst\u00e8me sera mis en place et fonctionnera, que des milliers de portiques existeront sur toutes les routes fran\u00e7aises, il ne restera plus qu&rsquo;\u00e0 imposer un GPS dans toutes les voitures (qui en ont d\u00e9j\u00e0 pour la plupart) et de taxer ainsi toutes les voitures utilisant les quatre voies, les routes nationales et d\u00e9partementales.<\/p>\n<p>L&rsquo;\u00e9cotaxe poids-lourds est en quelque sorte la r\u00e9p\u00e9tition g\u00e9n\u00e9rale d&rsquo;une future \u00e9cotaxe voitures en devenir&#8230;<\/p>\n<p>Enfin, si vraiment les transporteurs de marchandises veulent \u00e9viter de payer l&rsquo;\u00e9cotaxe poids-lourds, on peut leur donner un conseil qui leur fera faire d&rsquo;\u00e9normes \u00e9conomiques, qu&rsquo;ils se mettent \u00e0 la <a title=\"http:\/\/carfree.fr\/index.php\/2013\/12\/21\/velogistique\/\" href=\"http:\/\/carfree.fr\/index.php\/2013\/12\/21\/velogistique\/\" target=\"_blank\">v\u00e9logistique<\/a>!<\/p>\n<p>Vive l&rsquo;\u00e9cotaxe !<\/p>\n","protected":false},"excerpt":{"rendered":"<p>Attention, nous sommes face \u00e0 une manipulation de grande ampleur. Un pseudo-mouvement poujadiste breton est en train d&rsquo;essayer de faire tomber l&rsquo;\u00e9cotaxe poids lourds.<\/p>\n","protected":false},"author":18,"featured_media":20841,"comment_status":"open","ping_status":"closed","sticky":false,"template":"","format":"standard","meta":[],"categories":[127,73,1037],"tags":[886,568,1340,376,60,1584,308,811,16,280,506,334,216,935,501],"views":10914,"_links":{"self":[{"href":"https:\/\/carfree.fr\/index.php\/wp-json\/wp\/v2\/posts\/20828"}],"collection":[{"href":"https:\/\/carfree.fr\/index.php\/wp-json\/wp\/v2\/posts"}],"about":[{"href":"https:\/\/carfree.fr\/index.php\/wp-json\/wp\/v2\/types\/post"}],"author":[{"embeddable":true,"href":"https:\/\/carfree.fr\/index.php\/wp-json\/wp\/v2\/users\/18"}],"replies":[{"embeddable":true,"href":"https:\/\/carfree.fr\/index.php\/wp-json\/wp\/v2\/comments?post=20828"}],"version-history":[{"count":0,"href":"https:\/\/carfree.fr\/index.php\/wp-json\/wp\/v2\/posts\/20828\/revisions"}],"wp:featuredmedia":[{"embeddable":true,"href":"https:\/\/carfree.fr\/index.php\/wp-json\/"}],"wp:attachment":[{"href":"https:\/\/carfree.fr\/index.php\/wp-json\/wp\/v2\/media?parent=20828"}],"wp:term":[{"taxonomy":"category","embeddable":true,"href":"https:\/\/carfree.fr\/index.php\/wp-json\/wp\/v2\/categories?post=20828"},{"taxonomy":"post_tag","embeddable":true,"href":"https:\/\/carfree.fr\/index.php\/wp-json\/wp\/v2\/tags?post=20828"}],"curies":[{"name":"wp","href":"https:\/\/api.w.org\/{rel}","templated":true}]}}