{"id":21335,"date":"2013-12-06T08:12:08","date_gmt":"2013-12-06T07:12:08","guid":{"rendered":"http:\/\/carfree.fr\/?p=21335"},"modified":"2016-05-24T13:59:57","modified_gmt":"2016-05-24T12:59:57","slug":"ca-serait-surement-mieux-en-voiture","status":"publish","type":"post","link":"https:\/\/carfree.fr\/index.php\/2013\/12\/06\/ca-serait-surement-mieux-en-voiture\/","title":{"rendered":"\u00ab\u00a0\u00c7a serait s\u00fbrement mieux en voiture\u00a0\u00bb"},"content":{"rendered":"<p><img decoding=\"async\" loading=\"lazy\" title=\"freedom\" src=\"http:\/\/carfree.fr\/images\/freedom.jpg\" alt=\"\" width=\"420\" height=\"200\" \/><\/p>\n<p>La plupart du temps, l\u2019automobiliste imagine que parcourir certaines  distances \u00e0 v\u00e9lo est compliqu\u00e9 si l\u2019on ne poss\u00e8de pas une condition  sportive hors du commun. C\u2019est \u00e9videmment tr\u00e8s compliqu\u00e9 pour certains  d\u2019entre eux, mais le nombre d\u2019automobilistes s\u2019imaginant les efforts  demand\u00e9s est bien au-dessus de ces cas particuliers. <!--more--><\/p>\n<p dir=\"ltr\">Il s\u2019imagine \u00e9galement que faire un trajet \u00e0 v\u00e9lo expose  aux intemp\u00e9ries 90 % du temps. Il ne s\u2019imagine pas une seconde que se  trouver sous la pluie pendant un trajet aussi r\u00e9gulier que le trajet  domicile-travail est assez rare et que les jours de pluie vraiment  g\u00eanante (v\u00eatements d\u00e9tremp\u00e9s \u00e0 l\u2019arriv\u00e9e en cas d\u2019oubli de protections  adapt\u00e9es) d\u00e9passent rarement le nombre de 5 par an \u2026 dans le pire des  cas. (Constat personnel en r\u00e9gion parisienne et en r\u00e9gion nantaise pour  des trajets de 20 min en moyenne sur plusieurs ann\u00e9es).<\/p>\n<p dir=\"ltr\">Tout cela n\u2019est pas un reproche : il semble logique  d\u2019appr\u00e9hender et de s\u2019imaginer un tas d\u2019id\u00e9es fa\u00e7onn\u00e9es par un m\u00e9lange  de craintes, de pr\u00e9jug\u00e9s, d\u2019exp\u00e9riences de jeunesse difficiles, de  on-dit et de satisfaction de sa situation propre. Mais l\u2019automobiliste  \u00e9tant avant tout humain, une sorte d\u2019empathie fauss\u00e9e par ses id\u00e9es  biais\u00e9es lui fait parfois prendre en piti\u00e9 les pauvres cyclistes  affrontant le froid et le vent pour arriver \u00e0 destination.<\/p>\n<p>Je ne compte plus les fois o\u00f9 l\u2019on  m\u2019a tr\u00e8s gentiment propos\u00e9 de me raccompagner en voiture car \u00e7a serait  s\u00fbrement \u00ab\u00a0beaucoup plus agr\u00e9able pour moi\u00a0\u00bb et que pour une fois, il  fallait que \u00ab\u00a0j\u2019en profite\u00a0\u00bb.<\/p>\n<p>Que r\u00e9pondre alors ? La proposition part d\u2019un bon sentiment, c\u2019est \u00e9vident, mais elle implique plusieurs choses :<\/p>\n<p>&#8211; que je consid\u00e8re mon trajet \u00e0 v\u00e9lo comme d\u00e9sagr\u00e9able<br \/>\n&#8211; que j\u2019utilise un v\u00e9lo par d\u00e9pit et non par choix<br \/>\n&#8211; que ce m\u00eame trajet serait plus agr\u00e9able en voiture<\/p>\n<p>Or, ces trois conditions ne peuvent  \u00eatre imagin\u00e9es que par un esprit qui appr\u00e9hende le v\u00e9lo et qui se fait  une repr\u00e9sentation compl\u00e8tement fauss\u00e9e de la r\u00e9alit\u00e9 sur ce point.<\/p>\n<p>On comprend donc qu\u2019il lui sera  difficile de tenter autre chose que l\u2019automobile pour ses d\u00e9placements,  son esprit ayant class\u00e9 tout autre type de d\u00e9placement comme \u00e0 fuir par  tous les moyens et l\u2019automobile comme r\u00e9ponse \u00e0 tous les probl\u00e8mes.<\/p>\n<p dir=\"ltr\">Il en vient alors \u00e0 imaginer un monde o\u00f9 tout ce qui  toucherait \u00e0 l\u2019automobile serait id\u00e9al et tout ce qui toucherait au v\u00e9lo  serait li\u00e9 \u00e0 la fatalit\u00e9.<\/p>\n<p dir=\"ltr\">\u00ab\u00a0J\u2019ai crev\u00e9 sur la route\u00a0\u00bb -&gt; \u00ab\u00a0C\u2019est le probl\u00e8me avec le v\u00e9lo\u00a0\u00bb<br \/>\n\u00ab\u00a0On m\u2019a coup\u00e9 la route\u00a0\u00bb -&gt; \u00ab\u00a0ah \u00e7a, les accidents de v\u00e9lo\u00a0\u00bb<br \/>\n\u00ab\u00a0Une personne a malencontreusement accroch\u00e9 son cadenas \u00e0 mon v\u00e9lo\u00a0\u00bb -&gt; \u00ab\u00a0\u00e7a n\u2019arriverait jamais avec une voiture\u00a0\u00bb<\/p>\n<p>Ainsi, en voiture, on n\u2019a pas de panne, on n\u2019a pas d\u2019accident et il n\u2019y a pas d\u2019incivilit\u00e9s li\u00e9es \u00e0 des stationnements g\u00eanants.<\/p>\n<p>Ces situations sont relativement  rares et ne sont que des exemples mais sont syst\u00e9matiquement relev\u00e9es et  appuy\u00e9es pour prouver le fait que le v\u00e9lo est un moyen de transport li\u00e9  \u00e0 de tr\u00e8s nombreux probl\u00e8mes et qu\u2019il semble parfaitement inadapt\u00e9 aux  trajets utilitaires.<\/p>\n<p>Chaque cycliste a au moins vu un automobiliste avoir un l\u00e9ger sourire  d\u00e8s qu\u2019il a \u00e9voqu\u00e9 un probl\u00e8me survenu sur un trajet \u00e0 v\u00e9lo.<\/p>\n<p dir=\"ltr\">Mais lorsque l\u2019on parle d\u2019embouteillages, de co\u00fbt des  d\u00e9placements, des difficult\u00e9s de stationnement et autres joyeuset\u00e9s de  l\u2019automobile, on constate souvent qu\u2019il s\u2019agit de la situation normale,  \u00ab\u00a0qu\u2019il faut bien faire avec\u00a0\u00bb, que la \u00ab\u00a0vie n\u2019est pas toute rose\u00a0\u00bb et  \u00ab\u00a0qu\u2019ainsi va la vie, que veux-tu ?\u00a0\u00bb.<\/p>\n<p dir=\"ltr\"><a title=\"http:\/\/pasdevoiture.wordpress.com\/\" href=\"http:\/\/pasdevoiture.wordpress.com\/\" target=\"_blank\">http:\/\/pasdevoiture.wordpress.com\/<\/a><\/p>\n","protected":false},"excerpt":{"rendered":"<p>La plupart du temps, l\u2019automobiliste imagine que parcourir certaines distances \u00e0 v\u00e9lo est compliqu\u00e9 si l\u2019on ne poss\u00e8de pas une condition sportive hors du commun. C\u2019est \u00e9videmment tr\u00e8s compliqu\u00e9 pour <a class=\"more-link\" href=\"https:\/\/carfree.fr\/index.php\/2013\/12\/06\/ca-serait-surement-mieux-en-voiture\/\">Lire la suite&#8230;<\/a><\/p>\n","protected":false},"author":653,"featured_media":21336,"comment_status":"open","ping_status":"closed","sticky":false,"template":"","format":"standard","meta":[],"categories":[4,73,7],"tags":[28,646,744,1664],"views":8659,"_links":{"self":[{"href":"https:\/\/carfree.fr\/index.php\/wp-json\/wp\/v2\/posts\/21335"}],"collection":[{"href":"https:\/\/carfree.fr\/index.php\/wp-json\/wp\/v2\/posts"}],"about":[{"href":"https:\/\/carfree.fr\/index.php\/wp-json\/wp\/v2\/types\/post"}],"author":[{"embeddable":true,"href":"https:\/\/carfree.fr\/index.php\/wp-json\/wp\/v2\/users\/653"}],"replies":[{"embeddable":true,"href":"https:\/\/carfree.fr\/index.php\/wp-json\/wp\/v2\/comments?post=21335"}],"version-history":[{"count":0,"href":"https:\/\/carfree.fr\/index.php\/wp-json\/wp\/v2\/posts\/21335\/revisions"}],"wp:featuredmedia":[{"embeddable":true,"href":"https:\/\/carfree.fr\/index.php\/wp-json\/"}],"wp:attachment":[{"href":"https:\/\/carfree.fr\/index.php\/wp-json\/wp\/v2\/media?parent=21335"}],"wp:term":[{"taxonomy":"category","embeddable":true,"href":"https:\/\/carfree.fr\/index.php\/wp-json\/wp\/v2\/categories?post=21335"},{"taxonomy":"post_tag","embeddable":true,"href":"https:\/\/carfree.fr\/index.php\/wp-json\/wp\/v2\/tags?post=21335"}],"curies":[{"name":"wp","href":"https:\/\/api.w.org\/{rel}","templated":true}]}}