{"id":21345,"date":"2013-12-10T09:41:26","date_gmt":"2013-12-10T08:41:26","guid":{"rendered":"http:\/\/carfree.fr\/?p=21345"},"modified":"2016-05-24T13:56:26","modified_gmt":"2016-05-24T12:56:26","slug":"les-radars-83-vies-epargnees-par-an-seulement-eh-bien-moi-ca-me-suffit-amplement-pour-prouver-lutilite-sociale-du-controle-de-vitesse-automobile","status":"publish","type":"post","link":"https:\/\/carfree.fr\/index.php\/2013\/12\/10\/les-radars-83-vies-epargnees-par-an-seulement-eh-bien-moi-ca-me-suffit-amplement-pour-prouver-lutilite-sociale-du-controle-de-vitesse-automobile\/","title":{"rendered":"Les radars : 83 vies \u00e9pargn\u00e9es par an seulement? Eh bien moi \u00e7a me suffit amplement pour prouver l&rsquo;utilit\u00e9 sociale du contr\u00f4le de vitesse automobile!"},"content":{"rendered":"<p><img decoding=\"async\" loading=\"lazy\" title=\"carte-des-radars-en-france\" src=\"http:\/\/carfree.fr\/images\/carte-des-radars-en-france.jpg\" alt=\"\" width=\"420\" height=\"200\" \/><\/p>\n<p>Il s\u2019agit ici de commenter les r\u00e9actions du lobby automobile \u2013 \u00e0 travers son d\u00e9fouloir \u00ab 40 millions d\u2019automobilistes \u00bb \u2013 apr\u00e8s avoir pris connaissance de l\u2019\u00e9tude r\u00e9cente de l\u2019INSEE (1) sur les effets des radars fixes sur le comportement automobiliste. <!--more--><\/p>\n<p>L\u2019un des activistes du site au titre \u00e0 consonance rappelant le titre d\u2019un ouvrage d\u2019Henri Amouroux, sur la triste p\u00e9riode vichyssoise, se gausse des \u00ab despotes d\u00e9cideurs intransigeants ne fonctionnant que par dogmatisme, nous abreuvant de certitudes, mais n&rsquo;acceptant aucuns d\u00e9bats contradictoires \u00bb, du seul fait que l\u2019\u00e9tude comporte en deuxi\u00e8me partie de titre le r\u00e9sultat qui pourrait \u00eatre interpr\u00e9t\u00e9 comme d\u00e9cevant : \u00ab un effet important apr\u00e8s l&rsquo;installation, mais plus r\u00e9duit \u00e0 long terme \u00bb. Pour moi \u00e7a confirme la capacit\u00e9 des automobilistes \u00e0 s\u2019adapter \u00e0 l\u2019environnement modifi\u00e9 en vue de changer leurs pratiques. Je l\u2019avais d\u00e9j\u00e0 \u00e9voqu\u00e9 pour ce qui concerne le concept d\u2019espace partag\u00e9 et ses limites (2).<\/p>\n<p>Pour le meneur des automobilistes en furie \u00ab nos d\u00e9cideurs viennent de se prendre un pav\u00e9 dans leurs radars, qu&rsquo;ils ont bien cherch\u00e9 \u00bb (3). Or \u00e0 la lecture de l\u2019\u00e9tude de l\u2019INSEE nous ne devrions pas jeter si vivement la bi\u00e8re dans le Styx. Sa conclusion annonce en effet qu\u2019en France \u00ab entre 2003 et 2007 les radars fixes ont eu un effet significatif et important pour r\u00e9duire le nombre d\u2019accidents sur les sites o\u00f9 ils \u00e9taient install\u00e9s \u00bb. Les auteurs extrapolent en affirmant que sur la p\u00e9riode 2003-2011 le contr\u00f4le aurait \u00e9vit\u00e9 740 d\u00e9c\u00e8s et 2750 bless\u00e9s graves.<\/p>\n<p>Bref ce qui justifie amplement, encourage m\u00eame \u00e0 accentuer la politique de contr\u00f4le des motoris\u00e9s&#8230; Contr\u00f4le sanction qui devrait \u00e9videmment \u00eatre \u00e9tendu aux pratiques d\u00e9lictueuses de l\u2019usage de l\u2019espace public par l\u2019automobiliste, le stationnement illicite sur les trottoirs en particulier&#8230;<\/p>\n<p>(1) <a title=\"http:\/\/www.insee.fr\/fr\/ffc\/docs_ffc\/ES460B.pdf\" href=\"http:\/\/www.insee.fr\/fr\/ffc\/docs_ffc\/ES460B.pdf\" target=\"_blank\">http:\/\/www.insee.fr\/fr\/ffc\/docs_ffc\/ES460B.pdf<\/a><br \/>\n(2) <a title=\"http:\/\/carfree.fr\/index.php\/2013\/04\/09\/regard-critique-sur-le-concept-despace-partage\/\" href=\"http:\/\/carfree.fr\/index.php\/2013\/04\/09\/regard-critique-sur-le-concept-despace-partage\/\" target=\"_blank\">http:\/\/carfree.fr\/index.php\/2013\/04\/09\/regard-critique-sur-le-concept-despace-partage\/<\/a><br \/>\n(3) <a title=\"http:\/\/fil-conducteurs.ning.com\/media-automobilistes\/insee-l-humour-sauveur\" href=\"http:\/\/fil-conducteurs.ning.com\/media-automobilistes\/insee-l-humour-sauveur\" target=\"_blank\">http:\/\/fil-conducteurs.ning.com\/media-automobilistes\/insee-l-humour-sauveur<\/a><\/p>\n","protected":false},"excerpt":{"rendered":"<p>Il s\u2019agit ici de commenter les r\u00e9actions du lobby automobile \u2013 \u00e0 travers son d\u00e9fouloir \u00ab 40 millions d\u2019automobilistes \u00bb \u2013 apr\u00e8s avoir pris connaissance de l\u2019\u00e9tude r\u00e9cente de l\u2019INSEE <a class=\"more-link\" href=\"https:\/\/carfree.fr\/index.php\/2013\/12\/10\/les-radars-83-vies-epargnees-par-an-seulement-eh-bien-moi-ca-me-suffit-amplement-pour-prouver-lutilite-sociale-du-controle-de-vitesse-automobile\/\">Lire la suite&#8230;<\/a><\/p>\n","protected":false},"author":1379,"featured_media":21356,"comment_status":"open","ping_status":"closed","sticky":false,"template":"","format":"standard","meta":[],"categories":[1038],"tags":[996,177,578,434,178,144],"views":9522,"_links":{"self":[{"href":"https:\/\/carfree.fr\/index.php\/wp-json\/wp\/v2\/posts\/21345"}],"collection":[{"href":"https:\/\/carfree.fr\/index.php\/wp-json\/wp\/v2\/posts"}],"about":[{"href":"https:\/\/carfree.fr\/index.php\/wp-json\/wp\/v2\/types\/post"}],"author":[{"embeddable":true,"href":"https:\/\/carfree.fr\/index.php\/wp-json\/wp\/v2\/users\/1379"}],"replies":[{"embeddable":true,"href":"https:\/\/carfree.fr\/index.php\/wp-json\/wp\/v2\/comments?post=21345"}],"version-history":[{"count":0,"href":"https:\/\/carfree.fr\/index.php\/wp-json\/wp\/v2\/posts\/21345\/revisions"}],"wp:featuredmedia":[{"embeddable":true,"href":"https:\/\/carfree.fr\/index.php\/wp-json\/"}],"wp:attachment":[{"href":"https:\/\/carfree.fr\/index.php\/wp-json\/wp\/v2\/media?parent=21345"}],"wp:term":[{"taxonomy":"category","embeddable":true,"href":"https:\/\/carfree.fr\/index.php\/wp-json\/wp\/v2\/categories?post=21345"},{"taxonomy":"post_tag","embeddable":true,"href":"https:\/\/carfree.fr\/index.php\/wp-json\/wp\/v2\/tags?post=21345"}],"curies":[{"name":"wp","href":"https:\/\/api.w.org\/{rel}","templated":true}]}}