{"id":21498,"date":"2013-12-21T09:12:44","date_gmt":"2013-12-21T08:12:44","guid":{"rendered":"http:\/\/carfree.fr\/?p=21498"},"modified":"2021-01-07T16:56:46","modified_gmt":"2021-01-07T15:56:46","slug":"velogistique","status":"publish","type":"post","link":"https:\/\/carfree.fr\/index.php\/2013\/12\/21\/velogistique\/","title":{"rendered":"v\u00e9logistique"},"content":{"rendered":"<p>C&rsquo;est avec plaisir que je vous informe de la parution de mon dernier livre intitul\u00e9 \u00ab\u00a0v\u00e9logistique\u00a0\u00bb, qui traite des infinies possibilit\u00e9s du v\u00e9lo pour le transport des courses, des enfants, des marchandises ou m\u00eame pour les activit\u00e9s professionnelles. <!--more--><\/p>\n<p>La bicyclette n&rsquo;est pas seulement un mode de d\u00e9placement efficace et pertinent. C&rsquo;est aussi probablement l&rsquo;outil le plus adapt\u00e9 pour le transport de marchandises en ville, que ce soit par les particuliers ou les professionnels.<\/p>\n<p>Un v\u00e9lo ne co\u00fbte pas cher, ne pollue pas, n&rsquo;\u00e9met pas de CO2 dans l&rsquo;atmosph\u00e8re, ne fait pas de bruit, ne prend pas beaucoup de place, n&rsquo;est pas dangereux et va sensiblement \u00e0 la vitesse moyenne d&rsquo;un v\u00e9hicule motoris\u00e9 en milieu urbain, et parfois m\u00eame plus vite!<\/p>\n<p>Si la logistique du v\u00e9lo poss\u00e8de un glorieux pass\u00e9, elle est d\u00e9sormais tout \u00e0 fait inscrite dans le pr\u00e9sent et elle est assur\u00e9e d&rsquo;occuper un bonne place dans le futur. Aujourd&rsquo;hui, de plus en plus de gens utilisent le v\u00e9lo pour transporter des marchandises ou cr\u00e9er une activit\u00e9 professionnelle. Depuis quelques ann\u00e9es, on constate une explosion du nombre d&rsquo;entreprises bas\u00e9es sur l&rsquo;utilisation du v\u00e9lo, et pas seulement dans le domaine de la livraison.<\/p>\n<p>Le but de cet ouvrage est de donner \u00e0 voir comment le transport de marchandises \u00e0 v\u00e9lo est tout \u00e0 fait possible. Partout dans le monde, dans d&rsquo;innombrables villes et situations et pour d&rsquo;innombrables raisons, les gens utilisent quotidiennement le v\u00e9lo pour le transport des enfants, des courses ou des marchandises, parfois lourdes et encombrantes.<\/p>\n<p>Avec pr\u00e8s de 400 photographies provenant de plus d&rsquo;une centaine de villes situ\u00e9es sur les cinq continents, ce livre essaye de montrer comment la v\u00e9logistique est non seulement possible, mais aussi plus que jamais n\u00e9cessaire.<\/p>\n<p>Il existe une version papier et une version num\u00e9rique du livre. La version num\u00e9rique consiste dans la possibilit\u00e9 offerte de <a title=\"http:\/\/www.blurb.fr\/books\/4952538-velogistique\" href=\"http:\/\/www.blurb.fr\/books\/4952538-velogistique\" target=\"_blank\" rel=\"noopener\">consulter l\u2019int\u00e9gralit\u00e9 du livre en ligne<\/a>. Par contre, la qualit\u00e9 des images est l\u00e9g\u00e8rement d\u00e9grad\u00e9e, pas par volont\u00e9 mais pour des raisons techniques.<\/p>\n<p>La version papier peut se commander ici: <a href=\"https:\/\/www.blurb.fr\/b\/4952538-v-logistique\" target=\"_blank\" rel=\"noopener\">http:\/\/www.blurb.fr\/b\/4952538-velogistique<\/a>. Il y a plusieurs possibilit\u00e9s, en couverture souple ou rigide.<\/p>\n<p>Cela peut \u00eatre une bonne id\u00e9e de cadeau \u00e0 offrir pour vos amis ou votre famille afin de leur montrer tout l\u2019int\u00e9r\u00eat du v\u00e9lo pour le transport de marchandises.<\/p>\n<p>Bonne lecture!<\/p>\n<p><a href=\"https:\/\/www.blurb.fr\/b\/4952538-v-logistique\" target=\"_blank\" rel=\"noopener\"><img decoding=\"async\" loading=\"lazy\" title=\"velogistique\" src=\"http:\/\/carfree.fr\/images\/velogistique.jpg\" alt=\"\" width=\"420\" height=\"200\" \/><\/a><\/p>\n<div style=\"display: block;\"><a style=\"margin: 12px 3px;\" href=\"https:\/\/www.blurb.fr\/b\/4952538-v-logistique\" target=\"_blank\" rel=\"noopener\">v\u00e9logistique by MARCEL ROBERT<\/a><\/div>\n","protected":false},"excerpt":{"rendered":"<p>C&rsquo;est avec plaisir que je vous informe de la parution de mon dernier livre intitul\u00e9 \u00ab\u00a0v\u00e9logistique\u00a0\u00bb, qui traite des infinies possibilit\u00e9s du v\u00e9lo pour le transport des courses, des enfants, <a class=\"more-link\" href=\"https:\/\/carfree.fr\/index.php\/2013\/12\/21\/velogistique\/\">Lire la suite&#8230;<\/a><\/p>\n","protected":false},"author":18,"featured_media":35673,"comment_status":"open","ping_status":"closed","sticky":false,"template":"","format":"standard","meta":[],"categories":[4,73,1802,17,72,7,70],"tags":[1709,181,416,171,376,292,646,1102,588,16,99,315,719,1665,1308,210,1667,105,164,808,1664,1065,1587,809],"views":33089,"_links":{"self":[{"href":"https:\/\/carfree.fr\/index.php\/wp-json\/wp\/v2\/posts\/21498"}],"collection":[{"href":"https:\/\/carfree.fr\/index.php\/wp-json\/wp\/v2\/posts"}],"about":[{"href":"https:\/\/carfree.fr\/index.php\/wp-json\/wp\/v2\/types\/post"}],"author":[{"embeddable":true,"href":"https:\/\/carfree.fr\/index.php\/wp-json\/wp\/v2\/users\/18"}],"replies":[{"embeddable":true,"href":"https:\/\/carfree.fr\/index.php\/wp-json\/wp\/v2\/comments?post=21498"}],"version-history":[{"count":0,"href":"https:\/\/carfree.fr\/index.php\/wp-json\/wp\/v2\/posts\/21498\/revisions"}],"wp:featuredmedia":[{"embeddable":true,"href":"https:\/\/carfree.fr\/index.php\/wp-json\/wp\/v2\/media\/35673"}],"wp:attachment":[{"href":"https:\/\/carfree.fr\/index.php\/wp-json\/wp\/v2\/media?parent=21498"}],"wp:term":[{"taxonomy":"category","embeddable":true,"href":"https:\/\/carfree.fr\/index.php\/wp-json\/wp\/v2\/categories?post=21498"},{"taxonomy":"post_tag","embeddable":true,"href":"https:\/\/carfree.fr\/index.php\/wp-json\/wp\/v2\/tags?post=21498"}],"curies":[{"name":"wp","href":"https:\/\/api.w.org\/{rel}","templated":true}]}}