{"id":21708,"date":"2014-01-20T07:51:47","date_gmt":"2014-01-20T06:51:47","guid":{"rendered":"http:\/\/carfree.fr\/?p=21708"},"modified":"2016-05-24T13:47:07","modified_gmt":"2016-05-24T12:47:07","slug":"comment-decourager-les-enfants-de-faire-du-velo","status":"publish","type":"post","link":"https:\/\/carfree.fr\/index.php\/2014\/01\/20\/comment-decourager-les-enfants-de-faire-du-velo\/","title":{"rendered":"Comment d\u00e9courager les enfants de faire du v\u00e9lo"},"content":{"rendered":"<p><img decoding=\"async\" loading=\"lazy\" title=\"Affichette_ecomobilite_scolaire\" src=\"http:\/\/carfree.fr\/images\/Affichette_ecomobilite_scolaire.jpg\" alt=\"\" width=\"420\" height=\"200\" \/><\/p>\n<p>Je tenais \u00e0 travers cet article \u00e0 vous faire partager le courrier que j&rsquo;ai envoy\u00e9 aujourd&rsquo;hui \u00e0 ma mairie. Les v\u00e9los d&rsquo;enfant qui posent probl\u00e8me, car ils risqueraient d&rsquo;\u00e9borgner de jeunes enfants. Je n&rsquo;ai pas connaissance que des accidents de ce type aient d\u00e9j\u00e0 eu lieu mais bon&#8230; Le diesel, lui, est officiellement canc\u00e9rig\u00e8ne certain, et cela ne semble pas g\u00eaner grand monde. <!--more--><\/p>\n<p>Alors lorsque l&rsquo;on nous interdit de stationner les v\u00e9los d&rsquo;enfant devant l&rsquo;\u00e9cole, mon sang ne fait qu&rsquo;un tour! Je ne laisse pas passer \u00e7a&#8230; Je ne laisserai plus jamais passer aucune atteinte aux usagers de la bicyclette tant qu&rsquo;ils n&rsquo;auront pas les moyens d\u00e9cents de se d\u00e9placer&#8230;<\/p>\n<p>Si les v\u00e9los prennent trop de place, il ne faut pas interdire les v\u00e9los mais bien leur donner plus de place, en prenant sur celle d\u00e9volue aux automobiles&#8230; Je mart\u00e8lerai dor\u00e9navant sans cesse ce message, et je pense \u00e0 cr\u00e9er une antenne du MDB dans ma ville. Il y a en France plus d&rsquo;usagers de la bicyclette que de chasseurs alors sachons nous faire entendre! Ci-dessous mon courrier de r\u00e9ponse \u00e0 la mairie:<\/p>\n<p><em>\u00ab\u00a0Bonjour,<\/em><\/p>\n<p><em> <\/em><\/p>\n<div><em>La directrice de l&rsquo;\u00e9cole Maternelle nous apprend que la voirie se serait plaint des v\u00e9los de nos enfants que nous attachons devant l&rsquo;\u00e9cole.<\/em><\/div>\n<div><em><br \/>\n<\/em><\/div>\n<p><em> <\/em><\/p>\n<div><em>J&rsquo;attire votre attention sur le fait que le parking \u00e0 v\u00e9lo situ\u00e9 en face de l&rsquo;\u00e9cole contre un mur ne comporte pas assez de place. En outre, il fait l&rsquo;objet quasiment tous les jours de d\u00e9p\u00f4ts sauvages (sapins de no\u00ebl encore aujourd&rsquo;hui) et d&rsquo;urinoir pour les chiens! Vous voudrez donc bien commencer par traiter ce probl\u00e8me de d\u00e9chets et d&rsquo;hygi\u00e8ne, avant de nous demander de d\u00e9placer les v\u00e9los, qui resteront donc attach\u00e9s devant l&rsquo;\u00e9cole tant qu&rsquo;une meilleure solution n&rsquo;aura pas \u00e9t\u00e9 mise en \u0153uvre par la voirie.<\/em><\/div>\n<div><em><br \/>\n<\/em><\/div>\n<p><em> <\/em><\/p>\n<div><em>Ceci \u00e9tant dit, je vous rappelle que rien n&rsquo;interdit d&rsquo;attacher un v\u00e9lo \u00e0 un support fixe sur le trottoir, s&rsquo;il ne g\u00eane pas le passage des pi\u00e9tons. En revanche les deux roues motoris\u00e9s qui stationnent sur les trottoirs \u00e0 l&rsquo;angle du bd \u00a0et de la rue sont interdits, ce qui ne semble pas g\u00eaner la police municipale qui ne verbalise jamais.<\/em><\/div>\n<div><em><br \/>\n<\/em><\/div>\n<p><em> <\/em><\/p>\n<div><em>Je me permet donc de vous rappeler qu&rsquo;en tant que citoyen contribuable, j&rsquo;attends de la municipalit\u00e9 qu&rsquo;elle recentre ses priorit\u00e9s ailleurs que sur des v\u00e9los d&rsquo;enfants de classes de maternelle, sauf \u00e0 rechercher une publicit\u00e9 d\u00e9sagr\u00e9able avant les \u00e9lections municipales.<\/em><\/div>\n<div><em><br \/>\n<\/em><\/div>\n<p><em> <\/em><\/p>\n<div><em>Priorit\u00e9 qui pourrait passer par exemple, par la suppression d&rsquo;une place de parking voiture et sa transformation en parking v\u00e9lo bien en \u00e9vidence. Cela serait plus judicieux que les remontrances \u00e0 l&rsquo;\u00e9gard de jeunes enfants que nous \u00e9duquons dans l&rsquo;espoir qu&rsquo;ils deviennent des citoyens cyclistes avertis qui laisseront un air meilleur et avec moins de particules fines issues du diesel \u00e0 leurs propres enfants.<\/em><\/div>\n<div><em><br \/>\n<\/em><\/div>\n<p><em> <\/em><\/p>\n<div><em>Je vous prie de recevoir mes sinc\u00e8res salutations, en esp\u00e9rant que vous saurez rendre mon v\u0153ux ci dessus possible d\u00e8s 2014!\u00a0\u00bb<\/em><\/div>\n<div><em><br \/>\n<\/em><\/div>\n<p><em> <\/em><\/p>\n<div>Je pense que lorsque je recevrai une r\u00e9ponse, je passerai pour un fou. Mais nous sommes nombreux \u00e0 ne plus nous laisser faire et \u00e0 d\u00e9fendre pi\u00e9tons et cyclistes face au tout-bagnoles, alors nous serons la norme et les lignes seront bien oblig\u00e9es de bouger&#8230;<\/div>\n<div>Amicalement<\/div>\n","protected":false},"excerpt":{"rendered":"<p>Je tenais \u00e0 travers cet article \u00e0 vous faire partager le courrier que j&rsquo;ai envoy\u00e9 aujourd&rsquo;hui \u00e0 ma mairie. Les v\u00e9los d&rsquo;enfant qui posent probl\u00e8me, car ils risqueraient d&rsquo;\u00e9borgner de <a class=\"more-link\" href=\"https:\/\/carfree.fr\/index.php\/2014\/01\/20\/comment-decourager-les-enfants-de-faire-du-velo\/\">Lire la suite&#8230;<\/a><\/p>\n","protected":false},"author":307,"featured_media":21711,"comment_status":"open","ping_status":"closed","sticky":false,"template":"","format":"standard","meta":[],"categories":[9,7],"tags":[181,646,640,1301,588,101,215,1664],"views":9569,"_links":{"self":[{"href":"https:\/\/carfree.fr\/index.php\/wp-json\/wp\/v2\/posts\/21708"}],"collection":[{"href":"https:\/\/carfree.fr\/index.php\/wp-json\/wp\/v2\/posts"}],"about":[{"href":"https:\/\/carfree.fr\/index.php\/wp-json\/wp\/v2\/types\/post"}],"author":[{"embeddable":true,"href":"https:\/\/carfree.fr\/index.php\/wp-json\/wp\/v2\/users\/307"}],"replies":[{"embeddable":true,"href":"https:\/\/carfree.fr\/index.php\/wp-json\/wp\/v2\/comments?post=21708"}],"version-history":[{"count":0,"href":"https:\/\/carfree.fr\/index.php\/wp-json\/wp\/v2\/posts\/21708\/revisions"}],"wp:featuredmedia":[{"embeddable":true,"href":"https:\/\/carfree.fr\/index.php\/wp-json\/"}],"wp:attachment":[{"href":"https:\/\/carfree.fr\/index.php\/wp-json\/wp\/v2\/media?parent=21708"}],"wp:term":[{"taxonomy":"category","embeddable":true,"href":"https:\/\/carfree.fr\/index.php\/wp-json\/wp\/v2\/categories?post=21708"},{"taxonomy":"post_tag","embeddable":true,"href":"https:\/\/carfree.fr\/index.php\/wp-json\/wp\/v2\/tags?post=21708"}],"curies":[{"name":"wp","href":"https:\/\/api.w.org\/{rel}","templated":true}]}}