{"id":21825,"date":"2014-01-29T10:54:33","date_gmt":"2014-01-29T09:54:33","guid":{"rendered":"http:\/\/carfree.fr\/?p=21825"},"modified":"2020-10-21T11:15:50","modified_gmt":"2020-10-21T10:15:50","slug":"le-velo-coute-cher","status":"publish","type":"post","link":"https:\/\/carfree.fr\/index.php\/2014\/01\/29\/le-velo-coute-cher\/","title":{"rendered":"\u00ab\u00a0Le v\u00e9lo co\u00fbte cher\u00a0\u00bb"},"content":{"rendered":"<p>Incroyable! On aurait pu penser que les pires attaques du v\u00e9lo viendraient du lobby automobile, alors que c&rsquo;est la F\u00e9d\u00e9ration Nationale des Associations d&rsquo;Usagers des Transports (FNAUT) qui s\u00e8me une fois de plus le trouble avec une \u00e9tude expliquant que le v\u00e9lo co\u00fbte plus cher que le covoiturage&#8230; <!--more--> O\u00f9 est le probl\u00e8me avec la FNAUT? En peu de temps, cette association cens\u00e9e repr\u00e9senter les \u00ab\u00a0usagers des transports\u00a0\u00bb ruine peu \u00e0 peu le cr\u00e9dit qu&rsquo;elle pouvait avoir.<\/p>\n<p>Il y a peu, son pr\u00e9sident Jean Sivardi\u00e8re d\u00e9clarait de mani\u00e8re totalement d\u00e9magogique que la gratuit\u00e9 des transports collectifs urbains \u00e9tait \u00ab\u00a0une id\u00e9e dangereuse qui favorise l&rsquo;\u00e9talement urbain\u00a0\u00bb.<\/p>\n<p>Nous avions pu montrer <a title=\"http:\/\/carfree.fr\/index.php\/2013\/11\/28\/la-gratuite-est-une-idee-dangereuse\/\" href=\"http:\/\/carfree.fr\/index.php\/2013\/11\/28\/la-gratuite-est-une-idee-dangereuse\/\" target=\"_blank\" rel=\"noopener\">dans cet article<\/a> que cette d\u00e9claration hasardeuse n&rsquo;\u00e9tait rien de plus qu&rsquo;une charge id\u00e9ologique contre la gratuit\u00e9 des transports collectifs urbains. Entendons-nous bien, la FNAUT est libre d&rsquo;\u00eatre oppos\u00e9e \u00e0 la gratuit\u00e9, m\u00eame si cela peut para\u00eetre bizarre pour une association d\u00e9fendant les int\u00e9r\u00eats des \u00ab\u00a0usagers des transports\u00a0\u00bb, mais elle se doit alors de l&rsquo;expliquer sur la base d&rsquo;arguments s\u00e9rieux.<\/p>\n<p>Aujourd&rsquo;hui, on apprend par V\u00e9lomaxou que la FNAUT soutient \u00e0 bout de bras les conclusions d&rsquo;une <a title=\"http:\/\/www.ecomobilite.org\/IMG\/pdf\/fnaut-coutmodes2011.pdf\" href=\"http:\/\/www.ecomobilite.org\/IMG\/pdf\/fnaut-coutmodes2011.pdf\" target=\"_blank\" rel=\"noopener\">\u00e9tude<\/a> qu&rsquo;elle a commandit\u00e9e \u00e0 un cabinet d&rsquo;\u00e9tudes \u00e9conomiques et qui donne un co\u00fbt kilom\u00e9trique moyen du v\u00e9lo de 15 centimes d&rsquo;euros!<\/p>\n<p>Cette \u00e9tude, destin\u00e9e \u00e0 comparer le co\u00fbt kilom\u00e9trique des diff\u00e9rents moyens de transport, arrive ainsi \u00e0 conclure que le v\u00e9lo co\u00fbte aussi cher au kilom\u00e8tre que le covoiturage (\u00e0 partir de deux personnes) et m\u00eame plus cher que le covoiturage (\u00e0 partir de trois personnes dans la voiture).<\/p>\n<p>Selon cette brillante \u00e9tude, le v\u00e9lo co\u00fbte ainsi au kilom\u00e8tre plus cher que le covoiturage, mais aussi plus cher que le TER ou les transports collectifs urbains. Et m\u00eame par rapport \u00e0 la voiture, la comparaison n&rsquo;est pas vraiment flatteuse pour le v\u00e9lo, \u00e0 savoir 15 centimes\/km contre 27 centimes pour l&rsquo;automobiliste seul dans sa voiture&#8230;<\/p>\n<p>Comment est-ce possible? Tout simplement parce que les chiffres utilis\u00e9s dans ce rapport sont compl\u00e9tement bidons! On savait d\u00e9j\u00e0 que les \u00e9conomistes racontaient <a title=\"http:\/\/carfree.fr\/index.php\/2011\/11\/18\/quelle-est-la-vitesse-dun-economiste-a-vol-doiseau\/\" href=\"http:\/\/carfree.fr\/index.php\/2011\/11\/18\/quelle-est-la-vitesse-dun-economiste-a-vol-doiseau\/\" target=\"_blank\" rel=\"noopener\">\u00e0 peu pr\u00e8s n&rsquo;importe quoi sur la mobilit\u00e9<\/a>, mais l\u00e0 on atteint un nouveau sommet.<\/p>\n<p>En effet, le cabinet d&rsquo;\u00e9tudes \u00e9conomiques s&rsquo;est content\u00e9 de cumuler l&rsquo;ensemble des d\u00e9penses d&rsquo;achat de v\u00e9los sur une ann\u00e9e donn\u00e9e, y compris les pi\u00e8ces d\u00e9tach\u00e9es et les accessoires, et de diviser cela par le nombre total de voyageurs\/km \u00e0 v\u00e9lo sur une ann\u00e9e.<\/p>\n<p>Premier \u00e9cueil, les achats de v\u00e9los et de pi\u00e8ces d\u00e9tach\u00e9es concernent tous les types de v\u00e9los (VTT, v\u00e9lo de course, v\u00e9lo de ville, etc.), autrement dit de nombreux v\u00e9los qui ne servent jamais au d\u00e9placement, mais seulement au sport ou aux loisirs. Or, ce sont tr\u00e8s souvent les v\u00e9los qui co\u00fbtent les plus chers. Les v\u00e9ritables passionn\u00e9s du v\u00e9lo sur route ou sur les chemins peuvent mettre parfois des milliers d&rsquo;euros dans leur v\u00e9lo. A titre d&rsquo;exemple, tous les v\u00e9los de comp\u00e9tition dont les prix peuvent d\u00e9passer les 10 ou 20.000 euros sont int\u00e9gr\u00e9s dans le calcul&#8230;<\/p>\n<p>Inversement, ceux qui utilisent le v\u00e9lo tous les jours pour leurs d\u00e9placements et qui les garent un peu partout en ville pr\u00e9f\u00e8rent en g\u00e9n\u00e9ral des montures moins ch\u00e8res, moins risqu\u00e9es en cas de vol&#8230;<\/p>\n<p>Second \u00e9cueil, les voyageurs\/km utilis\u00e9s pour le calcul proviennent de l\u2019enqu\u00eate nationale transports et d\u00e9placements (2008). Sauf que la m\u00e9thodologie atteint ici vite ses limites. Si on s&rsquo;int\u00e9resse aux motifs de d\u00e9placements retenus dans le cadre de cette enqu\u00eate, on peut constater qu&rsquo;il n&rsquo;existe pas de motif\u00a0 \u00ab\u00a0faire du sport avec son v\u00e9lo\u00a0\u00bb. Donc, en toute logique, les cyclistes qui se tapent des centaines de kilom\u00e8tres tous les week-end ne sont pas pris en compte, ce qui semble d&rsquo;ailleurs plut\u00f4t normal pour une enqu\u00eate \u00ab\u00a0transport et d\u00e9placement\u00a0\u00bb.<\/p>\n<p>Le probl\u00e8me, c&rsquo;est que l&rsquo;indicateur calcul\u00e9 par le cabinet d&rsquo;\u00e9tudes prend en compte tous les v\u00e9los achet\u00e9s \u00e0 des fins uniquement sportives et qui ne servent pas aux d\u00e9placements, mais tr\u00e8s probablement pas le kilom\u00e9trage r\u00e9alis\u00e9 par ces v\u00e9los dans le calcul du co\u00fbt kilom\u00e9trique&#8230;<\/p>\n<p>Autrement dit, pour d\u00e9terminer le co\u00fbt kilom\u00e9trique du v\u00e9lo, il y a de fortes probabilit\u00e9s pour que l&rsquo;on divise ici des choux par des carottes! En toute logique, pour d\u00e9terminer un co\u00fbt kilom\u00e9trique r\u00e9el du v\u00e9lo, pour les gens qui s&rsquo;en servent comme un mode de d\u00e9placement et non pas pour les automobilistes qui font du v\u00e9lo le dimanche, il faudrait diviser les d\u00e9penses d&rsquo;achat et d&rsquo;entretien des v\u00e9los utilis\u00e9s r\u00e9ellement pour le d\u00e9placement par les kilom\u00e8tres parcourus \u00e0 v\u00e9lo pour les d\u00e9placements.<\/p>\n<p>Troisi\u00e8me \u00e9cueil, le cabinet d&rsquo;\u00e9tudes \u00e9conomiques avoue lui-m\u00eame que les chiffres relatifs aux voyageurs\/km \u00e0 v\u00e9lo sont \u00ab\u00a0sous-estim\u00e9s\u00a0\u00bb. Pourquoi sont-ils sous-estim\u00e9s? Voir \u00e9cueil num\u00e9ro 2&#8230; Ils sont en fait sous-estim\u00e9s car historiquement, ils sont tr\u00e8s mal pris en compte. Les logiques \u00e0 l\u2019\u0153uvre depuis des ann\u00e9es privil\u00e9gient syst\u00e9matiquement les modes motoris\u00e9s, que ce soit pour les enqu\u00eates de trafic ou de transport. En fait, les pouvoirs publics connaissent tr\u00e8s mal la pratique r\u00e9elle du v\u00e9lo.<\/p>\n<p>C&rsquo;est pourquoi, le cabinet d&rsquo;\u00e9tudes applique \u00ab\u00a0un coefficient de redressement de 1,77\u00a0\u00bb afin de gonfler un peu plus les voyageurs\/km, sans que l&rsquo;on sache d&rsquo;o\u00f9 ce coefficient provient et comment il est d\u00e9termin\u00e9&#8230; Pourquoi ne pas multiplier par 2,2 ou 3,3 par exemple?<\/p>\n<p>Bref, la m\u00e9thode de calcul du co\u00fbt kilom\u00e9trique du v\u00e9lo para\u00eet bien approximative. En fait, elle fournit juste une indication, tr\u00e8s partielle, de la r\u00e9alit\u00e9. Sauf qu&rsquo;ici, elle fournit un chiffre rond, qui sonne bien \u00e0 l&rsquo;oreille, \u00e0 savoir 0,15 euro\/km, et dont les m\u00e9dias vont ensuite se d\u00e9lecter, comme par exemple les <a title=\"http:\/\/www.dna.fr\/economie\/2014\/01\/25\/11-74-euros\" href=\"http:\/\/www.dna.fr\/economie\/2014\/01\/25\/11-74-euros\" target=\"_blank\" rel=\"noopener\">Derni\u00e8res Nouvelles d&rsquo;Alsace<\/a>. Et apr\u00e8s le buzz est lanc\u00e9 et on retrouve l&rsquo;info sur tous les forums de bagnolards sous l&rsquo;angle \u00ab\u00a0vous voyez bien on a raison de continuer \u00e0 bagnoler vu comment \u00e7a co\u00fbte cher le v\u00e9lo!\u00a0\u00bb<\/p>\n<p>C&rsquo;est pourquoi, on pourrait tout aussi bien utiliser d&rsquo;autres chiffres tout aussi officiels, qui disent tout autre chose. Ainsi, l&rsquo;ADEME calcule un prix annuel pour une petite voiture d\u2019environ 4000\u20ac, le prix annuel d\u2019un v\u00e9lo \u00e9tant de l\u2019ordre de 280\u20ac, soit un rapport de 1 \u00e0 14! (Source: VERS UNE PRATIQUE QUOTIDIENNE DU V\u00c9LO EN VILLE &#8211; Au del\u00e0 de la piste cyclable, comment favoriser le choix individuel pour le v\u00e9lo?).<\/p>\n<p>A moins d&rsquo;entrer \u00e0 14 dans une voiture en covoiturage, le v\u00e9lo reste ici nettement moins cher que la voiture&#8230;<\/p>\n<blockquote><p><em>Mon co\u00fbt kilom\u00e9trique du v\u00e9lo est donc de&#8230; 2 centimes par kilom\u00e8tre!\u00a0\u00bb<\/em><\/p><\/blockquote>\n<p>Mais, il y a mieux que les chiffres de l&rsquo;Ademe ou de l&rsquo;enqu\u00eate transports. Il y a mon propre v\u00e9cu. Le dernier v\u00e9lo neuf que j&rsquo;ai achet\u00e9 date de 2004, je l&rsquo;ai pay\u00e9 \u00e0 l&rsquo;\u00e9poque environ 400 euros, soit une moyenne de 40 euros par an (j&rsquo;arrondis). Je cr\u00e8ve en moyenne une fois par an (j&rsquo;arrondis). On peut donc estimer en comptant tr\u00e8s large que le v\u00e9lo me revient \u00e0 50 euros par an (j&rsquo;arrondis), soit environ 4,16 euros\/mois. Je fais en moyenne 6 kilom\u00e8tres par jour (sauf le dimanche, repos!), soit environ 144 kilom\u00e8tres par mois. Mon co\u00fbt kilom\u00e9trique du v\u00e9lo est donc de&#8230; 2 centimes par kilom\u00e8tre! Et pourtant, mon kilom\u00e9trage quotidien est particuli\u00e8rement faible&#8230;<\/p>\n<p>Pr\u00e9cision: un cycliste quotidien qui roule avec un v\u00e9lo d&rsquo;occasion et fait plus de kilom\u00e8tres que moi peut encore faire baisser ce co\u00fbt kilom\u00e9trique&#8230;<\/p>\n<p>Faites vos calculs et lan\u00e7ons m\u00eame un grand jeu: comment arriver \u00e0 payer un co\u00fbt kilom\u00e9trique du v\u00e9lo de 15 centimes? Faut-il installer une sonnette en or massif ou faire moins de 5 kilom\u00e8tres par an?<\/p>\n<p>A moins qu&rsquo;il s&rsquo;agisse d&rsquo;une strat\u00e9gie d\u00e9lib\u00e9r\u00e9e de la FNAUT dans le cadre de la mise en place de l&rsquo;indemnit\u00e9 kilom\u00e9trique v\u00e9lo! Maximiser le co\u00fbt kilom\u00e9trique du v\u00e9lo pour obtenir le maximum le jour o\u00f9 un gouvernement mettra en place, peut-\u00eatre, une telle indemnit\u00e9&#8230; Sauf qu&rsquo;\u00e0 ce compte-l\u00e0, il aurait fallu y aller plus fort, les Belges ont d\u00e9j\u00e0 une indemnit\u00e9 kilom\u00e9trique v\u00e9lo de 21 centimes\/km! En Autriche, elle est de 24 centimes par kilom\u00e8tre puis de 47 centimes par kilom\u00e8tre \u00e0 partir du sixi\u00e8me kilom\u00e8tre&#8230; Avec 15 centimes\/km, on va appara\u00eetre comme des petits joueurs&#8230;<\/p>\n<p>La FNAUT refuse donc les transports collectifs urbains gratuits et veut faire passer le v\u00e9lo pour plus cher qu&rsquo;il n&rsquo;est. Est-elle f\u00e2ch\u00e9e avec les chiffres ou avec les alternatives \u00e0 l\u2019automobile? Ce qui serait f\u00e2cheux pour une association cens\u00e9e repr\u00e9senter les \u00ab\u00a0usagers des transports\u00a0\u00bb&#8230;<\/p>\n","protected":false},"excerpt":{"rendered":"<p>Incroyable! On aurait pu penser que les pires attaques du v\u00e9lo viendraient du lobby automobile, alors que c&rsquo;est la F\u00e9d\u00e9ration Nationale des Associations d&rsquo;Usagers des Transports (FNAUT) qui s\u00e8me une <a class=\"more-link\" href=\"https:\/\/carfree.fr\/index.php\/2014\/01\/29\/le-velo-coute-cher\/\">Lire la suite&#8230;<\/a><\/p>\n","protected":false},"author":18,"featured_media":35558,"comment_status":"open","ping_status":"closed","sticky":false,"template":"","format":"standard","meta":[],"categories":[4,127,9,8,7],"tags":[1709,731,326,306,11,646,1603,313,935,1664],"views":31537,"_links":{"self":[{"href":"https:\/\/carfree.fr\/index.php\/wp-json\/wp\/v2\/posts\/21825"}],"collection":[{"href":"https:\/\/carfree.fr\/index.php\/wp-json\/wp\/v2\/posts"}],"about":[{"href":"https:\/\/carfree.fr\/index.php\/wp-json\/wp\/v2\/types\/post"}],"author":[{"embeddable":true,"href":"https:\/\/carfree.fr\/index.php\/wp-json\/wp\/v2\/users\/18"}],"replies":[{"embeddable":true,"href":"https:\/\/carfree.fr\/index.php\/wp-json\/wp\/v2\/comments?post=21825"}],"version-history":[{"count":0,"href":"https:\/\/carfree.fr\/index.php\/wp-json\/wp\/v2\/posts\/21825\/revisions"}],"wp:featuredmedia":[{"embeddable":true,"href":"https:\/\/carfree.fr\/index.php\/wp-json\/wp\/v2\/media\/35558"}],"wp:attachment":[{"href":"https:\/\/carfree.fr\/index.php\/wp-json\/wp\/v2\/media?parent=21825"}],"wp:term":[{"taxonomy":"category","embeddable":true,"href":"https:\/\/carfree.fr\/index.php\/wp-json\/wp\/v2\/categories?post=21825"},{"taxonomy":"post_tag","embeddable":true,"href":"https:\/\/carfree.fr\/index.php\/wp-json\/wp\/v2\/tags?post=21825"}],"curies":[{"name":"wp","href":"https:\/\/api.w.org\/{rel}","templated":true}]}}