{"id":21913,"date":"2014-02-12T08:02:50","date_gmt":"2014-02-12T07:02:50","guid":{"rendered":"http:\/\/carfree.fr\/?p=21913"},"modified":"2015-10-22T16:04:20","modified_gmt":"2015-10-22T15:04:20","slug":"voiture-electrique-la-fausse-bonne-idee-ecologique","status":"publish","type":"post","link":"https:\/\/carfree.fr\/index.php\/2014\/02\/12\/voiture-electrique-la-fausse-bonne-idee-ecologique\/","title":{"rendered":"Voiture \u00e9lectrique: la fausse bonne id\u00e9e \u00e9cologique"},"content":{"rendered":"<p>Je suis tr\u00e8s surpris par la publication r\u00e9cente dans un magazine \u00e9conomique \u00ab\u00a0s\u00e9rieux\u00a0\u00bb d&rsquo;un article sur un v\u00e9hicule \u00e9lectrique haut de gamme, article que l&rsquo;on pourrait trouver dans n&rsquo;importe quel magazine sp\u00e9cialis\u00e9 sur l&rsquo;automobile. <!--more--><\/p>\n<p>Pourquoi un tel article ? S&rsquo;agit-il de pr\u00e9senter une solution aux crises \u00e9conomique et \u00e9cologique qui touchent la plan\u00e8te enti\u00e8re ? Les grands lobbies industriels et bancaires, largement responsables de la d\u00e9gradation de l&rsquo;environnement, avec des cons\u00e9quences sociales d\u00e9sastreuses, sont pass\u00e9s maitre dans l&rsquo;art du greenwashing, et force est de constater que leur discours r\u00e9ussit \u00e0 impr\u00e9gner toutes les sph\u00e8res politiques, syndicales et m\u00e9diatiques, cet article dans cette revue en est l&rsquo;illustration !<\/p>\n<p>En effet un mythe se r\u00e9pand de plus en plus : celui du v\u00e9hicule \u00e9lectrique, \u00ab\u00a0voiture propre, verte, z\u00e9ro \u00e9mission\u00a0\u00bb. Gr\u00e2ce \u00e0 lui la pollution atmosph\u00e9rique dans nos villes va dispara\u00eetre, les \u00e9missions de gaz \u00e0 effet de serre diminuer et le climat sera sauv\u00e9 !<\/p>\n<p>Qu&rsquo;en est-il en r\u00e9alit\u00e9 ? Pour qu&rsquo;il y ait r\u00e9duction sensible de la pollution il faudrait que le parc automobile \u00e0 moteur thermique soit remplac\u00e9 en quasi totalit\u00e9 par des v\u00e9hicules \u00e9lectriques. Est-ce possible et avec quelles cons\u00e9quences ? Bien que le probl\u00e8me soit mondial examinons le cas de la France.<\/p>\n<p>Dans la consommation \u00e9nerg\u00e9tique fran\u00e7aise, le transport de marchandises et de personnes repr\u00e9sente 33% environ dont 95% par des v\u00e9hicules thermiques et l&rsquo;\u00e9lectricit\u00e9 sp\u00e9cifique (logements, entreprises&#8230;) seulement 20% assur\u00e9e \u00e0 85% par les centrales nucl\u00e9aires.<\/p>\n<p>Remplacer le parc automobile existant par de l&rsquo;\u00e9lectrique exigerait de doubler voire tripler la production fran\u00e7aise d&rsquo;\u00e9lectricit\u00e9. Les \u00e9nergies renouvelables ne pouvant satisfaire cette demande il faudrait :<br \/>\n\u2022 soit construire 100 \u00e0 150 nouveaux r\u00e9acteurs nucl\u00e9aires(!) sachant que les 58 existants doivent \u00eatre ferm\u00e9s d&rsquo;ici 2030. Sans commentaire.<br \/>\n\u2022 Soit relancer la production par des centrales au charbon et dans ce cas l&rsquo;avantage pr\u00e9sent\u00e9 initialement de la r\u00e9duction des \u00e9missions de gaz polluants dispara\u00eet.<\/p>\n<p>L&rsquo;usage de la voiture \u00e9lectrique n\u00e9cessite de transporter le courant de la centrale jusqu&rsquo;\u00e0 l&rsquo;utilisateur d&rsquo;o\u00f9 la n\u00e9cessit\u00e9 d&rsquo;am\u00e9nager un lourd et co\u00fbteux r\u00e9seau de bornes adapt\u00e9es pour les recharges de batteries. <\/p>\n<p>D&rsquo;autre part si l&rsquo;on tient compte du rendement d&rsquo;une centrale \u00e9lectrique (30 \u00e0 35%), des pertes en ligne, dans les transformateurs, les redresseurs de courant, dans le cycle charge-d\u00e9charge de la batterie (40% de perte!), etc. le rapport \u00e9nergie utile\/\u00e9nergie primaire de la voiture \u00e9lectrique n&rsquo;est que de 7 \u00e0 8 % alors qu&rsquo;il atteint couramment 25% avec la voiture thermique. Dans cette voie, nous n&rsquo;allons donc pas dans le sens de l&rsquo;am\u00e9lioration de l&rsquo;efficacit\u00e9 \u00e9nerg\u00e9tique pourtant exig\u00e9e dans tous les sc\u00e9narios s\u00e9rieux sur la transition \u00e9nerg\u00e9tique.<\/p>\n<p>La multiplication des batteries engendrerait de s\u00e9rieux probl\u00e8mes, de pollution d&rsquo;une part, g\u00e9opolitiques pour l&rsquo;approvisionnement en lithium et terres rares d&rsquo;autre part, qui m\u00e9riteraient un dossier complet dans ce magazine plut\u00f4t que cet article \u00ab\u00a0Tesla\u00a0\u00bb.<\/p>\n<p>Le v\u00e9hicule \u00e9lectrique, tr\u00e8s cher, reste inaccessible \u00e0 la grande majorit\u00e9 de la population et il n&rsquo;est pas anodin de constater que la candidate de la droite \u00e0 Paris propose dans son programme \u00e9cologique de n&rsquo;autoriser l&rsquo;acc\u00e8s des arrondissements centraux qu&rsquo;\u00e0 ce type de v\u00e9hicule. Sans doute a-t-elle le souci de m\u00e9nager les poumons de ses amis SDF avec qui elle fume la clope sur les trottoirs ? Quand l&rsquo;environnement rejoint le social !<\/p>\n<p>Enfin, quel que soit le mode de propulsion choisi reste le probl\u00e8me de l&rsquo;occupation abusive de l&rsquo;espace public par la voiture \u00e0 usage individuel et des investissements d\u00e9mesur\u00e9s-parking, autoroute&#8230;- qui lui ont \u00e9t\u00e9 consacr\u00e9s (et le sont encore malgr\u00e9 les directives du Grenelle de l&rsquo;environnement). Investissements financ\u00e9s par tous alors qu&rsquo;une large minorit\u00e9 de la population n&rsquo;a pas acc\u00e8s \u00e0 l&rsquo;usage de la voiture individuelle pour une mobilit\u00e9 autonome. Investissements qui poussent \u00e0 l&rsquo;\u00e9talement urbain et la disparition de terres agricoles et foresti\u00e8res, qui se sont fait au d\u00e9triment d&rsquo; autres usages plus judicieux de l&rsquo;espace public et de solutions alternatives plus respectueuses de l&rsquo;environnement (marche, v\u00e9lo, transport en commun intermodalit\u00e9, covoiturage&#8230;).<\/p>\n<p>Une r\u00e9flexion sur la mobilit\u00e9 pour tous et l&rsquo;environnement doit \u00eatre globale et ne peut pas se r\u00e9duire \u00e0 un simple changement de la technologie du v\u00e9hicule. C&rsquo;est ce que j&rsquo;attends d&rsquo;un magazine s\u00e9rieux en esp\u00e9rant qu&rsquo;il ne se transformera pas en Auto Ecolo (oxymore).<\/p>\n","protected":false},"excerpt":{"rendered":"<p>Je suis tr\u00e8s surpris par la publication r\u00e9cente dans un magazine \u00e9conomique \u00ab\u00a0s\u00e9rieux\u00a0\u00bb d&rsquo;un article sur un v\u00e9hicule \u00e9lectrique haut de gamme, article que l&rsquo;on pourrait trouver dans n&rsquo;importe quel <a class=\"more-link\" href=\"https:\/\/carfree.fr\/index.php\/2014\/02\/12\/voiture-electrique-la-fausse-bonne-idee-ecologique\/\">Lire la suite&#8230;<\/a><\/p>\n","protected":false},"author":1398,"featured_media":36341,"comment_status":"open","ping_status":"closed","sticky":false,"template":"","format":"standard","meta":[],"categories":[52,73],"tags":[11,84,60,351,926,694,263,363],"views":19288,"_links":{"self":[{"href":"https:\/\/carfree.fr\/index.php\/wp-json\/wp\/v2\/posts\/21913"}],"collection":[{"href":"https:\/\/carfree.fr\/index.php\/wp-json\/wp\/v2\/posts"}],"about":[{"href":"https:\/\/carfree.fr\/index.php\/wp-json\/wp\/v2\/types\/post"}],"author":[{"embeddable":true,"href":"https:\/\/carfree.fr\/index.php\/wp-json\/wp\/v2\/users\/1398"}],"replies":[{"embeddable":true,"href":"https:\/\/carfree.fr\/index.php\/wp-json\/wp\/v2\/comments?post=21913"}],"version-history":[{"count":0,"href":"https:\/\/carfree.fr\/index.php\/wp-json\/wp\/v2\/posts\/21913\/revisions"}],"wp:featuredmedia":[{"embeddable":true,"href":"https:\/\/carfree.fr\/index.php\/wp-json\/wp\/v2\/media\/36341"}],"wp:attachment":[{"href":"https:\/\/carfree.fr\/index.php\/wp-json\/wp\/v2\/media?parent=21913"}],"wp:term":[{"taxonomy":"category","embeddable":true,"href":"https:\/\/carfree.fr\/index.php\/wp-json\/wp\/v2\/categories?post=21913"},{"taxonomy":"post_tag","embeddable":true,"href":"https:\/\/carfree.fr\/index.php\/wp-json\/wp\/v2\/tags?post=21913"}],"curies":[{"name":"wp","href":"https:\/\/api.w.org\/{rel}","templated":true}]}}