{"id":21923,"date":"2014-02-13T09:22:55","date_gmt":"2014-02-13T08:22:55","guid":{"rendered":"http:\/\/carfree.fr\/?p=21923"},"modified":"2021-09-22T08:24:43","modified_gmt":"2021-09-22T07:24:43","slug":"lurbanisme-cest-mon-affaire","status":"publish","type":"post","link":"https:\/\/carfree.fr\/index.php\/2014\/02\/13\/lurbanisme-cest-mon-affaire\/","title":{"rendered":"\u00ab\u00a0L&rsquo;urbanisme, c&rsquo;est mon affaire !\u00a0\u00bb"},"content":{"rendered":"<p>Initi\u00e9e par l\u2019APUMP (Association des Professionnels de l\u2019Urbanisme de Midi-Pyr\u00e9n\u00e9es), la campagne \u00ab\u00a0L&rsquo;urbanisme, c&rsquo;est mon affaire !\u00a0\u00bb s\u2019adresse aux citoyens et a pour ambition d\u2019\u00eatre un levier int\u00e9ressant pour favoriser le d\u00e9bat public au-del\u00e0 du p\u00e9rim\u00e8tre toulousain et d\u2019un public averti. <!--more--><\/p>\n<p>L\u2019urbanisme impacte la vie de chacun.<\/p>\n<p>Il devrait donc \u00eatre un des enjeux des prochaines \u00e9lections, mais les d\u00e9bats sont rarement \u00e0 la hauteur et les citoyens ont du mal \u00e0 y trouver leur place.<\/p>\n<p>Avec la campagne \u00ab L\u2019urbanisme, c\u2019est mon affaire ! \u00bb, il ne s\u2019agit pas d\u2019apporter des r\u00e9ponses \u00e0 des situations locales mais de probl\u00e9matiser et d\u2019ouvrir des perspectives sous la forme d\u2019affiches au format \u00ab A4\u2033 facilement accessibles et diffusables.<\/p>\n<p>Libre \u00e0 chacun de s\u2019en servir pour enrichir ses r\u00e9flexions, diffuser des id\u00e9es et bien s\u00fbr interpeller les candidat(e)s.<\/p>\n","protected":false},"excerpt":{"rendered":"<p>Initi\u00e9e par l\u2019APUMP (Association des Professionnels de l\u2019Urbanisme de Midi-Pyr\u00e9n\u00e9es), la campagne \u00ab\u00a0L&rsquo;urbanisme, c&rsquo;est mon affaire !\u00a0\u00bb s\u2019adresse aux citoyens et a pour ambition d\u2019\u00eatre un levier int\u00e9ressant pour favoriser <a class=\"more-link\" href=\"https:\/\/carfree.fr\/index.php\/2014\/02\/13\/lurbanisme-cest-mon-affaire\/\">Lire la suite&#8230;<\/a><\/p>\n","protected":false},"author":38,"featured_media":37526,"comment_status":"open","ping_status":"closed","sticky":false,"template":"","format":"standard","meta":[],"categories":[4,9,70],"tags":[31,175,138,1285,287,218,35],"views":7727,"_links":{"self":[{"href":"https:\/\/carfree.fr\/index.php\/wp-json\/wp\/v2\/posts\/21923"}],"collection":[{"href":"https:\/\/carfree.fr\/index.php\/wp-json\/wp\/v2\/posts"}],"about":[{"href":"https:\/\/carfree.fr\/index.php\/wp-json\/wp\/v2\/types\/post"}],"author":[{"embeddable":true,"href":"https:\/\/carfree.fr\/index.php\/wp-json\/wp\/v2\/users\/38"}],"replies":[{"embeddable":true,"href":"https:\/\/carfree.fr\/index.php\/wp-json\/wp\/v2\/comments?post=21923"}],"version-history":[{"count":0,"href":"https:\/\/carfree.fr\/index.php\/wp-json\/wp\/v2\/posts\/21923\/revisions"}],"wp:featuredmedia":[{"embeddable":true,"href":"https:\/\/carfree.fr\/index.php\/wp-json\/wp\/v2\/media\/37526"}],"wp:attachment":[{"href":"https:\/\/carfree.fr\/index.php\/wp-json\/wp\/v2\/media?parent=21923"}],"wp:term":[{"taxonomy":"category","embeddable":true,"href":"https:\/\/carfree.fr\/index.php\/wp-json\/wp\/v2\/categories?post=21923"},{"taxonomy":"post_tag","embeddable":true,"href":"https:\/\/carfree.fr\/index.php\/wp-json\/wp\/v2\/tags?post=21923"}],"curies":[{"name":"wp","href":"https:\/\/api.w.org\/{rel}","templated":true}]}}