{"id":22067,"date":"2014-03-05T09:00:10","date_gmt":"2014-03-05T08:00:10","guid":{"rendered":"http:\/\/carfree.fr\/?p=22067"},"modified":"2016-05-23T19:33:45","modified_gmt":"2016-05-23T18:33:45","slug":"merci-les-bonnets-rouges","status":"publish","type":"post","link":"https:\/\/carfree.fr\/index.php\/2014\/03\/05\/merci-les-bonnets-rouges\/","title":{"rendered":"Merci les bonnets rouges !"},"content":{"rendered":"<p><img decoding=\"async\" loading=\"lazy\" title=\"suppression-ecotaxe\" src=\"http:\/\/carfree.fr\/images\/suppression-ecotaxe.jpg\" alt=\"\" width=\"420\" height=\"200\" \/><\/p>\n<p>Le mouvement des bonnets rouges pilot\u00e9 par le MEDEF et la FNSEA avait r\u00e9ussi l&rsquo;ann\u00e9e derni\u00e8re \u00e0 suspendre le <a title=\"http:\/\/carfree.fr\/index.php\/2013\/10\/29\/vive-lecotaxe\/\" href=\"http:\/\/carfree.fr\/index.php\/2013\/10\/29\/vive-lecotaxe\/\" target=\"_blank\">projet d&rsquo;\u00e9cotaxe<\/a>, pr\u00e9lev\u00e9e sur les poids lourds qui polluent sur les routes fran\u00e7aises. Or, le produit de cette \u00e9cotaxe devait servir entre autres \u00e0 financer de nombreux projets de transports en commun, voire m\u00eame des projets destin\u00e9s au v\u00e9lo. Aujourd&rsquo;hui, on d\u00e9couvre la liste de tous ces projets \u00e0 l&rsquo;arr\u00eat pour cause d&rsquo;abandon de l&rsquo;\u00e9cotaxe. <!--more--><\/p>\n<p>Outre le fait que la suspension de l&rsquo;\u00e9cotaxe fait perdre de l&rsquo;argent \u00e0 l&rsquo;Etat qui doit payer des d\u00e9dommagements \u00e0 la soci\u00e9t\u00e9 priv\u00e9e charg\u00e9e de la percevoir, on parle de plusieurs centaines de millions d&rsquo;euros, ce sont \u00e9galement de tr\u00e8s nombreux projets de transports en commun et donc les contrats de plan Etat-R\u00e9gions qui sont aujourd&rsquo;hui en suspens.<\/p>\n<p>\u00c9videment, de tr\u00e8s nombreux \u00e9lus de droite sont \u00e9galement contre l&rsquo;\u00e9cotaxe, vous pensez bien, un mouvement pilot\u00e9 par le MEDEF et la FNSEA, on est dans la m\u00eame ligne id\u00e9ologique! Au passage, ces \u00e9lus, qui cherchent d\u00e9sesp\u00e9r\u00e9ment \u00e0 faire oublier le<a title=\"http:\/\/www.lepoint.fr\/politique\/exclusif-8-millions-regles-par-l-ump-a-des-amis-de-cope-27-02-2014-1796074_20.php\" href=\"http:\/\/www.lepoint.fr\/politique\/exclusif-8-millions-regles-par-l-ump-a-des-amis-de-cope-27-02-2014-1796074_20.php\" target=\"_blank\"> scandale du financement occulte de l&rsquo;UMP<\/a>,  ont sans doute oubli\u00e9 que l&rsquo;\u00e9cotaxe faisait partie des mesures d\u00e9cid\u00e9es par le Grenelle de l\u2019environnement&#8230; quand ils \u00e9taient au gouvernement!<\/p>\n<p>Mais que voulez-vous, les \u00e9lections municipales approchent! Le bonnet rouge a un bulletin de vote et il ne vote pas vraiment rouge&#8230;<\/p>\n<p>Sauf que les <a title=\"http:\/\/carfree.fr\/index.php\/2013\/11\/19\/les-bonnets-verts-contre-la-hausse-de-la-tva-a-10-pour-les-transports-en-commun\/\" href=\"http:\/\/carfree.fr\/index.php\/2013\/11\/19\/les-bonnets-verts-contre-la-hausse-de-la-tva-a-10-pour-les-transports-en-commun\/\" target=\"_blank\">bonnets verts<\/a> aussi vont voter aux municipales et eux, ils souhaitent que la TVA sur les transports en commun reste \u00e0 5% car il s&rsquo;agit d&rsquo;un mode de d\u00e9placement particuli\u00e8rement \u00e9cologique par rapport \u00e0 l&rsquo;automobile.<\/p>\n<p>Pas de chance, on aura la double peine: augmentation de la TVA et donc des tarifs des transports en commun et arr\u00eat des nouveaux projets de transports en commun! En gros, il ne reste plus qu&rsquo;\u00e0 <a title=\"http:\/\/carfree.fr\/index.php\/2014\/02\/20\/pourquoi-nous-roulons-en-voiture\/\" href=\"http:\/\/carfree.fr\/index.php\/2014\/02\/20\/pourquoi-nous-roulons-en-voiture\/\" target=\"_blank\">se mettre \u00e0 la bagnole<\/a>&#8230;<\/p>\n<p>En effet, <a title=\"http:\/\/www.franceinfo.fr\/economie\/plus-de-100-projets-de-transport-suspendus-au-sort-de-l-ecotaxe-1336227-2014-03-01\" href=\"http:\/\/www.franceinfo.fr\/economie\/plus-de-100-projets-de-transport-suspendus-au-sort-de-l-ecotaxe-1336227-2014-03-01\" target=\"_blank\">France Info<\/a> r\u00e9v\u00e8le la liste d&rsquo;une centaine de projets de transports en commun qui devaient \u00eatre financ\u00e9s en partie par les 450 millions de recettes pr\u00e9vus par l&rsquo;\u00e9cotaxe, aujourd&rsquo;hui \u00e0 l&rsquo;arr\u00eat.<\/p>\n<p>Et il y a de tout, des lignes de tramway \u00e0 Marseille, Strasbourg ou Nantes, des lignes de bus \u00e0 Lille, Annecy ou encore Laval&#8230; En grande majorit\u00e9, ce sont des cr\u00e9ations, extensions ou am\u00e9nagements de ligne de bus (52 au total).<\/p>\n<p>Mais il y a \u00e9galement 16 lignes de tramway (nouvelles comme \u00e0 Amiens, \u00e0 Angers ou des prolongements comme \u00e0 Grenoble) et deux lignes de m\u00e9tro (en banlieue lyonnaise et \u00e0 Toulouse). Il y a aussi des funiculaires ou des t\u00e9l\u00e9ph\u00e9riques urbains comme celui de Brest, ainsi que des navettes fluviales comme dans l&rsquo;agglom\u00e9ration boulonnaise. On trouve aussi deux projets de tram-train \u00e0 Aubagne et en Lorraine et m\u00eame six projets de parkings v\u00e9lo s\u00e9curis\u00e9s \u00e0 Lille, Boulogne, Annemasse, Tours, etc.<\/p>\n<p>On dit donc merci aux Bretons, merci aux \u00e9lus de droite, merci au MEDEF et \u00e0 la FNSEA, merci aux bonnets rouges!<\/p>\n<p>Voir la liste des projets de transports en commun \u00e0 l&rsquo;arr\u00eat pour cause de suspension de l&rsquo;\u00e9cotaxe:<br \/>\n<a title=\"http:\/\/www.youscribe.com\/catalogue\/tous\/actualite-et-debat-de-societe\/medias\/les-projets-de-transport-suspendus-au-sort-de-l-ecotaxe-2404406\" href=\"http:\/\/www.youscribe.com\/catalogue\/tous\/actualite-et-debat-de-societe\/medias\/les-projets-de-transport-suspendus-au-sort-de-l-ecotaxe-2404406\" target=\"_blank\">http:\/\/www.youscribe.com\/catalogue\/tous\/actualite-et-debat-de-societe\/medias\/les-projets-de-transport-suspendus-au-sort-de-l-ecotaxe-2404406<\/a><\/p>\n","protected":false},"excerpt":{"rendered":"<p>Le mouvement des bonnets rouges pilot\u00e9 par le MEDEF et la FNSEA avait r\u00e9ussi l&rsquo;ann\u00e9e derni\u00e8re \u00e0 suspendre le projet d&rsquo;\u00e9cotaxe, pr\u00e9lev\u00e9e sur les poids lourds qui polluent sur les <a class=\"more-link\" href=\"https:\/\/carfree.fr\/index.php\/2014\/03\/05\/merci-les-bonnets-rouges\/\">Lire la suite&#8230;<\/a><\/p>\n","protected":false},"author":18,"featured_media":22068,"comment_status":"open","ping_status":"closed","sticky":false,"template":"","format":"standard","meta":[],"categories":[4,8,7],"tags":[484,498,438,1571,469,1597,568,1340,247,1584,1285,333,596,331,158,204,332,287,133,216,218,398,567,131,1664],"views":9570,"_links":{"self":[{"href":"https:\/\/carfree.fr\/index.php\/wp-json\/wp\/v2\/posts\/22067"}],"collection":[{"href":"https:\/\/carfree.fr\/index.php\/wp-json\/wp\/v2\/posts"}],"about":[{"href":"https:\/\/carfree.fr\/index.php\/wp-json\/wp\/v2\/types\/post"}],"author":[{"embeddable":true,"href":"https:\/\/carfree.fr\/index.php\/wp-json\/wp\/v2\/users\/18"}],"replies":[{"embeddable":true,"href":"https:\/\/carfree.fr\/index.php\/wp-json\/wp\/v2\/comments?post=22067"}],"version-history":[{"count":0,"href":"https:\/\/carfree.fr\/index.php\/wp-json\/wp\/v2\/posts\/22067\/revisions"}],"wp:featuredmedia":[{"embeddable":true,"href":"https:\/\/carfree.fr\/index.php\/wp-json\/"}],"wp:attachment":[{"href":"https:\/\/carfree.fr\/index.php\/wp-json\/wp\/v2\/media?parent=22067"}],"wp:term":[{"taxonomy":"category","embeddable":true,"href":"https:\/\/carfree.fr\/index.php\/wp-json\/wp\/v2\/categories?post=22067"},{"taxonomy":"post_tag","embeddable":true,"href":"https:\/\/carfree.fr\/index.php\/wp-json\/wp\/v2\/tags?post=22067"}],"curies":[{"name":"wp","href":"https:\/\/api.w.org\/{rel}","templated":true}]}}