{"id":221,"date":"2007-11-28T21:36:02","date_gmt":"2007-11-28T20:36:02","guid":{"rendered":"http:\/\/carfree.fr\/index.php\/2007\/11\/28\/la-tyrannie-de-lautomobile\/"},"modified":"2020-08-16T08:01:40","modified_gmt":"2020-08-16T07:01:40","slug":"la-tyrannie-de-lautomobile","status":"publish","type":"post","link":"https:\/\/carfree.fr\/index.php\/2007\/11\/28\/la-tyrannie-de-lautomobile\/","title":{"rendered":"La tyrannie de l\u2019automobile"},"content":{"rendered":"<p><img decoding=\"async\" loading=\"lazy\" src=\"http:\/\/carfree.fr\/img\/2007\/11\/la-tyrannie-de-l-automobile-774800.jpg\" alt=\"\" width=\"215\" height=\"346\" class=\"alignnone size-full wp-image-39979\" \/><\/p>\n<p><span style=\"font-weight: bold\">La tyrannie de l\u2019automobile<\/span><br \/>\n<span style=\"font-weight: bold\">Du r\u00eave \u00e0 la calamit\u00e9<\/span><\/p>\n<p><span style=\"font-style: italic\">par Pierre Gillet<\/span><\/p>\n<p>Tr\u00e8s profond\u00e9ment int\u00e9gr\u00e9e dans notre culture, l\u2019automobile a compl\u00e8tement modifi\u00e9 l\u2019organisation de nos cit\u00e9s, notre vie, notre perception de l\u2019espace et du temps. Le \u201ctout voiture\u201d s\u2019est install\u00e9 progressivement, sans m\u00eame que l\u2019on s\u2019en aper\u00e7oive. <!--more--><\/p>\n<p>La voiture est devenue incontournable, surtout lorsque l\u2019on vit isol\u00e9. Il ne s\u2019agit donc pas de stigmatiser l\u2019automobiliste, mais plut\u00f4t de lui permettre de recouvrer sa libert\u00e9\u2026 et qu\u2019enfin il puisse choisir et changer son mode de d\u00e9placement sans devenir un \u201chandicap\u00e9 social\u201d.<\/p>\n<p>Rappelez-vous, en 1968, ceux-l\u00e0 m\u00eames qui roulent maintenant en BMW et en 4X4 disaient \u00e0 l\u2019\u00e9poque : \u00ab La bagnole, \u00e7a pue, \u00e7a pollue et \u00e7a rend con \u00bb. Mais rien ne nous oblige \u00e0 devenir aussi cons qu\u2019eux ! D\u2019autant qu\u2019aujourd\u2019hui, plus qu\u2019hier encore, un changement drastique est \u00e0 la fois possible et surtout indispensable.<\/p>\n<p><span style=\"font-weight: bold\">Extrait<\/span><br \/>\n<span style=\"font-style: italic\"><br \/>\nPrenons l\u2019exemple de quelqu\u2019un qui travaille \u00e0 30 km de son domicile, ce qui repr\u00e9sente 60 km par jour (\u00e0 noter que cela produit quotidiennement et en moyenne, 1,2 kg de carbone suppl\u00e9mentaire dans l\u2019atmosph\u00e8re).<\/span><\/p>\n<p>Faisons un petit calcul. On peut raisonnablement \u00e9valuer le co\u00fbt du kilom\u00e8tre parcouru \u00e0 0,40 euros (en comptabilisant le prix de la voiture, l\u2019essence, l\u2019entretien, l\u2019assurance etc. C\u2019est d\u2019ailleurs \u00e0 ce tarif que les entreprises remboursent une partie des frais kilom\u00e9triques); soit 24 euros par jour. Naturellement, il faut travailler pour gagner ces 24 euros. Etant donn\u00e9 que le salaire minimum, en France, est de 6,4 euros net de l\u2019heure et apr\u00e8s imp\u00f4ts, il faut donc pr\u00e8s de 4 heures de labeur pour gagner l\u2019argent n\u00e9cessaire au trajet en voiture. Si vous travaillez \u00e0 mi-temps, vous travaillez donc int\u00e9gralement pour payer le transport qui vous m\u00e8ne au boulot! Ainsi, ces 60 km en voiture ne prennent pas une heure comme on pourrait le penser de prime abord, m\u00eame si vous roulez \u00e0 60 km\/h de moyenne, mais 1 heure de trajet \u00e0 laquelle on ajoute les 4 heures \u00e0 bosser, soit 5 heures ! La vitesse moyenne est alors de 12 km\/h (60 km divis\u00e9 par 5 heures).<\/p>\n<p><span style=\"font-weight: bold\">La tyrannie de l\u2019automobile<\/span><br \/>\n<span style=\"font-weight: bold\">Du r\u00eave \u00e0 la calamit\u00e9<\/span><br \/>\nAuteur : Pierre Gillet<br \/>\n\u00c9diteur : Homnisph\u00e8res<br \/>\nOctobre 2007, 112 pages, 10.00\u20ac<\/p>\n","protected":false},"excerpt":{"rendered":"<p>La tyrannie de l\u2019automobile Du r\u00eave \u00e0 la calamit\u00e9 par Pierre Gillet Tr\u00e8s profond\u00e9ment int\u00e9gr\u00e9e dans notre culture, l\u2019automobile a compl\u00e8tement modifi\u00e9 l\u2019organisation de nos cit\u00e9s, notre vie, notre perception <a class=\"more-link\" href=\"https:\/\/carfree.fr\/index.php\/2007\/11\/28\/la-tyrannie-de-lautomobile\/\">Lire la suite&#8230;<\/a><\/p>\n","protected":false},"author":11,"featured_media":27910,"comment_status":"open","ping_status":"open","sticky":false,"template":"","format":"standard","meta":[],"categories":[73,17],"tags":[399,56,60,1665,19,144],"views":4623,"_links":{"self":[{"href":"https:\/\/carfree.fr\/index.php\/wp-json\/wp\/v2\/posts\/221"}],"collection":[{"href":"https:\/\/carfree.fr\/index.php\/wp-json\/wp\/v2\/posts"}],"about":[{"href":"https:\/\/carfree.fr\/index.php\/wp-json\/wp\/v2\/types\/post"}],"author":[{"embeddable":true,"href":"https:\/\/carfree.fr\/index.php\/wp-json\/wp\/v2\/users\/11"}],"replies":[{"embeddable":true,"href":"https:\/\/carfree.fr\/index.php\/wp-json\/wp\/v2\/comments?post=221"}],"version-history":[{"count":0,"href":"https:\/\/carfree.fr\/index.php\/wp-json\/wp\/v2\/posts\/221\/revisions"}],"wp:featuredmedia":[{"embeddable":true,"href":"https:\/\/carfree.fr\/index.php\/wp-json\/"}],"wp:attachment":[{"href":"https:\/\/carfree.fr\/index.php\/wp-json\/wp\/v2\/media?parent=221"}],"wp:term":[{"taxonomy":"category","embeddable":true,"href":"https:\/\/carfree.fr\/index.php\/wp-json\/wp\/v2\/categories?post=221"},{"taxonomy":"post_tag","embeddable":true,"href":"https:\/\/carfree.fr\/index.php\/wp-json\/wp\/v2\/tags?post=221"}],"curies":[{"name":"wp","href":"https:\/\/api.w.org\/{rel}","templated":true}]}}