{"id":22265,"date":"2014-04-02T08:42:56","date_gmt":"2014-04-02T07:42:56","guid":{"rendered":"http:\/\/carfree.fr\/?p=22265"},"modified":"2020-08-17T13:08:31","modified_gmt":"2020-08-17T12:08:31","slug":"la-montagne-sans-voiture","status":"publish","type":"post","link":"https:\/\/carfree.fr\/index.php\/2014\/04\/02\/la-montagne-sans-voiture\/","title":{"rendered":"La montagne sans voiture"},"content":{"rendered":"<p><img decoding=\"async\" loading=\"lazy\" class=\"alignnone size-full wp-image-22266\" title=\"montagne-sans-voiture\" src=\"http:\/\/carfree.fr\/images\/montagne-sans-voiture.jpg\" alt=\"\" width=\"420\" height=\"200\" \/><\/p>\n<p>Une id\u00e9e de sortie en montagne sans voiture? Un bon plan produits locaux? Voici la plus grande base de donn\u00e9es europ\u00e9enne en faveur de la mobilit\u00e9 douce et de l&rsquo;\u00e9cotourisme en montagne. <!--more--><\/p>\n<p>Cette base de donn\u00e9es ouvre la voie \u00e0 plus de 13 000 itin\u00e9raires en montagne accessibles en transports en commun : randos \u00e0 pieds, en raquette et \u00e0 ski, voies d&rsquo;escalades, alpinisme, parapente et cascades de glace.<\/p>\n<p>Il s&rsquo;agit d&rsquo;une base de donn\u00e9es ouverte qui va s&rsquo;enrichir de vos sorties en montagne r\u00e9alis\u00e9es en transports collectifs. Une base de donn\u00e9es participative pour partager les bons plans \u00e9cotourisme des vall\u00e9es. Le plaisir d&rsquo;une sortie en montagne commence \u00e0 votre porte !<\/p>\n<p>Afin de faciliter l&rsquo;organisation de vos sorties en montagne sans voiture, Mountain Wilderness vous propose une collection de brochures pr\u00e9sentant des id\u00e9es de sorties en montagne sans voiture. Chacune de ces brochures est consacr\u00e9e \u00e0 un territoire sp\u00e9cifique, au d\u00e9part d&rsquo;une \u00ab ville porte \u00bb ou \u00e0 destination d&rsquo;un massif.<\/p>\n<p>Pour l&rsquo;instant, sont disponibles en t\u00e9l\u00e9chargement gratuit:<br \/>\n&#8211; 10 id\u00e9es de sorties montagne sans voiture en Is\u00e8re<br \/>\n&#8211; 10 id\u00e9es de sorties montagne sans voiture \u00e0 destination du Mercantour<br \/>\n&#8211; 10 id\u00e9es de sorties montagne sans voiture dans les Pyr\u00e9n\u00e9es Orientales<br \/>\n&#8211; Parenth\u00e8se sans voiture dans le Pilat<br \/>\n&#8211; 10 id\u00e9es de sorties montagne sans voiture autour de Barcelone<\/p>\n<p>Retrouvez sur notre site les brochures de la collection \u00ab 10 id\u00e9es de sorties sans voiture \u00bb. Habitants et visiteurs de ces territoires: tentez l&rsquo;exp\u00e9rience de la montagne sans voiture !<\/p>\n","protected":false},"excerpt":{"rendered":"<p>Une id\u00e9e de sortie en montagne sans voiture? Un bon plan produits locaux? Voici la plus grande base de donn\u00e9es europ\u00e9enne en faveur de la mobilit\u00e9 douce et de l&rsquo;\u00e9cotourisme <a class=\"more-link\" href=\"https:\/\/carfree.fr\/index.php\/2014\/04\/02\/la-montagne-sans-voiture\/\">Lire la suite&#8230;<\/a><\/p>\n","protected":false},"author":104,"featured_media":22266,"comment_status":"open","ping_status":"closed","sticky":false,"template":"","format":"standard","meta":[],"categories":[4,9,72,8,7,70],"tags":[473,333,279,278,571,1667,378,809],"views":8789,"_links":{"self":[{"href":"https:\/\/carfree.fr\/index.php\/wp-json\/wp\/v2\/posts\/22265"}],"collection":[{"href":"https:\/\/carfree.fr\/index.php\/wp-json\/wp\/v2\/posts"}],"about":[{"href":"https:\/\/carfree.fr\/index.php\/wp-json\/wp\/v2\/types\/post"}],"author":[{"embeddable":true,"href":"https:\/\/carfree.fr\/index.php\/wp-json\/wp\/v2\/users\/104"}],"replies":[{"embeddable":true,"href":"https:\/\/carfree.fr\/index.php\/wp-json\/wp\/v2\/comments?post=22265"}],"version-history":[{"count":0,"href":"https:\/\/carfree.fr\/index.php\/wp-json\/wp\/v2\/posts\/22265\/revisions"}],"wp:featuredmedia":[{"embeddable":true,"href":"https:\/\/carfree.fr\/index.php\/wp-json\/"}],"wp:attachment":[{"href":"https:\/\/carfree.fr\/index.php\/wp-json\/wp\/v2\/media?parent=22265"}],"wp:term":[{"taxonomy":"category","embeddable":true,"href":"https:\/\/carfree.fr\/index.php\/wp-json\/wp\/v2\/categories?post=22265"},{"taxonomy":"post_tag","embeddable":true,"href":"https:\/\/carfree.fr\/index.php\/wp-json\/wp\/v2\/tags?post=22265"}],"curies":[{"name":"wp","href":"https:\/\/api.w.org\/{rel}","templated":true}]}}