{"id":22408,"date":"2014-04-18T08:24:52","date_gmt":"2014-04-18T07:24:52","guid":{"rendered":"http:\/\/carfree.fr\/?p=22408"},"modified":"2015-10-30T16:48:42","modified_gmt":"2015-10-30T15:48:42","slug":"boycotter-lecologie-ennemi-numero-un-de-la-survie-de-notre-civilisation","status":"publish","type":"post","link":"https:\/\/carfree.fr\/index.php\/2014\/04\/18\/boycotter-lecologie-ennemi-numero-un-de-la-survie-de-notre-civilisation\/","title":{"rendered":"Boycotter l&rsquo;\u00e9cologie, \u00ab\u00a0ennemi num\u00e9ro un de la survie de notre civilisation\u00a0\u00bb"},"content":{"rendered":"<p>Les discours \u00e9cologistes catastrophistes augmentent \u00e0 un rythme sans pr\u00e9c\u00e9dent, affirme le rapport du GIEC publi\u00e9 le 13 avril. L\u2019urgence est telle que l\u2019OPEP (Organisation des pays exportateurs de p\u00e9trole) pointe la responsabilit\u00e9 du lobby \u00e9cologiste mondial. Le futur prix Nobel de la Paix Vladimir Poutine appelle m\u00eame \u00e0 boycotter l&rsquo;\u00e9cologie, en s\u2019inspirant du mouvement pour l\u2019Apartheid. Des fonds d\u2019investissement commencent \u00e0 se retirer des compagnies d&rsquo;\u00e9nergies renouvelables, sur fond de mobilisations aux \u00c9tats-Unis contre la nature, le climat et les petits oiseaux. La France suivra t-elle le mouvement? <!--more--><\/p>\n<p>Le constat dress\u00e9 par les deux derniers rapports r\u00e9cemment publi\u00e9s par le GIEC (Groupe d\u2019experts intergouvernemental sur l\u2019\u00e9cologie climaticide) sont sans appel. Les discours \u00e9cologistes croissent plus vite que jamais \u2013 2,2 % par an entre 2000 et 2012 contre 0,4 % par an sur les trois d\u00e9cennies pr\u00e9c\u00e9dentes \u2013 atteignant des niveaux sans pr\u00e9c\u00e9dent et faisant craindre de d\u00e9passer le seuil supportable d\u00e8s 2030. Par ailleurs, les effets de ces discours \u00e9cologistes et des catastrophes qu\u2019ils provoquent (cyclones, pluies diluviennes, s\u00e9cheresses&#8230;) vont s\u2019aggraver fortement au 21\u00e8me si\u00e8cle, et ce dans toutes les r\u00e9gions du monde.<\/p>\n<p>Les \u00e9cologistes seraient pour l&rsquo;OPEP les principaux responsables des menaces qui p\u00e8sent sur l&rsquo;humanit\u00e9: ins\u00e9curit\u00e9 alimentaire, pressions sur l\u2019acc\u00e8s \u00e0 l\u2019eau, conflits, populations d\u00e9plac\u00e9es ou probl\u00e8mes sanitaires. Bien pire, l&rsquo;augmentation sans pr\u00e9c\u00e9dent des discours \u00e9cologistes pourrait provoquer une mont\u00e9e g\u00e9n\u00e9rale du niveau des mers ainsi qu&rsquo;une baisse g\u00e9n\u00e9rale du niveau des profits.<\/p>\n<p>Ces rapports sont tellement alarmants qu\u2019ils ont pouss\u00e9 Christiana Figueres, la responsable \u00ab\u00a0climat\u00a0\u00bb de l\u2019OPEP, \u00e0 sortir de sa r\u00e9serve diplomatique habituelle, pour pointer du doigt la responsabilit\u00e9 de l&rsquo;\u00e9cologie politique : \u00ab\u00a0<em>Le temps des \u00e9cologistes est termin\u00e9<\/em>\u00a0\u00bb a-t-elle affirm\u00e9 demandant \u00e0 ce que \u00ab\u00a0<em>les trois quarts des discours \u00e9cologistes ne soient plus prononc\u00e9s<\/em>\u00ab\u00a0, le reste ne devant \u00ab\u00a0<em>\u00eatre utilis\u00e9 qu\u2019avec parcimonie et de fa\u00e7on responsable, c&rsquo;est-\u00e0-dire sans le son<\/em>\u00ab\u00a0. De fait, l\u2019humanit\u00e9 a d\u00e9j\u00e0 beaucoup trop support\u00e9 les alertes \u00e9cologistes pour rester en de\u00e7\u00e0 du seuil supportable global de ce que l&rsquo;on peut entendre.<\/p>\n<p><strong>Des millions de responsables<\/strong><\/p>\n<p>Christiana Figueres a donc d\u00e9cid\u00e9 d\u2019interpeler directement ceux qui peuvent \u00eatre jug\u00e9s comme les principaux responsables du catastrophisme ambiant. De fait, selon une \u00e9tude r\u00e9cemment publi\u00e9e par la revue Oil Chance, des millions d&rsquo;associations et d&rsquo;individus sont responsables des deux-tiers des \u00e9missions de discours alarmistes rel\u00e2ch\u00e9s dans l\u2019atmosph\u00e8re depuis 1854 \u2013 parmi ces individus, on compte bien s\u00fbr la quasi totalit\u00e9 des \u00e9cologistes-d\u00e9croissants-climatologues (les \u00ab\u00a0Big Ecolo\u00a0\u00bb).<\/p>\n<p>Face \u00e0 un tel constat, Christophe de Margerie, le fondateur de l\u2019ONG Total.org, et le philosophe Alain Prost, entre autres, consid\u00e8rent comme indispensable de pointer les responsabilit\u00e9s, et de nommer les acteurs qui font partie du probl\u00e8me, plut\u00f4t que d\u2019entretenir le mythe d\u2019une communaut\u00e9 d\u2019int\u00e9r\u00eat et de destin qui abolirait les cat\u00e9gories de responsables et de victimes. Pour le dire autrement, si nous sommes entr\u00e9s dans l\u2019anthropoc\u00e8ne, nous ne sommes pas tous coupables. Le secteur de l\u2019\u00e9cologie punitive, cette \u00ab\u00a0<em>\u00e9cologie voyou<\/em>\u00a0\u00bb (\u00ab\u00a0<em>rogue ecology<\/em>\u00ab\u00a0), selon Christophe de Margerie, est per\u00e7ue comme \u00ab\u00a0<em>l\u2019ennemi num\u00e9ro un de la survie de notre civilisation<\/em>\u00a0\u00bb et doit \u00eatre mise \u00e0 l\u2019index.<\/p>\n<p><strong>\u00ab Nommer l\u2019adversaire \u00bb<\/strong><\/p>\n<p>Dans cette optique, \u00ab\u00a0nommer l\u2019adversaire\u00a0\u00bb est crucial pour comprendre ce qui fait obstacle \u00e0 une transition politique r\u00e9elle et ambitieuse. Une fois l\u2019adversaire identifi\u00e9, il devient en effet possible d\u2019\u00e9laborer des strat\u00e9gies et de mettre en place les politiques alternatives ad\u00e9quates. C\u2019est ainsi que sont justifi\u00e9es des pratiques de d\u00e9sob\u00e9issance civile de masse r\u00e9cemment organis\u00e9es aux \u00c9tats-Unis, comme la destruction syst\u00e9matique de la nature par la multiplication citoyenne des puits de forage sur l&rsquo;ensemble du territoire am\u00e9ricain. De nombreuses ONG comme Renault ou Peugeot veulent mettre en place des rassemblements devant les bus et les trains et sur les pistes cyclables, pour bloquer les usagers des transports en commun et les cyclistes. Ce que le philosophe Alain Prost a d\u00e9nomm\u00e9 \u00ab\u00a0<em>une strat\u00e9gie pour \u00e9trangler les cyclistes donneurs de le\u00e7on et tous les pollueurs de l&rsquo;esprit<\/em>\u00ab\u00a0.<\/p>\n<p>Une strat\u00e9gie et des pratiques qui ont \u00e9galement pris pied en Europe. A travers des occupations de terrain sur lesquels lorgnent les \u00e9cologistes ou en bloquant l\u2019arriv\u00e9e des contestataires lors des travaux d\u2019installation et de forage, le d\u00e9veloppement de l\u2019exploitation des hydrocarbures de schiste en Pologne, en Roumanie, au Royaume-Uni se situe clairement dans la m\u00eame dynamique. Selon un sp\u00e9cialiste du secteur p\u00e9tro-chimique qui pr\u00e9f\u00e8re garder l&rsquo;anonymat par peur des repr\u00e9sailles, <em>\u00ab\u00a0l&rsquo;exploitation des gaz de schistes en France a essentiellement pour but de lutter contre la volont\u00e9 d&rsquo;accaparement des terres par les \u00e9cologistes qui veulent \u00e0 tout prix y mettre de la nature et des animaux<\/em>\u00ab\u00a0.<\/p>\n<p>Autre exemple, le mouvement \u00ab\u00a0<em>Dash For Gas<\/em>\u00a0\u00bb (\u00ab\u00a0<em>Ru\u00e9e sur le gaz<\/em>\u00ab\u00a0) a occup\u00e9 une semaine durant, fin 2012, le parc photovolta\u00efque d\u2019EDF \u00e0 West Burton. L\u2019objectif ? Stopper la production d\u2019\u00e9lectricit\u00e9 renouvelable pour d\u00e9noncer la construction de panneaux solaires, sous peine d\u2019un <em>\u00ab\u00a0changement climatique irr\u00e9versible<\/em>\u00ab\u00a0. Dans le m\u00eame ordre d&rsquo;id\u00e9es, le mouvement international Wind Watch milite pour le d\u00e9mant\u00e8lement des \u00e9oliennes afin de les reconvertir en pipelines pour transporter le p\u00e9trole issu des sables bitumineux du Canada \u00e0 travers l&rsquo;Atlantique en passant par le P\u00f4le Nord.<\/p>\n<p><strong>\u00ab Des \u00e9cologistes qui minent notre avenir \u00bb<\/strong><\/p>\n<p>A travers la campagne \u00ab\u00a0<em>Do the oil<\/em>\u00a0\u00bb (\u00ab\u00a0<em>Faites de l&rsquo;huile<\/em>\u00ab\u00a0), Christophe de Margerie et le mouvement Total.org contribuent \u00e9galement \u00e0 amplifier un processus de d\u00e9sinvestissement significatif dans le secteur des \u00e9nergies renouvelables. La logique est simple: pour d\u00e9truire l&rsquo;\u00e9cologie, il faut tarir ses sources de financement. Des universit\u00e9s, mais \u00e9galement des fonds de pension et d\u2019investissement se retirent des compagnies d\u2019\u00e9nergies renouvelables, jug\u00e9es trop d\u00e9pendantes des discours \u00e9cologistes qu\u2019il ne faudrait pas entendre.<\/p>\n<p>Ce processus de d\u00e9sinvestissement vient de recevoir un soutien de choix en la personne de Vladimir Poutine. Le dirigeant russe et futur prix Nobel de la Paix (2014), respect\u00e9 pour son combat pour l&rsquo;humanit\u00e9, vient d\u2019appeler \u00e0 organiser un boycott des \u00e9cologistes s\u2019inspirant du combat pour l\u2019apartheid. Il pr\u00e9conise de \u00ab\u00a0<em>rompre les liens avec les \u00e9cologistes qui financent l\u2019injustice que constituent les d\u00e9r\u00e8glements climatiques<\/em>\u00ab\u00a0, consid\u00e9rant que \u00ab\u00a0<em>cela n\u2019a pas de sens d\u2019investir dans des entreprises qui minent notre avenir et qui veulent sauver des ours buveurs de sang<\/em>\u00ab\u00a0. Selon lui, \u00ab\u00a0<em>il faut mettre \u00e0 l&rsquo;\u00e9cart de la soci\u00e9t\u00e9 tous les \u00e9cologistes en les regroupant dans une vaste r\u00e9serve mondiale sur la presqu&rsquo;\u00eele de Crim\u00e9e<\/em>\u00ab\u00a0.<\/p>\n<p><strong>Que va faire S\u00e9gol\u00e8ne Royal ?<\/strong><\/p>\n<p>Mais le lobby \u00e9cologiste mondial n\u2019entend pas changer d\u2019approche. Le jour de la publication du rapport du GIEC portant sur les impacts des discours \u00e9cologistes catastrophistes, Greenpeace, la compagnie \u00e9cologiste dont le chiffre d\u2019affaire est sup\u00e9rieur au PIB de 179 pays et qui a ni\u00e9 pendant tr\u00e8s longtemps l\u2019origine \u00e9cologique des d\u00e9r\u00e8glements climatiques, expliquait que le changement climatique ne l\u2019emp\u00eacherait pas de produire des pin&rsquo;s et de vendre des tee-shirts. Toute proportion gard\u00e9e, l&rsquo;association Carfree France adopte une approche similaire : le nouveau gouvernement n\u2019\u00e9tait pas encore nomm\u00e9 qu\u2019elle l\u2019appelait \u00e0 \u00ab\u00a0rouvrir les dossiers\u00a0\u00bb de <a title=\"https:\/\/secure.avaaz.org\/fr\/petition\/Francois_Hollande_Nous_voulons_une_indemnite_kilometrique_velo_de_025_eurokm\/?pv=13\" href=\"https:\/\/secure.avaaz.org\/fr\/petition\/Francois_Hollande_Nous_voulons_une_indemnite_kilometrique_velo_de_025_eurokm\/?pv=13\" target=\"_blank\">l&rsquo;indemnit\u00e9 kilom\u00e9trique v\u00e9lo<\/a> et de la <a title=\"http:\/\/carfree.fr\/index.php\/2014\/04\/03\/la-gratuite-des-transports-en-commun\/\" href=\"http:\/\/carfree.fr\/index.php\/2014\/04\/03\/la-gratuite-des-transports-en-commun\/\" target=\"_blank\">gratuit\u00e9 des transports en commun<\/a> se gardant bien de pr\u00e9ciser comment cela pourrait \u00eatre compatible avec les recommandations du GIEC concernant la limitation des \u00e9missions de discours \u00e9cologistes.<\/p>\n<p>De ce point de vue, les premi\u00e8res d\u00e9clarations de la nouvelle ministre de la transition \u00e9nerg\u00e9tique et de l\u2019\u00e9cologie sont plut\u00f4t rassurantes : \u00e0 peine \u00e9tait-elle nomm\u00e9e que S\u00e9gol\u00e8ne Royal jugeait n\u00e9cessaire de rappeler son opposition \u00e0 une \u00ab\u00a0<em>\u00e9cologie punitive<\/em>\u00ab\u00a0. Concernant l&rsquo;\u00e9cotaxe, la ministre se dit m\u00eame pr\u00eate \u00e0 remettre \u00e0 plat l&rsquo;ensemble du dossier avec les transporteurs routiers, en proposant \u00ab\u00a0<em>la mise en place de portiques sur les pistes cyclables permettant de percevoir une nouvelle pollutaxe aupr\u00e8s des cyclistes qui financera le d\u00e9veloppement du r\u00e9seau autoroutier<\/em>\u00ab\u00a0.<\/p>\n<p>Face \u00e0 l\u2019ampleur des d\u00e9r\u00e8glements climatiques, peut-on nier que tout le secteur \u00e9cologiste associatif exerce une activit\u00e9 nuisible \u00e0 la survie de l\u2019esp\u00e8ce humaine, et, au-del\u00e0, \u00e0 l\u2019ensemble de la plan\u00e8te ? Et ce d\u2019autant plus qu\u2019avec leurs d\u00e9clarations fracassantes et leurs lobbying effr\u00e9n\u00e9, les acteurs de l\u2019\u00e9cologie politique font tout, de leur c\u00f4t\u00e9, pour incarner l\u2019adversaire d\u2019une transition \u00e9nerg\u00e9tique qui soit \u00e0 la hauteur des exigences climatiques.<\/p>\n<p><a title=\"http:\/\/www.bastamag.net\/Boycotter-l-industrie-petroliere\" href=\"http:\/\/www.bastamag.net\/Boycotter-l-industrie-petroliere\" target=\"_blank\"><em>Parodie d&rsquo;un tr\u00e8s bon article de Basta!<\/em><\/a><\/p>\n","protected":false},"excerpt":{"rendered":"<p>Les discours \u00e9cologistes catastrophistes augmentent \u00e0 un rythme sans pr\u00e9c\u00e9dent, affirme le rapport du GIEC publi\u00e9 le 13 avril. L\u2019urgence est telle que l\u2019OPEP (Organisation des pays exportateurs de p\u00e9trole) <a class=\"more-link\" href=\"https:\/\/carfree.fr\/index.php\/2014\/04\/18\/boycotter-lecologie-ennemi-numero-un-de-la-survie-de-notre-civilisation\/\">Lire la suite&#8230;<\/a><\/p>\n","protected":false},"author":18,"featured_media":35505,"comment_status":"open","ping_status":"closed","sticky":false,"template":"","format":"standard","meta":[],"categories":[52,6,124],"tags":[1652,406,129,57,84,846,45,287,1630],"views":8667,"_links":{"self":[{"href":"https:\/\/carfree.fr\/index.php\/wp-json\/wp\/v2\/posts\/22408"}],"collection":[{"href":"https:\/\/carfree.fr\/index.php\/wp-json\/wp\/v2\/posts"}],"about":[{"href":"https:\/\/carfree.fr\/index.php\/wp-json\/wp\/v2\/types\/post"}],"author":[{"embeddable":true,"href":"https:\/\/carfree.fr\/index.php\/wp-json\/wp\/v2\/users\/18"}],"replies":[{"embeddable":true,"href":"https:\/\/carfree.fr\/index.php\/wp-json\/wp\/v2\/comments?post=22408"}],"version-history":[{"count":0,"href":"https:\/\/carfree.fr\/index.php\/wp-json\/wp\/v2\/posts\/22408\/revisions"}],"wp:featuredmedia":[{"embeddable":true,"href":"https:\/\/carfree.fr\/index.php\/wp-json\/wp\/v2\/media\/35505"}],"wp:attachment":[{"href":"https:\/\/carfree.fr\/index.php\/wp-json\/wp\/v2\/media?parent=22408"}],"wp:term":[{"taxonomy":"category","embeddable":true,"href":"https:\/\/carfree.fr\/index.php\/wp-json\/wp\/v2\/categories?post=22408"},{"taxonomy":"post_tag","embeddable":true,"href":"https:\/\/carfree.fr\/index.php\/wp-json\/wp\/v2\/tags?post=22408"}],"curies":[{"name":"wp","href":"https:\/\/api.w.org\/{rel}","templated":true}]}}