{"id":22451,"date":"2014-05-06T07:32:49","date_gmt":"2014-05-06T06:32:49","guid":{"rendered":"http:\/\/carfree.fr\/?p=22451"},"modified":"2020-08-18T14:48:51","modified_gmt":"2020-08-18T13:48:51","slug":"le-5-juin-prenez-votre-voiture","status":"publish","type":"post","link":"https:\/\/carfree.fr\/index.php\/2014\/05\/06\/le-5-juin-prenez-votre-voiture\/","title":{"rendered":"Le 5 juin, prenez votre voiture !"},"content":{"rendered":"<p><img decoding=\"async\" loading=\"lazy\" class=\"alignnone size-full wp-image-22452\" title=\"challenge-mobilite-2014\" src=\"http:\/\/carfree.fr\/images\/challenge-mobilite-2014.jpg\" alt=\"\" width=\"420\" height=\"200\" \/><\/p>\n<p>Dans un mois, jour pour jour, la r\u00e9gion Rh\u00f4ne-Alpes organise son grand Challenge Mobilit\u00e9 :  Au travail j&rsquo;y vais autrement! Comme vous \u00eates pour l&rsquo;essentiel des v\u00e9lotafeurs, nous vous proposons de prendre exceptionnellement votre auto pour red\u00e9couvrir les tr\u00e8s nombreux inconv\u00e9nients de ce mode de transport. <!--more--><\/p>\n<p>ET pour les extr\u00e9mistes qui n&rsquo;en ont plus, vous avez largement le temps d&rsquo;en racheter une d&rsquo;ici le 5 juin.<br \/>\nPolluer est un droit inali\u00e9nable, il est normal que vous puissiez l\u2019exercer au moins une fois par an !<\/p>\n<p>Par contre pour vos coll\u00e8gues auto-solistes du quotidiens, organisez la participation de votre entreprise, \u00e9tablissement o\u00f9 collectivit\u00e9.<\/p>\n<p>SOYEZ GONFL\u00c9S, parlez en \u00e0 votre patron, votre directeur, votre DRH pr\u00e9f\u00e9r\u00e9, votre responsable de site, votre responsable communication, vos \u00e9lus, votre Maire, les enseignants de vos enfants&#8230;<\/p>\n<p>Il est possible de s&rsquo;inscrire jusqu&rsquo;au jour m\u00eame du Challenge, le 5 juin 2014 !<\/p>\n<p>A savoir: Lors de l&rsquo;\u00e9dition 2013, un Valveur a organis\u00e9 l\u2019\u00e9v\u00e9nement suite \u00e0 la r\u00e9ception de ce courriel: son \u00e9tablissement est arriv\u00e9 premier de la cat\u00e9gorie plus de 500 salari\u00e9s !<\/p>\n<p>Et si vous insistez vraiment pour prendre le v\u00e9lo ce jour l\u00e0, VALVE organise un BUS CYCLISTE pour les r\u00e9calcitrants&#8230; Ses horaires :<br \/>\n8H25 : Place Jaboulay de SAINT-GENIS-LAVAL<br \/>\n8H40 : Mairie d&rsquo;OULLINS<br \/>\n8H55 : Belv\u00e9d\u00e8re du Pont Raymond Barre LYON<br \/>\nLe BUS empruntera ensuite les quais du Rh\u00f4ne en direction de Lyon centre.<\/p>\n<p>Source: <a title=\"http:\/\/collectifvalve.blogspot.fr\/\" href=\"http:\/\/collectifvalve.blogspot.fr\/\" target=\"_blank\">http:\/\/collectifvalve.blogspot.fr\/<\/a><\/p>\n","protected":false},"excerpt":{"rendered":"<p>Dans un mois, jour pour jour, la r\u00e9gion Rh\u00f4ne-Alpes organise son grand Challenge Mobilit\u00e9 : Au travail j&rsquo;y vais autrement! Comme vous \u00eates pour l&rsquo;essentiel des v\u00e9lotafeurs, nous vous proposons <a class=\"more-link\" href=\"https:\/\/carfree.fr\/index.php\/2014\/05\/06\/le-5-juin-prenez-votre-voiture\/\">Lire la suite&#8230;<\/a><\/p>\n","protected":false},"author":1380,"featured_media":22452,"comment_status":"open","ping_status":"closed","sticky":false,"template":"","format":"standard","meta":[],"categories":[4,9,8,7],"tags":[1583,62,725,158,134,1224,164,1120],"views":7164,"_links":{"self":[{"href":"https:\/\/carfree.fr\/index.php\/wp-json\/wp\/v2\/posts\/22451"}],"collection":[{"href":"https:\/\/carfree.fr\/index.php\/wp-json\/wp\/v2\/posts"}],"about":[{"href":"https:\/\/carfree.fr\/index.php\/wp-json\/wp\/v2\/types\/post"}],"author":[{"embeddable":true,"href":"https:\/\/carfree.fr\/index.php\/wp-json\/wp\/v2\/users\/1380"}],"replies":[{"embeddable":true,"href":"https:\/\/carfree.fr\/index.php\/wp-json\/wp\/v2\/comments?post=22451"}],"version-history":[{"count":0,"href":"https:\/\/carfree.fr\/index.php\/wp-json\/wp\/v2\/posts\/22451\/revisions"}],"wp:featuredmedia":[{"embeddable":true,"href":"https:\/\/carfree.fr\/index.php\/wp-json\/"}],"wp:attachment":[{"href":"https:\/\/carfree.fr\/index.php\/wp-json\/wp\/v2\/media?parent=22451"}],"wp:term":[{"taxonomy":"category","embeddable":true,"href":"https:\/\/carfree.fr\/index.php\/wp-json\/wp\/v2\/categories?post=22451"},{"taxonomy":"post_tag","embeddable":true,"href":"https:\/\/carfree.fr\/index.php\/wp-json\/wp\/v2\/tags?post=22451"}],"curies":[{"name":"wp","href":"https:\/\/api.w.org\/{rel}","templated":true}]}}