{"id":226,"date":"2005-05-20T08:33:49","date_gmt":"2005-05-20T07:33:49","guid":{"rendered":"http:\/\/carfree.fr\/index.php\/2005\/05\/20\/la-ville-franchisee\/"},"modified":"2024-02-29T09:12:29","modified_gmt":"2024-02-29T08:12:29","slug":"la-ville-franchisee","status":"publish","type":"post","link":"https:\/\/carfree.fr\/index.php\/2005\/05\/20\/la-ville-franchisee\/","title":{"rendered":"La ville franchis\u00e9e"},"content":{"rendered":"<p><span style=\"font-weight: bold\">Formes et structures de la ville contemporaine<\/span><\/p>\n<p>D\u00e9sormais omnipr\u00e9sent, l\u2019\u00e9talement urbain combin\u00e9 \u00e0 la recomposition des villes remod\u00e8le la g\u00e9ographie fabriquant des territoires hybrides, ni urbains, ni ruraux. <!--more--><\/p>\n<p>\u00c0 partir de l\u2019analyse du cas fran\u00e7ais, mais consid\u00e9rant aussi l\u2019Am\u00e9rique, l\u2019Asie et l\u2019Afrique, l\u2019ouvrage \u00e9tudie les effets conjoints des infrastructures routi\u00e8res, des <a href=\"http:\/\/carfree.fr\/index.php\/2008\/03\/07\/les-lotissements-periurbains-seront-les-bidonvilles-du-futur\/\">lotissements pavillonnaires<\/a> et des centres commerciaux.<\/p>\n<p>Attentif aux cons\u00e9quences morphologiques, \u00e9conomiques et sociales, l\u2019auteur r\u00e9v\u00e8le les convergences plan\u00e9taires autour d\u2019un urbanisme de secteurs et d\u2019une ville franchis\u00e9e.<\/p>\n<p>Ce qualificatif doit s\u2019entendre dans le sens commercial des villes saisies par les logiques du marketing mais aussi dans l\u2019acceptation domaniale du terme, \u00e0 savoir la privatisation progressive d\u2019espaces toujours plus vastes.<\/p>\n<p>D\u00e9non\u00e7ant ces environnements s\u00e9curis\u00e9s, de moins en moins publics et gratuits, David Mangin s\u2019emploie \u00e0 d\u00e9fendre le principe de la \u00abville passante\u00bb fond\u00e9 sur l\u2019id\u00e9e d\u2019une moindre d\u00e9pendance automobile, d\u2019une forte h\u00e9t\u00e9rog\u00e9n\u00e9it\u00e9 des architectures et d\u2019une v\u00e9ritable diversit\u00e9 d\u2019usages.<\/p>\n<p><img decoding=\"async\" loading=\"lazy\" src=\"http:\/\/carfree.fr\/img\/2005\/05\/ville_franchisee_mangin.jpg\" alt=\"\" width=\"300\" height=\"367\" class=\"alignnone size-full wp-image-40480\" \/><\/p>\n<p><span style=\"font-style: italic\">David Mangin enseigne \u00e0 l\u2019\u00c9cole d\u2019architecture de la ville et des territoires et \u00e0 l\u2019\u00c9cole nationale des ponts et chauss\u00e9es. Architecte-urbaniste, il participe au r\u00e9am\u00e9nagement des espaces publics du boulevard Richard Lenoir \u00e0 Paris. C\u2019est \u00e9galement son projet qui a \u00e9t\u00e9 retenu pour la <\/span>r\u00e9novation du quartier des Halles<span style=\"font-style: italic\">. Il est enfin le coauteur de Projet Urbain (1999).<\/span><\/p>\n","protected":false},"excerpt":{"rendered":"<p>Formes et structures de la ville contemporaine D\u00e9sormais omnipr\u00e9sent, l\u2019\u00e9talement urbain combin\u00e9 \u00e0 la recomposition des villes remod\u00e8le la g\u00e9ographie fabriquant des territoires hybrides, ni urbains, ni ruraux.<\/p>\n","protected":false},"author":11,"featured_media":45836,"comment_status":"open","ping_status":"open","sticky":false,"template":"","format":"standard","meta":[],"categories":[165,17],"tags":[1848,292,1665,121,122,35,34],"views":5101,"_links":{"self":[{"href":"https:\/\/carfree.fr\/index.php\/wp-json\/wp\/v2\/posts\/226"}],"collection":[{"href":"https:\/\/carfree.fr\/index.php\/wp-json\/wp\/v2\/posts"}],"about":[{"href":"https:\/\/carfree.fr\/index.php\/wp-json\/wp\/v2\/types\/post"}],"author":[{"embeddable":true,"href":"https:\/\/carfree.fr\/index.php\/wp-json\/wp\/v2\/users\/11"}],"replies":[{"embeddable":true,"href":"https:\/\/carfree.fr\/index.php\/wp-json\/wp\/v2\/comments?post=226"}],"version-history":[{"count":0,"href":"https:\/\/carfree.fr\/index.php\/wp-json\/wp\/v2\/posts\/226\/revisions"}],"wp:featuredmedia":[{"embeddable":true,"href":"https:\/\/carfree.fr\/index.php\/wp-json\/wp\/v2\/media\/45836"}],"wp:attachment":[{"href":"https:\/\/carfree.fr\/index.php\/wp-json\/wp\/v2\/media?parent=226"}],"wp:term":[{"taxonomy":"category","embeddable":true,"href":"https:\/\/carfree.fr\/index.php\/wp-json\/wp\/v2\/categories?post=226"},{"taxonomy":"post_tag","embeddable":true,"href":"https:\/\/carfree.fr\/index.php\/wp-json\/wp\/v2\/tags?post=226"}],"curies":[{"name":"wp","href":"https:\/\/api.w.org\/{rel}","templated":true}]}}