{"id":22676,"date":"2014-05-28T06:58:10","date_gmt":"2014-05-28T05:58:10","guid":{"rendered":"http:\/\/carfree.fr\/?p=22676"},"modified":"2020-08-17T11:34:22","modified_gmt":"2020-08-17T10:34:22","slug":"le-changement","status":"publish","type":"post","link":"https:\/\/carfree.fr\/index.php\/2014\/05\/28\/le-changement\/","title":{"rendered":"Le changement"},"content":{"rendered":"<p>\u00ab\u00a0Le changement, c\u2019est maintenant\u00a0\u00bb : de  tels slogans ne cessent de se r\u00e9p\u00e9ter, d\u2019\u00e9lections politiques en  campagnes publicitaires. Partout, candidats et marchandises se font porte-drapeaux d\u2019un Progr\u00e8s divinis\u00e9. Le changement est devenu \u00ab\u00a0la loi  pratique et morale d\u2019une histoire qui n\u2019est plus que torrent d\u00e9cha\u00een\u00e9\u00a0\u00bb. <!--more--><\/p>\n<p>Bernard Charbonneau, dans ce livre in\u00e9dit achev\u00e9 en 1990, ose interroger cette grande mue permanente. Qu\u2019y a-t-il derri\u00e8re cette \u00e9volution pr\u00e9sent\u00e9e comme immuable, derri\u00e8re ces appels \u00e0 la mobilisation g\u00e9n\u00e9rale ? Une soumission totale de l\u2019homme et de la nature au d\u00e9veloppement \u00e9conomique et technique.<\/p>\n<p>Pris dans un tourbillon sur  lequel il n\u2019a pas prise, chaque maillon flexible de la soci\u00e9t\u00e9 industrielle doit suivre le rythme de la croissance : d\u00e9m\u00e9nager, se recycler, \u00eatre mobile, ne jamais s\u2019enraciner, suivre les modes.<\/p>\n<p>\u00ab\u00a0On ne va pas contre le cours du progr\u00e8s\u00a0\u00bb, quitte \u00e0 transformer les paysages en tables rases. Dans cette course sans fin, le seul v\u00e9ritable changement consiste \u00e0 le mettre en cause.<\/p>\n<blockquote><p>\u00ab <em>Pour b\u00e2tir, le changement commence par d\u00e9molir. \u00c0 peine a-t-on dress\u00e9 des murs ou plant\u00e9 des arbres qu\u2019il faut les abattre :  aujourd\u2019hui on d\u00e9molit les Sarcelles des \u201cTrente Glorieuses\u201d. Le chantier n\u2019est plus un stade provisoire, mais le milieu permanent o\u00f9 l\u2019homme est condamn\u00e9 \u00e0 vivre. <\/em>\u00bb<\/p>\n<p>\u00ab\u2008<em>Vue de haut la soci\u00e9t\u00e9 actuelle \u2013 au moins celle du March\u00e9 \u2013 n\u2019est qu\u2019un Maelstr\u00f6m : ce tourbillon vertigineux qui fait du surplace, ce n\u2019est plus un \u00e9tat social, ni m\u00eame une course de fond, mais un sprint  furieux o\u00f9 chacun sur la m\u00eame piste circulaire s\u2019efforce de d\u00e9passer \u00e0 tout prix ses concurrents<\/em>.\u00a0\u00bb<\/p><\/blockquote>\n<p>Pr\u00e9curseur de l\u2019\u00e9cologie politique,  Bernard Charbonneau (1910-1996) a toute sa vie alert\u00e9 sur les dangers du d\u00e9veloppement industriel. <em>Le Changement<\/em>, ouvrage jusqu\u2019alors non publi\u00e9, d\u00e9nonce les ravages de la croissance sans fin et de l\u2019id\u00e9ologie progressiste qui la sous-tend, pour appeler \u00e0 sauvegarder la terre et la libert\u00e9 de l\u2019homme.<\/p>\n<blockquote><p>\u00ab <em>Dans bien des cas (notamment celui des transports) m\u00eame la croissance z\u00e9ro est insuffisante, il faut envisager une diminution. Si cela vous effraye, dites-vous que les courbes ascendantes de production d\u2019autos seront remplac\u00e9es par celle d\u2019eau et d\u2019air purs&#8230;<\/em> \u00bb<\/p><\/blockquote>\n<p>Bernard Charbonneau, 1990, Le Changement, aux \u00e9ditions le pas de c\u00f4t\u00e9, octobre 2013.<\/p>\n","protected":false},"excerpt":{"rendered":"<p>\u00ab\u00a0Le changement, c\u2019est maintenant\u00a0\u00bb : de tels slogans ne cessent de se r\u00e9p\u00e9ter, d\u2019\u00e9lections politiques en campagnes publicitaires. Partout, candidats et marchandises se font porte-drapeaux d\u2019un Progr\u00e8s divinis\u00e9. Le changement <a class=\"more-link\" href=\"https:\/\/carfree.fr\/index.php\/2014\/05\/28\/le-changement\/\">Lire la suite&#8230;<\/a><\/p>\n","protected":false},"author":271,"featured_media":38018,"comment_status":"open","ping_status":"closed","sticky":false,"template":"","format":"standard","meta":[],"categories":[73,17],"tags":[780,84,115,1665,287,482,19],"views":5754,"_links":{"self":[{"href":"https:\/\/carfree.fr\/index.php\/wp-json\/wp\/v2\/posts\/22676"}],"collection":[{"href":"https:\/\/carfree.fr\/index.php\/wp-json\/wp\/v2\/posts"}],"about":[{"href":"https:\/\/carfree.fr\/index.php\/wp-json\/wp\/v2\/types\/post"}],"author":[{"embeddable":true,"href":"https:\/\/carfree.fr\/index.php\/wp-json\/wp\/v2\/users\/271"}],"replies":[{"embeddable":true,"href":"https:\/\/carfree.fr\/index.php\/wp-json\/wp\/v2\/comments?post=22676"}],"version-history":[{"count":0,"href":"https:\/\/carfree.fr\/index.php\/wp-json\/wp\/v2\/posts\/22676\/revisions"}],"wp:featuredmedia":[{"embeddable":true,"href":"https:\/\/carfree.fr\/index.php\/wp-json\/wp\/v2\/media\/38018"}],"wp:attachment":[{"href":"https:\/\/carfree.fr\/index.php\/wp-json\/wp\/v2\/media?parent=22676"}],"wp:term":[{"taxonomy":"category","embeddable":true,"href":"https:\/\/carfree.fr\/index.php\/wp-json\/wp\/v2\/categories?post=22676"},{"taxonomy":"post_tag","embeddable":true,"href":"https:\/\/carfree.fr\/index.php\/wp-json\/wp\/v2\/tags?post=22676"}],"curies":[{"name":"wp","href":"https:\/\/api.w.org\/{rel}","templated":true}]}}