{"id":22803,"date":"2014-06-26T06:38:24","date_gmt":"2014-06-26T05:38:24","guid":{"rendered":"http:\/\/carfree.fr\/?p=22803"},"modified":"2020-08-17T11:34:56","modified_gmt":"2020-08-17T10:34:56","slug":"marseille-tu-as-eu-a-choisir-entre-la-guerre-et-le-deshonneur","status":"publish","type":"post","link":"https:\/\/carfree.fr\/index.php\/2014\/06\/26\/marseille-tu-as-eu-a-choisir-entre-la-guerre-et-le-deshonneur\/","title":{"rendered":"Marseille, tu as eu \u00e0 choisir entre la guerre* et le d\u00e9shonneur**&#8230;"},"content":{"rendered":"<p>Le collectif cyclistes enrag\u00e9es de Marseille, c&rsquo;est \u00e0 peu pr\u00e8s fini, mais on termine par un article appelant \u00e0 l&rsquo;insurrection plus vraiment pacifique, contre les chauffardEs&#8230; <!--more--><\/p>\n<p>* La guerre ? Voter contre l&rsquo;immobilisme et le m\u00e9pris de Jean-Claude Gaudin, contre les passe-droits et l&rsquo;incomp\u00e9tence de Force Ouvri\u00e8re, contre le client\u00e9lisme de Jean-No\u00ebl Gu\u00e9rini, de Sylvie, de Lisette et des autres, contre l&rsquo;arrogance b\u00eate et m\u00e9chante de Dominique Tian (entre autres&#8230;), contre la bagnole reine partout, et au d\u00e9triment de tout le reste (cadre de vie, qualit\u00e9 de l&rsquo;air, s\u00e9curit\u00e9, partage de l&rsquo;espace, et m\u00eame esp\u00e9rance de vie&#8230;)<\/p>\n<p>Ah oui, c&rsquo;est s\u00fbr, ceux qui tiennent Marseille depuis tant d&rsquo;ann\u00e9es auraient alors fait une guerre sans merci \u00e0 leurs successeurs, et t&rsquo;auraient pas mal cass\u00e9 les pieds avant de rentrer \u00e0 la niche&#8230; ou au tribunal.<\/p>\n<p>** Le d\u00e9shonneur ? Voter pour ces m\u00eames bras cass\u00e9s \/ culs plomb\u00e9s, au nom de leurs petits arrangements, de ta ch\u00e8re bagnole (ce parasite puant qui amoche depuis seulement 130 ans une ville magnifique et qui en a 2600 !), de tes ascenseurs \u00e0 renvoyer peut-\u00eatre, et pour surtout ne pas risquer de changer quoi que ce soit \u00e0 tes petites habitudes mesquines, \u00e9go\u00efstes et g\u00e9n\u00e9ralement inciviques&#8230;<\/p>\n<p>Ou pire encore, pauvre imb\u00e9cile heureux\/se abstentionniste, ne pas te sortir les doigts du cul pour aller voter contre, ce qui ne t&rsquo;en d\u00e9plaise, revient rigoureusement au m\u00eame r\u00e9sultat&#8230;<\/p>\n<p>&#8230; Marseille, tu as choisi le d\u00e9shonneur, et tu l&rsquo;auras, ta putain de guerre !<\/p>\n<p>Cycliste Enrag\u00e9E, r\u00e9jouis-toi, des armes l\u00e9g\u00e8res, maniables et diablement efficaces contre la chauffardise sont en vente libre <a title=\"http:\/\/www.google.fr\/#q=marteau+s%C3%A9curit%C3%A9+voiture\" href=\"http:\/\/www.google.fr\/#q=marteau+s%C3%A9curit%C3%A9+voiture\" target=\"_blank\">partout !<\/a><\/p>\n<p>Mais&#8230; S&rsquo;expliquer poliment avec les chauffardEs et faire de la p\u00e9dagogie, ce serait pas mieux ?<\/p>\n<p>Bien s\u00fbr que \u00e7a para\u00eet beaucoup mieux, mais \u00e7a ne change g\u00e9n\u00e9ralement rien ! D&rsquo;abord, \u00e7a ent\u00e9rine l&rsquo;id\u00e9e que les gens \u00e0 v\u00e9lo sont gentils d&rsquo;une part, et qu&rsquo;ils ont du temps \u00e0 perdre, d&rsquo;autre part. Ce n&rsquo;est pas notre cas, et vous ?!<\/p>\n<p>Pire, c&rsquo;est inverser la charge de la preuve : c&rsquo;est \u00e0 eux\/elles de vous expliquer au nom de quoi ils\/elles vous mettent en danger, pas \u00e0 vous ! Ce n&rsquo;est pas parce qu&rsquo;ils\/elles vous agressent ou vous mettent en danger (m\u00eame sans s&rsquo;en rendre compte) que vous devez adopter le comportement d&rsquo;une victime&#8230;<\/p>\n<p>Au fait, bottez-donc le cul (pas forc\u00e9ment au sens propre hein !) \u00e0 la prochain personne que vous verrez attendre gentiment \u00e0 un passage pi\u00e9ton qu&rsquo;on daigne la laisser traverser, vous lui rendrez service&#8230; ainsi qu&rsquo;\u00e0 vous-m\u00eame !<\/p>\n<p>Mais&#8230; Engueuler les chauffardEs et leur faire peur, les traumatiser un peu, c&rsquo;est pas suffisant ?<\/p>\n<p>Ah si, c&rsquo;est bien plus efficace : unE automobiliste qui a eu peur, une fois dans sa vie, d&rsquo;unE cycliste qu&rsquo;il\/elle prenait pour unE Bisounours, s&rsquo;en souviendra longtemps ! Et en plus, vous aurez la satisfaction de n&rsquo;avoir rien ab\u00eem\u00e9.<\/p>\n<p>Mais d&rsquo;abord, il faut que la personne soit dans sa voiture. Et puis surtout il faut avoir le temps, l&rsquo;envie et les capacit\u00e9s de se confronter \u00e0 des psychopathes potentielLEs&#8230; Car il y en a, n&rsquo;en doutez pas.<\/p>\n<p>Adoptez donc une fois pour toutes l&rsquo;insulte CHAUFFARD ou CHAUFFARDE. Vous verrez, cri\u00e9 tr\u00e8s fort, \u00e7a les effraye et \u00e7a d\u00e9foule autant que d&rsquo;autres bien plus vulgaires, et qui tapent \u00e0 c\u00f4t\u00e9 en insultant les origines, les anc\u00eatres disparus, la maman ou les pr\u00e9f\u00e9rences sexuelles de la personne vis\u00e9e. Au risque de la rendre hyst\u00e9rique&#8230;<\/p>\n<p>\u00ab\u00a0ChauffardE !\u00a0\u00bb, c&rsquo;est factuel, compris de tout le monde, et c&rsquo;est inattaquable !<\/p>\n<p>Au fait, vous voulez une variante qui permet de renforcer la violence et le c\u00f4t\u00e9 d\u00e9foulatoire, sans pour autant d\u00e9raper ?<\/p>\n<p>Essayez donc \u00ab\u00a0Putain de chauffardE de merde\u00a0\u00bb !<\/p>\n<p>Mais&#8230; et si j&rsquo;ai m\u00eame pas envie de leur parler, gentiment ou m\u00e9chamment ?<\/p>\n<p>Alors vraiment, la solution radicale, id\u00e9alement p\u00e9dagogique et applicable par touTEs, y compris les press\u00e9Es, \u00e7a reste de faire du d\u00e9g\u00e2t ! Maculer de produits salissants, rouler par dessus, froisser de l&rsquo;aile, soulever de l&rsquo;essuie-glace, plier du r\u00e9troviseur, et dans les cas extr\u00eames, casser ce qui casse !<\/p>\n<p>Mais surtout, surtout, cherEs cyclistes, faites toujours bien attention \u00e0 vous !<\/p>\n<p>D\u00e9j\u00e0, ne vous faites pas mal, tapez plut\u00f4t les v\u00e9hicules mal gar\u00e9s avec un objet, plut\u00f4t qu&rsquo;avec un pied ou un poing&#8230; Rappelez-vous &#8211; on l&rsquo;enseigne en auto-d\u00e9fense &#8211; que votre coude est la partie la plus dure de votre corps !<\/p>\n<p>Ensuite, ne prenez pas le risque idiot de vous faire casser la figure : soyez discretEs et furtif\/ves, soyez faux-culs sans complexes : n&rsquo;oubliez pas qu&rsquo;ainsi vous agirez exactement comme touTEs les chauffardES qui occupent sans cesse les trottoirs et les pistes cyclables, au p\u00e9ril de votre s\u00e9curit\u00e9 et de celle de vos minots&#8230;<br \/>\nIls doivent enfin comprendre que leur temps est fini, m\u00eame si leur mettre 137 fois le nez dans leur caca n&rsquo;a pas suffi (c&rsquo;est le nombre final de posts de ce blog), et m\u00eame si le changement n&rsquo;est pas sorti des urnes&#8230;<\/p>\n<p><a title=\"http:\/\/collectifcyclistesenragees.over-blog.com\" href=\"http:\/\/collectifcyclistesenragees.over-blog.com\" target=\"_blank\">http:\/\/collectifcyclistesenragees.over-blog.com<\/a><\/p>\n<p><img decoding=\"async\" loading=\"lazy\" class=\"alignnone size-full wp-image-22805\" title=\"andysinger-gmlaststd\" src=\"http:\/\/carfree.fr\/img\/2014\/06\/andysinger-gmlaststd.jpg\" alt=\"\" width=\"420\" height=\"468\" \/><\/p>\n<p><strong>Salutations Collectives, Cyclistes et Enrag\u00e9Es, Longo ma\u00ef !!<\/strong><\/p>\n","protected":false},"excerpt":{"rendered":"<p>Le collectif cyclistes enrag\u00e9es de Marseille, c&rsquo;est \u00e0 peu pr\u00e8s fini, mais on termine par un article appelant \u00e0 l&rsquo;insurrection plus vraiment pacifique, contre les chauffardEs&#8230;<\/p>\n","protected":false},"author":356,"featured_media":37462,"comment_status":"open","ping_status":"closed","sticky":false,"template":"","format":"standard","meta":[],"categories":[4,73,7],"tags":[181,646,59,204,1664],"views":7796,"_links":{"self":[{"href":"https:\/\/carfree.fr\/index.php\/wp-json\/wp\/v2\/posts\/22803"}],"collection":[{"href":"https:\/\/carfree.fr\/index.php\/wp-json\/wp\/v2\/posts"}],"about":[{"href":"https:\/\/carfree.fr\/index.php\/wp-json\/wp\/v2\/types\/post"}],"author":[{"embeddable":true,"href":"https:\/\/carfree.fr\/index.php\/wp-json\/wp\/v2\/users\/356"}],"replies":[{"embeddable":true,"href":"https:\/\/carfree.fr\/index.php\/wp-json\/wp\/v2\/comments?post=22803"}],"version-history":[{"count":0,"href":"https:\/\/carfree.fr\/index.php\/wp-json\/wp\/v2\/posts\/22803\/revisions"}],"wp:featuredmedia":[{"embeddable":true,"href":"https:\/\/carfree.fr\/index.php\/wp-json\/wp\/v2\/media\/37462"}],"wp:attachment":[{"href":"https:\/\/carfree.fr\/index.php\/wp-json\/wp\/v2\/media?parent=22803"}],"wp:term":[{"taxonomy":"category","embeddable":true,"href":"https:\/\/carfree.fr\/index.php\/wp-json\/wp\/v2\/categories?post=22803"},{"taxonomy":"post_tag","embeddable":true,"href":"https:\/\/carfree.fr\/index.php\/wp-json\/wp\/v2\/tags?post=22803"}],"curies":[{"name":"wp","href":"https:\/\/api.w.org\/{rel}","templated":true}]}}