{"id":2315,"date":"2009-04-06T14:02:21","date_gmt":"2009-04-06T13:02:21","guid":{"rendered":"http:\/\/carfree.fr\/?p=2315"},"modified":"2021-02-06T09:44:18","modified_gmt":"2021-02-06T08:44:18","slug":"autoschreck-un-documentaire-sur-la-violence-automobile","status":"publish","type":"post","link":"https:\/\/carfree.fr\/index.php\/2009\/04\/06\/autoschreck-un-documentaire-sur-la-violence-automobile\/","title":{"rendered":"Autoschreck, un documentaire sur la violence automobile"},"content":{"rendered":"<p><img decoding=\"async\" loading=\"lazy\" title=\"Autoschreck Michael Hartmann\" src=\"http:\/\/carfree.fr\/images\/autoschreck.jpg\" alt=\"Autoschreck Michael Hartmann\" width=\"420\" height=\"200\" \/><\/p>\n<p>Peut-\u00eatre avez-vous d\u00e9j\u00e0 entendu parler de Michael Hartmann, un c\u00e9l\u00e8bre militant pour les droits des pi\u00e9tons \u00e0 Munich (Allemagne). Il s&rsquo;\u00e9tait rendu assez c\u00e9l\u00e8bre en Allemagne pour avoir <a title=\"http:\/\/carfree.fr\/index.php\/2005\/08\/02\/on-a-marche-sur-des-voitures\/\" href=\"http:\/\/carfree.fr\/index.php\/2005\/08\/02\/on-a-marche-sur-des-voitures\/\" target=\"_self\">march\u00e9 sur des voitures<\/a> mal gar\u00e9es en signe de protestation. Cette pratique lui avait valu de se retrouver devant un tribunal, qui avait d\u00e9cr\u00e9t\u00e9 qu&rsquo;il ne devait pas \u00eatre condamn\u00e9 pour avoir march\u00e9 sur des voitures gar\u00e9es sur le trottoir, car les voitures n&rsquo;avaient pas eu de dommages.<!--more--><\/p>\n<p>Dans ce documentaire consacr\u00e9 \u00e0  Michael Hartmann, Autoschreck (1995), un \u00ab\u00a0classique\u00a0\u00bb de l&rsquo;activisme anti-voiture, on est effar\u00e9 de la violence que l&rsquo;automobile peut causer, violence physique bien s\u00fbr, mais aussi violence psychologique et morale. Durant le film,  Michael Hartmann va plus loin que la marche sur voiture. Il part du principe que si les voitures occupent l&rsquo;espace r\u00e9serv\u00e9 aux pi\u00e9tons (trottoirs, espaces pi\u00e9tons), alors il peut se permettre d&rsquo;occuper l&rsquo;espace r\u00e9serv\u00e9 aux voitures (rues, avenues, bref la chauss\u00e9e circul\u00e9e au sens large).<\/p>\n<p>Pour ce faire, il se met \u00e0 d\u00e9ambuler tranquillement en pleine voie, parfois sur des axes \u00e0 fort trafic automobile, obligeant les voitures \u00e0 freiner ou m\u00eame \u00e0 s&rsquo;arr\u00eater. A certains moments, il s&rsquo;arr\u00eate carr\u00e9ment en plein milieu d&rsquo;une avenue, provoquant un sacr\u00e9 bazar dans la circulation et des comportements plut\u00f4t violents de la part d&rsquo;automobilistes qui ne tol\u00e8rent pas qu&rsquo;un individu constitue une entrave \u00e0 leur circulation.<\/p>\n<p>Comme le documentaire le montre, un pi\u00e9ton qui utilise la chauss\u00e9e r\u00e9serv\u00e9e aux voitures est violemment agress\u00e9 par des automobilistes, m\u00eame devant les cam\u00e9ras. Inversement, on a rarement vu une voiture gar\u00e9e sur le trottoir \u00eatre trait\u00e9e violemment par un pi\u00e9ton&#8230;<\/p>\n<p><strong>Voici le documentaire intitul\u00e9 Autoschreck (Car Fright), d&rsquo;une dur\u00e9e totale de 15 minutes et 54 secondes. C&rsquo;est un peu long pour un format internet, mais \u00e7a vaut vraiment le coup.<\/strong><\/p>\n<p><iframe loading=\"lazy\" width=\"800\" height=\"600\" src=\"https:\/\/www.youtube.com\/embed\/lbuxuXwhJqM?feature=oembed\" frameborder=\"0\" allow=\"accelerometer; autoplay; clipboard-write; encrypted-media; gyroscope; picture-in-picture\" allowfullscreen><\/iframe><\/p>\n<p><iframe loading=\"lazy\" width=\"800\" height=\"600\" src=\"https:\/\/www.youtube.com\/embed\/CfivtcxqNlQ?feature=oembed\" frameborder=\"0\" allow=\"accelerometer; autoplay; clipboard-write; encrypted-media; gyroscope; picture-in-picture\" allowfullscreen><\/iframe><\/p>\n","protected":false},"excerpt":{"rendered":"<p>Peut-\u00eatre avez-vous d\u00e9j\u00e0 entendu parler de Michael Hartmann, un c\u00e9l\u00e8bre militant pour les droits des pi\u00e9tons \u00e0 Munich (Allemagne). Il s&rsquo;\u00e9tait rendu assez c\u00e9l\u00e8bre en Allemagne pour avoir march\u00e9 sur <a class=\"more-link\" href=\"https:\/\/carfree.fr\/index.php\/2009\/04\/06\/autoschreck-un-documentaire-sur-la-violence-automobile\/\">Lire la suite&#8230;<\/a><\/p>\n","protected":false},"author":18,"featured_media":2385,"comment_status":"open","ping_status":"open","sticky":false,"template":"","format":"standard","meta":[],"categories":[4,9,70],"tags":[181,64,639,110,65,196,135,101,220,237,651],"views":6092,"_links":{"self":[{"href":"https:\/\/carfree.fr\/index.php\/wp-json\/wp\/v2\/posts\/2315"}],"collection":[{"href":"https:\/\/carfree.fr\/index.php\/wp-json\/wp\/v2\/posts"}],"about":[{"href":"https:\/\/carfree.fr\/index.php\/wp-json\/wp\/v2\/types\/post"}],"author":[{"embeddable":true,"href":"https:\/\/carfree.fr\/index.php\/wp-json\/wp\/v2\/users\/18"}],"replies":[{"embeddable":true,"href":"https:\/\/carfree.fr\/index.php\/wp-json\/wp\/v2\/comments?post=2315"}],"version-history":[{"count":0,"href":"https:\/\/carfree.fr\/index.php\/wp-json\/wp\/v2\/posts\/2315\/revisions"}],"wp:featuredmedia":[{"embeddable":true,"href":"https:\/\/carfree.fr\/index.php\/wp-json\/"}],"wp:attachment":[{"href":"https:\/\/carfree.fr\/index.php\/wp-json\/wp\/v2\/media?parent=2315"}],"wp:term":[{"taxonomy":"category","embeddable":true,"href":"https:\/\/carfree.fr\/index.php\/wp-json\/wp\/v2\/categories?post=2315"},{"taxonomy":"post_tag","embeddable":true,"href":"https:\/\/carfree.fr\/index.php\/wp-json\/wp\/v2\/tags?post=2315"}],"curies":[{"name":"wp","href":"https:\/\/api.w.org\/{rel}","templated":true}]}}