{"id":23189,"date":"2014-07-14T09:02:55","date_gmt":"2014-07-14T08:02:55","guid":{"rendered":"http:\/\/carfree.fr\/?p=23189"},"modified":"2015-01-22T12:02:38","modified_gmt":"2015-01-22T11:02:38","slug":"lump-paca-va-t-elle-rejoindre-carfree","status":"publish","type":"post","link":"https:\/\/carfree.fr\/index.php\/2014\/07\/14\/lump-paca-va-t-elle-rejoindre-carfree\/","title":{"rendered":"L&rsquo;UMP PACA va-t-elle rejoindre carfree?"},"content":{"rendered":"<p><img decoding=\"async\" loading=\"lazy\" class=\"alignnone size-full wp-image-23190\" src=\"http:\/\/carfree.fr\/img\/2014\/07\/manzanares.jpg\" alt=\"manzanares\" width=\"600\" height=\"398\" \/><\/p>\n<p>Voici une tribune sign\u00e9e par la pr\u00e9sidente du Parti Radical du Var au nom de l&rsquo;Union pour un mouvement populaire (UMP), du Nouveau Centre et du Mouvement pour la France, dans le journal mensuel de la r\u00e9gion PACA (Provence Alpes C\u00f4te d&rsquo;Azur) de juin 2014. \u00c9tonnant, non? <!--more--><\/p>\n<p><strong>Faire d\u00e9passer la voiture par la R\u00e9gion<\/strong><\/p>\n<p>Les \u00e9pisodes de pollution aigu\u00eb que connaissent les agglom\u00e9rations d&rsquo;une certaine importance vont vraisemblablement cro\u00eetre en nombre et en intensit\u00e9, et finiront par former une esp\u00e8ce de micro-climat d\u00e9l\u00e9t\u00e8re permanent en nous confrontant \u00e0 une alternative imp\u00e9rieuse : le changement ou le marasme \u00e9conomique et sanitaire. Les co\u00fbts induits par la pollution se chiffrent d\u00e9j\u00e0 en dizaines de milliards d&rsquo;euros pour la seule assurance maladie.<\/p>\n<p>D\u00e8s lors la R\u00e9gion, notamment dans le cadre du Plan de D\u00e9placement Urbain, se doit d&rsquo;accompagner ses initiatives d&rsquo;une p\u00e9dagogie sans complaisance, la gravit\u00e9 de la situation commandant un discours clair et direct.<\/p>\n<p>Nous sommes quasi tous automobilistes, et les \u00e9cologistes qui ont renonc\u00e9 \u00e0 leur voiture sont eux-m\u00eames tr\u00e8s rares. Mais que plus personne n&rsquo;ignore d\u00e9sormais que la voiture est l&rsquo;une des principales causes de pollution atmosph\u00e9rique et oc\u00e9anique, parce que le nombre des automobiles dans le monde double tous les quinze ans (136 millions en 1966, plus d&rsquo;un milliard en 2010) et que la combustion du carburant n\u00e9cessite de l&rsquo;oxyg\u00e8ne soustrait \u00e0 l&rsquo;atmosph\u00e8re et rendu sous forme d&rsquo;une infinit\u00e9 de poisons hautement canc\u00e9rig\u00e8nes; que plus personne ne se cache derri\u00e8re son pot catalytique, qui n&rsquo;est d&rsquo;aucun secours quand le parc automobile ne cesse de cro\u00eetre; que chacun s&rsquo;inqui\u00e8te que l&rsquo;usure des pneus engendre des centaines de milliers de tonnes de noir de charbon par an; que l&rsquo;on se figure avec horreur que le b\u00e9ton d&rsquo;autoroute a d\u00e9vor\u00e9 chaque ann\u00e9e des surfaces de verdure \u00e9gales \u00e0 la superficie des Pays-Bas; qu&rsquo;on ne nourrisse pas de b\u00e9ates illusions pour les syst\u00e8mes de moteur hybride ou totalement \u00e9lectrique, car ils ne r\u00e9solvent pas les probl\u00e8mes d&rsquo;encombrement dans les villes et n&rsquo;att\u00e9nueront pas la g\u00e9om\u00e9trisation des paysages, si toutefois les m\u00e9taux lourds qu&rsquo;ils exigent ne constituaient pas d&rsquo;autres impasses. La liste compl\u00e8te des maux li\u00e9s \u00e0 la voiture est impossible \u00e0 dresser ici, mais n&rsquo;en d\u00e9plaise aux firmes et \u00e0 l&rsquo;Automobile-club, elle r\u00e9unit tout ce qui en fait l&rsquo;un des pires fl\u00e9aux que nous ayons \u00e0 affronter.<\/p>\n<p>La R\u00e9gion ne doit pas se d\u00e9rober devant la difficult\u00e9 de briser ce cercle vicieux qui fait que nous recourrons \u00e0 la voiture faute de transports publics, qui seraient eux-m\u00eames insuffisants par d\u00e9faut d&rsquo;usagers.<\/p>\n<p><em>B\u00e9atrice Manzanar\u00e8s<br \/>\nConseill\u00e8re R\u00e9gionale et Conseill\u00e8re Municipale de Toulon<br \/>\nSecr\u00e9taire D\u00e9partementale du Parti Radical<\/em><\/p>\n<p>Source: La r\u00e9gion Provence Alpes C\u00f4te d&rsquo;Azur, mensuel gratuit, num\u00e9ro 250, juin 2014.<\/p>\n","protected":false},"excerpt":{"rendered":"<p>Voici une tribune sign\u00e9e par la pr\u00e9sidente du Parti Radical du Var au nom de l&rsquo;Union pour un mouvement populaire (UMP), du Nouveau Centre et du Mouvement pour la France, <a class=\"more-link\" href=\"https:\/\/carfree.fr\/index.php\/2014\/07\/14\/lump-paca-va-t-elle-rejoindre-carfree\/\">Lire la suite&#8230;<\/a><\/p>\n","protected":false},"author":1390,"featured_media":23190,"comment_status":"open","ping_status":"closed","sticky":false,"template":"","format":"standard","meta":[],"categories":[73],"tags":[15,204,383,287,574],"views":8596,"_links":{"self":[{"href":"https:\/\/carfree.fr\/index.php\/wp-json\/wp\/v2\/posts\/23189"}],"collection":[{"href":"https:\/\/carfree.fr\/index.php\/wp-json\/wp\/v2\/posts"}],"about":[{"href":"https:\/\/carfree.fr\/index.php\/wp-json\/wp\/v2\/types\/post"}],"author":[{"embeddable":true,"href":"https:\/\/carfree.fr\/index.php\/wp-json\/wp\/v2\/users\/1390"}],"replies":[{"embeddable":true,"href":"https:\/\/carfree.fr\/index.php\/wp-json\/wp\/v2\/comments?post=23189"}],"version-history":[{"count":0,"href":"https:\/\/carfree.fr\/index.php\/wp-json\/wp\/v2\/posts\/23189\/revisions"}],"wp:featuredmedia":[{"embeddable":true,"href":"https:\/\/carfree.fr\/index.php\/wp-json\/"}],"wp:attachment":[{"href":"https:\/\/carfree.fr\/index.php\/wp-json\/wp\/v2\/media?parent=23189"}],"wp:term":[{"taxonomy":"category","embeddable":true,"href":"https:\/\/carfree.fr\/index.php\/wp-json\/wp\/v2\/categories?post=23189"},{"taxonomy":"post_tag","embeddable":true,"href":"https:\/\/carfree.fr\/index.php\/wp-json\/wp\/v2\/tags?post=23189"}],"curies":[{"name":"wp","href":"https:\/\/api.w.org\/{rel}","templated":true}]}}