{"id":23195,"date":"2014-07-15T08:53:39","date_gmt":"2014-07-15T07:53:39","guid":{"rendered":"http:\/\/carfree.fr\/?p=23195"},"modified":"2021-01-07T17:42:10","modified_gmt":"2021-01-07T16:42:10","slug":"une-nouvelle-ville-passe-a-la-gratuite-des-transports-en-commun","status":"publish","type":"post","link":"https:\/\/carfree.fr\/index.php\/2014\/07\/15\/une-nouvelle-ville-passe-a-la-gratuite-des-transports-en-commun\/","title":{"rendered":"Une nouvelle ville passe \u00e0 la gratuit\u00e9 des transports en commun"},"content":{"rendered":"<p><img decoding=\"async\" loading=\"lazy\" class=\"alignnone size-full wp-image-23196\" src=\"http:\/\/carfree.fr\/img\/2014\/07\/Bougenbus.jpg\" alt=\"Bougenbus\" width=\"600\" height=\"400\" \/><\/p>\n<p>C&rsquo;\u00e9tait une promesse \u00e9lectorale du maire, la ville de Gaillac dans le Tarn (13.629 habitants) passera \u00e0 la gratuit\u00e9 des transports en commun le 13 septembre prochain. Gaillac sera alors la 26\u00e8me ville fran\u00e7aise \u00e0 passer \u00e0 la <a title=\"http:\/\/fr.wikipedia.org\/wiki\/Gratuit\u00e9_des_transports_en_commun\" href=\"http:\/\/fr.wikipedia.org\/wiki\/Gratuit\u00e9_des_transports_en_commun\" target=\"_blank\">gratuit\u00e9 des transports en commun<\/a>. <!--more--><\/p>\n<p>Le 11 juin dernier, les \u00e9lus du conseil municipal de Gaillac ont \u00e9t\u00e9 particuli\u00e8rement attentifs lors du rapport d\u2019activit\u00e9 du r\u00e9seau \u00ab\u00a0Bougenbus\u00a0\u00bb, compos\u00e9 de six lignes de bus.<\/p>\n<p>Avec pr\u00e8s de 84 000 voyages enregistr\u00e9s de septembre 2012 \u00e0 ao\u00fbt 2013, le trafic est en hausse de +150% en un an. Le r\u00e9seau de 6 lignes emploie 114 personnes, dont 64 \u00e0 temps complet. Financ\u00e9 par trois actionnaires, le conseil g\u00e9n\u00e9ral (1000 actions), la ville de Gaillac (150 actions) et Tarn et Dadou (150 actions), l&rsquo;exercice financier laisse appara\u00eetre un l\u00e9ger d\u00e9ficit de 2.600 \u20ac.<\/p>\n<p>Tout le monde attendait le maire Patrice Gausserand (UDI) au tournant par rapport \u00e0 sa promesse de campagne sur la <a title=\"http:\/\/carfree.fr\/index.php\/tag\/gratuite\/\" href=\"http:\/\/carfree.fr\/index.php\/tag\/gratuite\/\">gratuit\u00e9<\/a>. \u00ab\u00a0<em>A partir du 13 septembre, jour de la f\u00eate des associations, Bougenbus changera de nom et sera gratuit<\/em>\u00ab\u00a0, a annonc\u00e9 le maire.<\/p>\n<blockquote><p><em>Cette gratuit\u00e9 incitera la population \u00e0 utiliser ces bus. Nous travaillons sur l\u2019am\u00e9lioration du rendement et du remplissage des bus.<\/em>\u00ab\u00a0<\/p><\/blockquote>\n<p>Cette d\u00e9cision a \u00e9t\u00e9 diversement accueillie par les \u00e9lus de l\u2019opposition. En effet, Thomas Domenech (\u00ab\u00a0Gaillac \u00e0 gauche\u00a0\u00bb) se dit satisfait. \u00ab\u00a0<em>Le transport doit \u00eatre public et gratuit<\/em>\u00ab\u00a0, a-t-il indiqu\u00e9.<\/p>\n<p>Mais Mich\u00e8le Rieux (PS, ancienne maire de Gaillac) s\u2019est d\u00e9clar\u00e9e d\u00e9favorable \u00e0 une telle mesure. \u00ab\u00a0<em>Nous ne sommes pas pour la gratuit\u00e9<\/em>\u00ab\u00a0, a-t-elle soulign\u00e9. \u00ab\u00a0<em>Nous pensons que les usagers doivent payer un peu. Le billet est \u00e0 50 centimes, c\u2019est tr\u00e8s peu. Et la perte d\u2019exploitation entra\u00eenera d\u2019autres pertes.<\/em>\u00a0\u00bb<\/p>\n<p>Sur la perte d\u2019exploitation, estim\u00e9e \u00e0 50.000 euros (20.000 euros de billetterie et 30.000 euros de TVA), le maire Patrice Gausserand a confi\u00e9 qu\u2019il y aura \u00ab\u00a0<em>des solutions pour r\u00e9cup\u00e9rer cette somme<\/em>\u00ab\u00a0.<\/p>\n<p><a title=\"http:\/\/www.lulu.com\/shop\/marcel-robert\/transports-publics-urbains-textes-sur-la-gratuit%C3%A9\/paperback\/product-22242035.html\" href=\"https:\/\/www.lulu.com\/shop\/marcel-robert\/transports-publics-urbains-textes-sur-la-gratuit%C3%A9\/paperback\/product-22242035.html\" target=\"_blank\"><img decoding=\"async\" loading=\"lazy\" class=\"alignleft\" title=\"livre-gratuit\u00e9\" src=\"http:\/\/carfree.fr\/img\/2008\/06\/couverture-livre.jpg\" alt=\"livre-gratuit\u00e9\" width=\"150\" height=\"246\" align=\"right\" \/><\/a>Marcel Robert, auteur du livre \u00ab\u00a0<a href=\"https:\/\/www.lulu.com\/shop\/marcel-robert\/transports-publics-urbains-textes-sur-la-gratuit%C3%A9\/paperback\/product-22242035.html\" target=\"_blank\">Transports publics urbains: Textes sur la gratuit\u00e9<\/a>\u00ab\u00a0, 158 pages, 10 euros.<span style=\"font-weight: bold;\"><br \/>\n<\/span><\/p>\n<p><strong>Sources:<\/strong><br \/>\n<a title=\"http:\/\/www.ladepeche.fr\/article\/2014\/06\/13\/1899802-bougenbus-changera-de-nom-et-deviendra-gratuit.html\" href=\"http:\/\/www.ladepeche.fr\/article\/2014\/06\/13\/1899802-bougenbus-changera-de-nom-et-deviendra-gratuit.html\" target=\"_blank\">http:\/\/www.ladepeche.fr\/article\/2014\/06\/13\/1899802-bougenbus-changera-de-nom-et-deviendra-gratuit.html<\/a><\/p>\n","protected":false},"excerpt":{"rendered":"<p>C&rsquo;\u00e9tait une promesse \u00e9lectorale du maire, la ville de Gaillac dans le Tarn (13.629 habitants) passera \u00e0 la gratuit\u00e9 des transports en commun le 13 septembre prochain. Gaillac sera alors <a class=\"more-link\" href=\"https:\/\/carfree.fr\/index.php\/2014\/07\/15\/une-nouvelle-ville-passe-a-la-gratuite-des-transports-en-commun\/\">Lire la suite&#8230;<\/a><\/p>\n","protected":false},"author":18,"featured_media":23196,"comment_status":"open","ping_status":"closed","sticky":false,"template":"","format":"standard","meta":[],"categories":[4,8],"tags":[247,382,287,131],"views":11590,"_links":{"self":[{"href":"https:\/\/carfree.fr\/index.php\/wp-json\/wp\/v2\/posts\/23195"}],"collection":[{"href":"https:\/\/carfree.fr\/index.php\/wp-json\/wp\/v2\/posts"}],"about":[{"href":"https:\/\/carfree.fr\/index.php\/wp-json\/wp\/v2\/types\/post"}],"author":[{"embeddable":true,"href":"https:\/\/carfree.fr\/index.php\/wp-json\/wp\/v2\/users\/18"}],"replies":[{"embeddable":true,"href":"https:\/\/carfree.fr\/index.php\/wp-json\/wp\/v2\/comments?post=23195"}],"version-history":[{"count":0,"href":"https:\/\/carfree.fr\/index.php\/wp-json\/wp\/v2\/posts\/23195\/revisions"}],"wp:featuredmedia":[{"embeddable":true,"href":"https:\/\/carfree.fr\/index.php\/wp-json\/"}],"wp:attachment":[{"href":"https:\/\/carfree.fr\/index.php\/wp-json\/wp\/v2\/media?parent=23195"}],"wp:term":[{"taxonomy":"category","embeddable":true,"href":"https:\/\/carfree.fr\/index.php\/wp-json\/wp\/v2\/categories?post=23195"},{"taxonomy":"post_tag","embeddable":true,"href":"https:\/\/carfree.fr\/index.php\/wp-json\/wp\/v2\/tags?post=23195"}],"curies":[{"name":"wp","href":"https:\/\/api.w.org\/{rel}","templated":true}]}}