{"id":23256,"date":"2014-08-14T08:11:16","date_gmt":"2014-08-14T07:11:16","guid":{"rendered":"http:\/\/carfree.fr\/?p=23256"},"modified":"2021-01-07T16:56:49","modified_gmt":"2021-01-07T15:56:49","slug":"longtails-les-velos-allonges","status":"publish","type":"post","link":"https:\/\/carfree.fr\/index.php\/2014\/08\/14\/longtails-les-velos-allonges\/","title":{"rendered":"Longtails, les v\u00e9los allong\u00e9s"},"content":{"rendered":"<p>Il y a une dizaine d&rsquo;ann\u00e9es, la soci\u00e9t\u00e9 am\u00e9ricaine Xtracycle lan\u00e7ait un accessoire de v\u00e9lo assez r\u00e9volutionnaire &#8211; l&rsquo;extension de l&rsquo;extr\u00e9mit\u00e9 arri\u00e8re de n&rsquo;importe quel v\u00e9lo, le transformant en un v\u00e9lo-cargo. D\u00e9sormais, ce concept de v\u00e9lo entre lentement dans les m\u0153urs, comme un outil de transport utile au quotidien, m\u00eame si on en rencontre encore trop peu en France. Voici un aper\u00e7u. <!--more--><\/p>\n<p>Photo du haut: V\u00e9lo Madsen par <a title=\"http:\/\/www.flickr.com\/photos\/81325557@N00\/3368723788\/in\/pool-madsencycles\" href=\"http:\/\/www.flickr.com\/photos\/81325557@N00\/3368723788\/in\/pool-madsencycles\" target=\"_blank\">Carfreedays <\/a>sous licence Creative Commons<\/p>\n<p>Vous pouvez vous demander \u00e0 quoi servent ces v\u00e9los. (Vous pouvez \u00e9galement demander qui pourrait acheter des v\u00e9los si laids). Les deux questions peuvent \u00eatre r\u00e9solues assez simplement: Ils sont utiles. Ils peuvent transporter beaucoup de choses. Ils vous permettent d&rsquo;utiliser votre v\u00e9lo au lieu de votre voiture.<\/p>\n<p>En premier lieu, comment appeler ces v\u00e9los? A vrai dire, la question n&rsquo;est pas si simple car depuis une dizaine d&rsquo;ann\u00e9es, on constate une multiplication des types de v\u00e9los, des formats et des entreprises qui les fabriquent.<\/p>\n<p>Da mani\u00e8re g\u00e9n\u00e9rale, on est dans la grande cat\u00e9gorie des v\u00e9lo-cargos, en gros les v\u00e9los qui servent \u00e0 transporter des charges plus importantes qu&rsquo;un v\u00e9lo classique. Plus pr\u00e9cis\u00e9ment, il s&rsquo;agit de mod\u00e8les que l&rsquo;on peut qualifier de biporteurs, sur deux roues donc, \u00e0 la diff\u00e9rence de tous les mod\u00e8les triporteurs (chargement \u00e0 l&rsquo;avant) ou tricycles (chargement \u00e0 l&rsquo;arri\u00e8re).<\/p>\n<p>Et si on d\u00e9taille encore plus, les mod\u00e8les biporteurs peuvent avoir un chargement \u00e0 l&rsquo;avant ou \u00e0 l&rsquo;arri\u00e8re. Dans le cas pr\u00e9sent, on parle ici de biporteurs \u00e0 chargement arri\u00e8re, parfois appel\u00e9s longtails, et qui consistent en un allongement de la partie arri\u00e8re d&rsquo;un v\u00e9lo. Bref, ce sont des v\u00e9los allong\u00e9s!<\/p>\n<p>L&rsquo;id\u00e9e de cet article n&rsquo;est pas de fournir un comparatif d\u00e9taill\u00e9 des diff\u00e9rents mod\u00e8les qui existent sur le march\u00e9, d&rsquo;ailleurs existe-t-il?, mais de donner \u00e0 voir l&rsquo;\u00e9tendue des possibilit\u00e9s en mati\u00e8re d&rsquo;extension de v\u00e9lo.<\/p>\n<p>Ceci dit, on fournira malgr\u00e9 tout quelques \u00e9l\u00e9ments de comparaison pour les principaux mod\u00e8les en fin d&rsquo;article.<\/p>\n<p><strong>Surly Big Dummy<\/strong><br \/>\nLe Big Dummy est un v\u00e9ritable v\u00e9lo de transport. J&rsquo;aime bien l&rsquo;accroche commerciale trouv\u00e9e sur un site qui vend ce v\u00e9lo: \u00ab\u00a0Tu aspires \u00e0 une vie meilleure? Vends ta caisse et roule Big Dummy !\u00a0\u00bb Ce v\u00e9lo est construit autour de la plateforme XTRACYLE, il est capable d&rsquo;\u00eatre charg\u00e9 jusqu&rsquo;\u00e0 90kg (en plus du conducteur bien s\u00fbr).<\/p>\n<p><img decoding=\"async\" loading=\"lazy\" class=\"alignnone size-full wp-image-23258\" src=\"http:\/\/carfree.fr\/img\/2014\/08\/long-bigdummy2.jpg\" alt=\"long-bigdummy2\" width=\"600\" height=\"450\" \/><\/p>\n<p><strong>Yuba Mundo<\/strong><br \/>\nIci, on entre dans la cat\u00e9gorie v\u00e9lo-camion! Ce robuste v\u00e9lo allemand peut g\u00e9rer jusqu&rsquo;\u00e0 200 kg de charge sur la roue arri\u00e8re, avec un cadre tr\u00e8s solide (et lourd).<\/p>\n<p><img decoding=\"async\" loading=\"lazy\" class=\"alignnone size-full wp-image-23261\" src=\"http:\/\/carfree.fr\/img\/2014\/08\/long-yubamundo1.jpg\" alt=\"long-yubamundo\" width=\"600\" height=\"390\" \/><\/p>\n<p><strong>Kona Ute<\/strong><br \/>\nIl s&rsquo;agit ici de la version 2009 du Kona Ute &#8211; la marque de v\u00e9los am\u00e9ricains \/ canadiens la plus connue pour sa gamme de v\u00e9los de montagne est l&rsquo;une des tr\u00e8s rares soci\u00e9t\u00e9s traditionnelles avec un longtail pr\u00eat \u00e0 l&#8217;emploi sur le march\u00e9. Apparemment pas compatible avec Xtracycle cependant.<\/p>\n<p><img decoding=\"async\" loading=\"lazy\" class=\"alignnone size-full wp-image-23262\" src=\"http:\/\/carfree.fr\/img\/2014\/08\/long-konaute1.jpg\" alt=\"long-konaute\" width=\"600\" height=\"300\" \/><\/p>\n<p><strong>Radish Xtracycle<\/strong><br \/>\nLe pionnier du Longtail reste malgr\u00e9 tout Xtracycle qui a le m\u00e9rite d&rsquo;\u00eatre la force motrice de ce mouvement, au moins sur le march\u00e9 am\u00e9ricain. Apr\u00e8s dix ans de pratique dans le domaine du kit de conversion, ils ont sorti leur premier v\u00e9lo longtail complet, pr\u00eat \u00e0 l&rsquo;usage.<\/p>\n<p><img decoding=\"async\" loading=\"lazy\" class=\"alignnone size-full wp-image-23263\" src=\"http:\/\/carfree.fr\/img\/2014\/08\/long-xtracycleradish.jpg\" alt=\"long-xtracycleradish\" width=\"600\" height=\"424\" \/><\/p>\n<p><strong>Gary Fisher El Ranchero<\/strong><br \/>\nIl ne s&rsquo;agit ici que d&rsquo;un prototype, montr\u00e9 dans les salons. Le El Ranchero devait sortir en 2010 en conformit\u00e9 avec le standard Xtracycle, mais apparemment le projet en est rest\u00e9 l\u00e0, sauf indications contraires? Dommage en tout cas&#8230;<\/p>\n<p><img decoding=\"async\" loading=\"lazy\" class=\"alignnone size-full wp-image-23264\" src=\"http:\/\/carfree.fr\/img\/2014\/08\/long-fisherelranchero2.jpg\" alt=\"long-fisherelranchero2\" width=\"600\" height=\"387\" \/><\/p>\n<p><strong>Madsen<\/strong><br \/>\nLa gamme de Madsen est compos\u00e9e d&rsquo;un seul et unique mod\u00e8le, le kg271, soit la conversion en kilos de ce qu&rsquo;il est capable de transporter : 600 livres&#8230; Le bac arri\u00e8re peut accueillir trois enfants sans probl\u00e8mes.<\/p>\n<p><img decoding=\"async\" loading=\"lazy\" class=\"alignnone size-full wp-image-23265\" src=\"http:\/\/carfree.fr\/img\/2014\/08\/long-madsen.jpg\" alt=\"long-madsen\" width=\"600\" height=\"305\" \/><\/p>\n<p><img decoding=\"async\" loading=\"lazy\" class=\"alignnone size-full wp-image-23266\" src=\"http:\/\/carfree.fr\/img\/2014\/08\/long-madsenbucket.jpg\" alt=\"long-madsenbucket\" width=\"600\" height=\"305\" \/><\/p>\n<p><strong>Fietsfabrik pack Max Duo<\/strong><br \/>\nCe mod\u00e8le sp\u00e9cial n\u00e9erlandais est l&rsquo;intrus ici, avec deux si\u00e8ges enfant mont\u00e9s et pr\u00eats. Le march\u00e9 n\u00e9erlandais conna\u00eet de multiples mod\u00e8les diff\u00e9rents de v\u00e9los-cargo &#8211; mais celui-ci est l&rsquo;un des rares qui placent la plupart des bagages \u00e0 l&rsquo;arri\u00e8re.<\/p>\n<p><img decoding=\"async\" loading=\"lazy\" class=\"alignnone size-full wp-image-23267\" src=\"http:\/\/carfree.fr\/img\/2014\/08\/long-fietsfabrik.jpg\" alt=\"long-fietsfabrik\" width=\"600\" height=\"399\" \/><\/p>\n<p>Bien, maintenant que vous avez une petite id\u00e9e des diff\u00e9rents mod\u00e8les existants, voici un d\u00e9but de comparatif, r\u00e9alis\u00e9 par le site <a title=\"http:\/\/velosuisse.wordpress.com\/\" href=\"http:\/\/velosuisse.wordpress.com\/\" target=\"_blank\">v\u00e9losuisse<\/a>. Vous avez alors tout ce qu\u2019il faut pour faire d\u00e9j\u00e0 beaucoup de choses! Pour vous faire une id\u00e9e du budget on peut r\u00e9sumer comme \u00e7a:<\/p>\n<table border=\"1\" width=\"600\" cellspacing=\"0\" cellpadding=\"4\">\n<tbody>\n<tr valign=\"TOP\">\n<td width=\"109\"><\/td>\n<td width=\"160\"><strong>Transporter 2 enfants en bas \u00e2ge<\/strong><\/td>\n<td width=\"165\"><strong>Transporter 2 enfants d\u2019au moins 3 ans<\/strong><\/td>\n<td width=\"173\"><strong>Transporter tout sauf des enfants<\/strong><\/td>\n<\/tr>\n<tr valign=\"TOP\">\n<td width=\"109\">Kit Xtracycle<\/td>\n<td width=\"160\">500\u20ac<\/td>\n<td width=\"165\">500<\/td>\n<td width=\"173\">500<\/td>\n<\/tr>\n<tr valign=\"TOP\">\n<td width=\"109\">Kick Back<\/td>\n<td width=\"160\">150\u20ac<\/td>\n<td width=\"165\">150<\/td>\n<td width=\"173\">non<\/td>\n<\/tr>\n<tr valign=\"TOP\">\n<td width=\"109\">Si\u00e8ges enfants<\/td>\n<td width=\"160\">2 si\u00e8ges\u00a0: 200\u20ac<\/td>\n<td width=\"165\">non<\/td>\n<td width=\"173\">non<\/td>\n<\/tr>\n<tr valign=\"TOP\">\n<td width=\"109\">Abaisser le centre de gravit\u00e9 pour plus de stabilit\u00e9<\/td>\n<td width=\"160\">Une roue arri\u00e8re 24 pouces, un frein \u00e0 disque\u00a0: 100-200\u20ac<\/td>\n<td width=\"165\">100-200<\/td>\n<td width=\"173\">Pas indispensable<\/td>\n<\/tr>\n<tr valign=\"TOP\">\n<td width=\"109\"><b>Total<\/b><\/td>\n<td width=\"160\"><b>850\u20ac <\/b><b>ou 950-1050\u20ac (pour un v\u00e9lo plus stable)<\/b><\/td>\n<td width=\"165\"><b>650 <\/b><b>ou 750-850<\/b><\/td>\n<td width=\"173\"><b>500<\/b><\/td>\n<\/tr>\n<tr valign=\"TOP\">\n<td width=\"109\"><i>Poids<\/i><\/td>\n<td width=\"160\"><i>Environ 26kg<\/i><\/td>\n<td width=\"165\"><i>Environ 20kg<\/i><\/td>\n<td width=\"173\"><i>Environ 19kg<\/i><\/td>\n<\/tr>\n<tr valign=\"TOP\">\n<td width=\"109\"><\/td>\n<td width=\"160\"><\/td>\n<td width=\"165\"><\/td>\n<td width=\"173\"><\/td>\n<\/tr>\n<tr valign=\"TOP\">\n<td width=\"109\"><strong>Yuba mundo<\/strong><\/p>\n<p>Impossible d\u2019abaisser le centre de gravit\u00e9<\/td>\n<td width=\"160\">V\u00e9lo\u00a0: 1500\u20ac<\/p>\n<p>B\u00e9quille\u00a0: 85\u20ac<\/p>\n<p>Si\u00e8ges\u00a0: 200\u20ac<\/p>\n<p>Poids\u00a0: 31kg<\/td>\n<td width=\"165\">V\u00e9lo\u00a0: 1500<\/p>\n<p>B\u00e9quille\u00a0: 85<\/p>\n<p>Poids\u00a0: 25<\/td>\n<td width=\"173\">V\u00e9lo\u00a0: 1500<\/p>\n<p>B\u00e9quille\u00a0: 85<\/p>\n<p>Poids\u00a0: 25<\/td>\n<\/tr>\n<tr valign=\"TOP\">\n<td width=\"109\"><strong>Big Dummy<\/strong><\/td>\n<td width=\"160\">V\u00e9lo\u00a0: 2200\u20ac<\/p>\n<p>Kit xtracycle\u00a0: 330\u20ac<\/p>\n<p>Si\u00e8ges\u00a0: 200\u20ac<\/p>\n<p>Kick back\u00a0: 150\u20ac<\/p>\n<p>Poids\u00a0: 26kg<\/td>\n<td width=\"165\">V\u00e9lo\u00a0: 2200<\/p>\n<p>Kit xtracycle\u00a0: 330<\/p>\n<p>Kick back\u00a0: 150<\/p>\n<p>Poids\u00a0: 21<\/td>\n<td width=\"173\">V\u00e9lo\u00a0:2200<\/p>\n<p>Kit xtracycle\u00a0:330<\/p>\n<p>Poids\u00a0: 20<\/td>\n<\/tr>\n<tr valign=\"TOP\">\n<td width=\"109\"><strong>Kona Ute<\/strong><\/p>\n<p>Impossible d\u2019abaisser le centre de gravit\u00e9 (qui est haut\u00a0: roues 700c)<\/td>\n<td width=\"160\">V\u00e9lo\u00a0: 1000\u20ac<\/p>\n<p>Si\u00e8ges\u00a0: 200\u20ac<\/p>\n<p>Poids\u00a0: environ 26kg<\/td>\n<td width=\"165\">V\u00e9lo\u00a0: 1000\u20ac \u2013 Poids\u00a0: environ 20kg<\/td>\n<td width=\"173\">V\u00e9lo\u00a0: 1000\u20ac \u2013 Poids\u00a0: environ 20kg<\/td>\n<\/tr>\n<tr valign=\"TOP\">\n<td width=\"109\"><strong>Hollandais allong\u00e9<\/strong><\/p>\n<p>Impossible d\u2019abaisser le centre de gravit\u00e9 (qui est haut\u00a0: roues 700c). Pas de sacoches<\/td>\n<td width=\"160\">V\u00e9lo\u00a0: 1000<\/p>\n<p>Si\u00e8ges: 200<\/p>\n<p>Poids\u00a0: 35kg<\/td>\n<td width=\"165\">V\u00e9lo\u00a0: 1000\u20ac \u2013 Poids\u00a0: 29kg<\/td>\n<td width=\"173\">V\u00e9lo\u00a0: 1000\u20ac \u2013 Poids\u00a0: 29kg<\/td>\n<\/tr>\n<tr valign=\"TOP\">\n<td width=\"109\"><strong>Bakfiets<\/strong><\/td>\n<td width=\"160\">V\u00e9lo\u00a0: 1500\u20ac \u2013 Poids\u00a0: 35kg<\/td>\n<td width=\"165\">V\u00e9lo\u00a0: 1500\u20ac \u2013 Poids\u00a0: 35kg<\/td>\n<td width=\"173\">V\u00e9lo\u00a0: 1500\u20ac \u2013 Poids\u00a0: 35kg<\/td>\n<\/tr>\n<\/tbody>\n<\/table>\n<p><strong>Sources: <\/strong><br \/>\n<a title=\"http:\/\/bysykling.blogspot.fr\/\" href=\"http:\/\/bysykling.blogspot.com\/\" target=\"_blank\">http:\/\/bysykling.blogspot.fr\/<\/a><br \/>\n<a title=\"http:\/\/velosuisse.wordpress.com\/\" href=\"http:\/\/velosuisse.wordpress.com\/\" target=\"_blank\">http:\/\/velosuisse.wordpress.com\/<\/a><\/p>\n","protected":false},"excerpt":{"rendered":"<p>Il y a une dizaine d&rsquo;ann\u00e9es, la soci\u00e9t\u00e9 am\u00e9ricaine Xtracycle lan\u00e7ait un accessoire de v\u00e9lo assez r\u00e9volutionnaire &#8211; l&rsquo;extension de l&rsquo;extr\u00e9mit\u00e9 arri\u00e8re de n&rsquo;importe quel v\u00e9lo, le transformant en un <a class=\"more-link\" href=\"https:\/\/carfree.fr\/index.php\/2014\/08\/14\/longtails-les-velos-allonges\/\">Lire la suite&#8230;<\/a><\/p>\n","protected":false},"author":37,"featured_media":35278,"comment_status":"open","ping_status":"closed","sticky":false,"template":"","format":"standard","meta":[],"categories":[4,7],"tags":[1709,1498,810,646,105,1664,1065],"views":26580,"_links":{"self":[{"href":"https:\/\/carfree.fr\/index.php\/wp-json\/wp\/v2\/posts\/23256"}],"collection":[{"href":"https:\/\/carfree.fr\/index.php\/wp-json\/wp\/v2\/posts"}],"about":[{"href":"https:\/\/carfree.fr\/index.php\/wp-json\/wp\/v2\/types\/post"}],"author":[{"embeddable":true,"href":"https:\/\/carfree.fr\/index.php\/wp-json\/wp\/v2\/users\/37"}],"replies":[{"embeddable":true,"href":"https:\/\/carfree.fr\/index.php\/wp-json\/wp\/v2\/comments?post=23256"}],"version-history":[{"count":0,"href":"https:\/\/carfree.fr\/index.php\/wp-json\/wp\/v2\/posts\/23256\/revisions"}],"wp:featuredmedia":[{"embeddable":true,"href":"https:\/\/carfree.fr\/index.php\/wp-json\/wp\/v2\/media\/35278"}],"wp:attachment":[{"href":"https:\/\/carfree.fr\/index.php\/wp-json\/wp\/v2\/media?parent=23256"}],"wp:term":[{"taxonomy":"category","embeddable":true,"href":"https:\/\/carfree.fr\/index.php\/wp-json\/wp\/v2\/categories?post=23256"},{"taxonomy":"post_tag","embeddable":true,"href":"https:\/\/carfree.fr\/index.php\/wp-json\/wp\/v2\/tags?post=23256"}],"curies":[{"name":"wp","href":"https:\/\/api.w.org\/{rel}","templated":true}]}}