{"id":23342,"date":"2014-09-03T08:29:19","date_gmt":"2014-09-03T07:29:19","guid":{"rendered":"http:\/\/carfree.fr\/?p=23342"},"modified":"2020-08-24T10:01:53","modified_gmt":"2020-08-24T09:01:53","slug":"la-destruction-du-climat-de-la-planete-va-evidemment-avoir-pour-consequence-un-genocide","status":"publish","type":"post","link":"https:\/\/carfree.fr\/index.php\/2014\/09\/03\/la-destruction-du-climat-de-la-planete-va-evidemment-avoir-pour-consequence-un-genocide\/","title":{"rendered":"La destruction du climat de la plan\u00e8te va &#8211; \u00e9videmment &#8211; avoir pour cons\u00e9quence un g\u00e9nocide"},"content":{"rendered":"<p><img decoding=\"async\" loading=\"lazy\" class=\"alignnone size-full wp-image-23344\" src=\"http:\/\/carfree.fr\/img\/2014\/09\/PE-debout.jpg\" alt=\"PE-debout\" width=\"600\" height=\"313\" \/><\/p>\n<p>J&rsquo;\u00e9tais sur le tarmac de l&rsquo;a\u00e9roport Charles-de-Gaulle, et tout-\u00e0-coup, j&rsquo;ai vu un Airbus A319 \u00e0 200 m de moi qui commen\u00e7ait \u00e0 rouler vers la piste de d\u00e9collage. J&rsquo;ai march\u00e9 vers l&rsquo;avion, me suis positionn\u00e9 debout devant lui et l&rsquo;ai bloqu\u00e9. C&rsquo;\u00e9tait il y a deux ans. J&rsquo;ai alors r\u00e9alis\u00e9 cinq actions de ce type, et ai pass\u00e9 deux mois en prison. <!--more--><\/p>\n<p>Afin de ne pas d\u00e9truire le climat de la plan\u00e8te, il ne faut pas d\u00e9passer 1,5 t de CO2 par personne et par an, toutes activit\u00e9s confondues. Un seul voyage en avion vous fait envoyer 2 t de CO2 dans la fine couche d&rsquo;atmosph\u00e8re de la terre en quelques heures seulement (1). Toute personne rationnelle comprend donc que pour ne pas d\u00e9truire le climat, il faut &#8211; entre autres choses &#8211; interdire l&rsquo;avion. A moins de penser que 2 + 2 = 3. En fait, sauf \u00e0 faire dans la pyromanie, aucune autre activit\u00e9 dans votre vie n&rsquo;est aussi efficace pour d\u00e9truire le climat. Etant donn\u00e9 ces r\u00e9alit\u00e9s, toute personne qui trouve une \u00ab\u00a0raison\u00a0\u00bb pour utiliser l&rsquo;avion a trouv\u00e9 une \u00ab\u00a0raison\u00a0\u00bb pour d\u00e9truire le climat de la plan\u00e8te : on ne fait pas plus dingue.<\/p>\n<p>L&rsquo;ensemble des \u00e9tudes scientifiques prouvent que d&rsquo;ici 2030, dans \u00e0 peine 15 ans, des parties enti\u00e8res de la plan\u00e8te seront en situation de s\u00e9cheresse quasi-permanente (2). L&rsquo;agriculture des pays des r\u00e9gions tropicales et subtropicales, entre autres, va \u00eatre an\u00e9antie, et des dizaines de millions d&rsquo;\u00eatres humains vont \u00eatre assassin\u00e9s. Etant donn\u00e9 qu&rsquo;il ne s&rsquo;agira pas de fluctuations naturelles, mais de la cons\u00e9quence pr\u00e9visible, planifi\u00e9e, de la pollution g\u00e9n\u00e9r\u00e9e par des pays comme la France, ces millions de morts seront les victimes d&rsquo;un g\u00e9nocide. Toutes les arguties juridiques et s\u00e9mantiques jamais invent\u00e9es n&rsquo;y changeront rien. De mani\u00e8re plus g\u00e9n\u00e9rale, et \u00e9tant donn\u00e9 nos connaissances actuelles, lorsque vous entendez l&rsquo;expression orwellienne \u00ab\u00a0croissance \u00e9conomique\u00a0\u00bb, pensez \u00ab\u00a0g\u00e9nocide\u00a0\u00bb.<\/p>\n<p>Cela fait plus de 50 ans &#8211; une moiti\u00e9 de si\u00e8cle ! &#8211; que les \u00e9cologistes \u00e9cologisent. Le r\u00e9sultat est grandiose : la plan\u00e8te est en phase de destruction acc\u00e9l\u00e9r\u00e9e. Combien de temps encore Greenpeace va-t-il nous gonfler en d\u00e9versant un tas de charbon par terre ? Combien de temps encore G\u00e9n\u00e9rations futures va-t-il nous gonfler en r\u00e9alisant la 8 milliardi\u00e8me \u00e9tude prouvant qu&rsquo;il y a des pesticides dans nos corps ? Les \u00e9cologistes fran\u00e7ais font penser \u00e0 ces poulets dont on coupe la t\u00eate mais qui continuent de courir \u00e0 toute berzingue avec un air tr\u00e8s d\u00e9cid\u00e9. Les recettes qu&rsquo;ils appliquent ont eu un demi-si\u00e8cle pour prouver leur totale inefficacit\u00e9, mais ils continuent comme si de rien n&rsquo;\u00e9tait (3). Une \u00e9valuation honn\u00eate de ce bilan catastrophique permettrait peut-\u00eatre d&rsquo;envisager une approche plus combative, tout en continuant \u00e0 respecter strictement le principe de non-violence.<\/p>\n<p>Je passe en proc\u00e8s le 5 septembre pour une action que j&rsquo;ai r\u00e9alis\u00e9e alors que j&rsquo;avais d\u00e9j\u00e0 de la prison avec sursis sur la t\u00eate. Je ne suis accus\u00e9 d&rsquo;aucune violence, ni d&rsquo;aucun vol. Il s&rsquo;agit donc &#8211; presque par d\u00e9finition &#8211; d&rsquo;un proc\u00e8s politique, en cons\u00e9quence de quoi je n&rsquo;aurai pas recours \u00e0 un avocat, malgr\u00e9 le risque d&#8217;emprisonnement pour r\u00e9cidive. J&rsquo;ai agi en ayant \u00e0 l&rsquo;esprit ce qu&rsquo;ont dit les survivants des camps : toujours rester vigilant. Ils n&rsquo;ont jamais dit que la seule forme que puisse prendre un g\u00e9nocide est celle mise en \u0153uvre par les allemands au si\u00e8cle dernier. Le syst\u00e8me g\u00e9nocidaire actuel qui pr\u00e9pare la destruction du climat de la terre a besoin d&rsquo;\u00eatre prot\u00e9g\u00e9 par des juges afin de continuer sa course folle. L&rsquo;Histoire de France n&rsquo;est pas tr\u00e8s glorieuse, quand on parle de juges. Il n&rsquo;en a pas manqu\u00e9 pour appliquer les lois selon lesquelles les esclaves \u00e9taient des objets. Il n&rsquo;en a pas manqu\u00e9 pour appliquer les lois racistes de Vichy. Ceux qui me jugeront vendredi, qu&rsquo;ils le veuillent ou non, devront d\u00e9cider si, en toute connaissance de cause, ils veulent d\u00e9fendre un syst\u00e8me g\u00e9nocidaire.<\/p>\n<p>On peut, on doit apprendre gr\u00e2ce \u00e0 l&rsquo;Histoire. Les gens qui interdisent par principe les comparaisons historiques interdisent la r\u00e9flexion. L&rsquo;une des raisons pour lesquelles j&rsquo;ai r\u00e9alis\u00e9 ces actions, ce sont les conversations que j&rsquo;ai eues avec la s\u0153ur de ma grand-m\u00e8re, Alice Daum. Alors qu&rsquo;elle avait 101 ans et toute sa t\u00eate, elle m&rsquo;a racont\u00e9 pourquoi elle s&rsquo;est engag\u00e9e dans la r\u00e9sistance, son arrestation par la Gestapo, et l&rsquo;envoi de son mari en camp de concentration \u00e0 Buchenwald. Lorsqu&rsquo;un caporal autrichien cingl\u00e9 publia \u00ab\u00a0Mein Kampf\u00a0\u00bb, les Allemands ne pouvaient pas savoir qu&rsquo;il y aurait Auschwitz 15 ans plus tard, m\u00eame s&rsquo;ils pouvaient comprendre que porter au pouvoir un malade mental n&rsquo;est jamais une bonne id\u00e9e. Aujourd&rsquo;hui, notre g\u00e9n\u00e9ration peut savoir exactement ce qui se passera dans 15 ans \u00e9tant donn\u00e9 qu&rsquo;il s&rsquo;agit de modifications physiques graduelles de la plan\u00e8te dont la science n&rsquo;a aucun mal \u00e0 pr\u00e9dire o\u00f9 cela nous m\u00e8ne (4). En ce sens, notre g\u00e9n\u00e9ration a encore moins d&rsquo;excuses que la g\u00e9n\u00e9ration d&rsquo;allemands des ann\u00e9es 30. Personne en France ne pourra dire \u00ab\u00a0Je ne savais pas\u00a0\u00bb.<\/p>\n<p>Mon patronyme n&rsquo;est pas \u00ab\u00a0Mandela\u00a0\u00bb. Je manque de courage pour recommencer imm\u00e9diatement ces actions, il m&rsquo;est d\u00e9j\u00e0 arriv\u00e9, \u00e0 bout de nerfs, de pleurer durant l&rsquo;un de mes proc\u00e8s, j&rsquo;ai peur de retourner en prison, o\u00f9 j&rsquo;ai \u00e9chapp\u00e9 \u00e0 deux reprises par miracle \u00e0 un tabassage en r\u00e8gle, et o\u00f9 j&rsquo;ai d\u00fb cesser de manger pendant 10 jours pour obtenir un changement de cellule &#8211; le m\u00e9decin de la prison de la Sant\u00e9 avait alors diagnostiqu\u00e9 un risque de coma hypoglyc\u00e9mique. Il se peut que vendredi, au moment de parler, je me r\u00e9v\u00e8le \u00eatre un pi\u00e8tre avocat de la cause que je d\u00e9fends. Mais les \u00e9vidences \u00e9nonc\u00e9es ici sont vraies en-dehors de ma personne. Comme l&rsquo;a \u00e9crit Primo Levi, je ressens la honte que le crime de masse qui se pr\u00e9pare puisse \u00eatre introduit irr\u00e9vocablement dans le monde des choses qui existent (5).<\/p>\n<p>Si quelqu&rsquo;un pense qu&rsquo;il est possible de d\u00e9truire le climat de la terre sans provoquer un g\u00e9nocide, cette personne est cingl\u00e9e.<\/p>\n<p>Pierre-Emmanuel Neurohr<br \/>\nParti de la R\u00e9sistance<br \/>\nParis, le 2 septembre 2014.<\/p>\n<p>Nota bene : le proc\u00e8s aura lieu vendredi 5 septembre, \u00e0 13 h &#8211; mais pr\u00e9voir tout l&rsquo;apr\u00e8s-midi, d&rsquo;autres affaires pouvant passer en jugement avant -, au Tribunal de Bobigny, 173 av. Paul Vaillant-Couturier, 14e chambre correctionnelle (m\u00e9tro Bobigny). L&rsquo;audience est publique. Pour plus d&rsquo;information : pierre@parti-de-la-resistance.fr ou 09 84 51 38 94.<\/p>\n<p>(1) \u00ab Pour que les concentrations en gaz \u00e0 effet de serre arr\u00eatent d\u2019augmenter dans l\u2019atmosph\u00e8re, une r\u00e8gle de 3 relativement grossi\u00e8re entre l\u2019absorption de dioxyde de carbone par les oc\u00e9ans et la v\u00e9g\u00e9tation (environ 10 milliards de tonnes de CO2) et la population mondiale actuelle (6,8 milliards d\u2019individus plus ou moins gourmands en \u00e9nergie) sugg\u00e8re qu\u2019il faudrait rejeter au plus 1,5 t de CO2 par personne et par an en moyenne. \u00bb, Climat : le vrai et le faux, Val\u00e9rie Masson-Delmotte (l\u2019une des principales climatologues fran\u00e7aises), 2011, p. 69. Il existe diff\u00e9rents modes de calcul, et 2 t de CO2 est un chiffre relativement bas, selon le trajet, la classe choisie, etc. En fait, selon le gouvernement fran\u00e7ais, un A\/R 2e classe Paris-Montr\u00e9al pollue notre fine couche d\u2019atmosph\u00e8re avec 2,5 t de CO2 par individu (tableur Ademe V6.1, septembre 2010). En prenant en compte le for\u00e7age radiatif d\u00fb au fait que le CO2 g\u00e9n\u00e9r\u00e9 par les avions est d\u00e9vers\u00e9 dans la stratosph\u00e8re, et non au niveau de la troposph\u00e8re, le minist\u00e8re de l\u2019Environnement britannique estime qu\u2019il faut en fait multiplier par 1,9 les chiffres habituels, certains scientifiques avertissant qu\u2019il faut en fait multiplier par plus de 4 fois ces chiffres\u2026<br \/>\n(2) Pour une m\u00e9ta-analyse (analyse des analyses existantes) sur cette question, voir par exemple Drought under global warming: a review, Aiguo Dai, WIREs Climate Change, 2010.<br \/>\n(3) J&rsquo;ai moi-m\u00eame travaill\u00e9 \u00e0 Greenpeace, fond\u00e9 le CNIID, travaill\u00e9 \u00e0 Bruxelles, etc., et je sais parfaitement que cela ne change rien. Ce n&rsquo;est pas \u00eatre pessimiste, que de dire cela, c&rsquo;est \u00eatre lucide et honn\u00eate. D&rsquo;ailleurs, lorsqu&rsquo;aucun adh\u00e9rent ni aucun journaliste n&rsquo;est pr\u00e9sent, tous les \u00e9cologistes travaillant dans toutes les associations reconnaissent cet \u00e9tat de fait, ou ils passeraient pour des ben\u00eats aveugles aupr\u00e8s de leurs coll\u00e8gues.<br \/>\n(4) Le mot \u00ab\u00a0graduel\u00a0\u00bb est peut-\u00eatre mal choisi, \u00e9tant donn\u00e9 la vitesse fulgurante de la destruction en cours. Des millions d&rsquo;ann\u00e9es d&rsquo;\u00e9volution naturelle sont remis en cause par deux g\u00e9n\u00e9rations de drogu\u00e9s \u00e0 la surconsommation, en l&rsquo;espace de grosso modo 50 ans. Par graduel, je veux dire que le fait de remplir l&rsquo;atmosph\u00e8re de gaz \u00e0 effet de serre ne peut avoir qu&rsquo;une cons\u00e9quence, totalement pr\u00e9visible, surtout qu&rsquo;il est clair que les r\u00e9troactions sont principalement \u00ab\u00a0positives\u00a0\u00bb. A savoir que l&rsquo;effet initial de la pollution des pays riches est malheureusement amplifi\u00e9 par certains ph\u00e9nom\u00e8nes naturels qui y r\u00e9pondent : alb\u00e9do, vapeur d&rsquo;eau, etc.<br \/>\n(5) Je n&rsquo;ai que la version anglaise : \u00ab (&#8230;) the shame the Germans did not know, that the just man experiences at another man&rsquo;s crime; the feeling of guilt that such a crime should exist, that it should have been introduced irrevocably into the world of things that exist, and that his will for good should have proved too weak or null, and should not have availed in defence. \u00bb, The Truce, Primo Levi, 1963.<\/p>\n","protected":false},"excerpt":{"rendered":"<p>J&rsquo;\u00e9tais sur le tarmac de l&rsquo;a\u00e9roport Charles-de-Gaulle, et tout-\u00e0-coup, j&rsquo;ai vu un Airbus A319 \u00e0 200 m de moi qui commen\u00e7ait \u00e0 rouler vers la piste de d\u00e9collage. J&rsquo;ai march\u00e9 <a class=\"more-link\" href=\"https:\/\/carfree.fr\/index.php\/2014\/09\/03\/la-destruction-du-climat-de-la-planete-va-evidemment-avoir-pour-consequence-un-genocide\/\">Lire la suite&#8230;<\/a><\/p>\n","protected":false},"author":188,"featured_media":23344,"comment_status":"open","ping_status":"closed","sticky":false,"template":"","format":"standard","meta":[],"categories":[52],"tags":[806,57,56,53,961,54],"views":8876,"_links":{"self":[{"href":"https:\/\/carfree.fr\/index.php\/wp-json\/wp\/v2\/posts\/23342"}],"collection":[{"href":"https:\/\/carfree.fr\/index.php\/wp-json\/wp\/v2\/posts"}],"about":[{"href":"https:\/\/carfree.fr\/index.php\/wp-json\/wp\/v2\/types\/post"}],"author":[{"embeddable":true,"href":"https:\/\/carfree.fr\/index.php\/wp-json\/wp\/v2\/users\/188"}],"replies":[{"embeddable":true,"href":"https:\/\/carfree.fr\/index.php\/wp-json\/wp\/v2\/comments?post=23342"}],"version-history":[{"count":0,"href":"https:\/\/carfree.fr\/index.php\/wp-json\/wp\/v2\/posts\/23342\/revisions"}],"wp:featuredmedia":[{"embeddable":true,"href":"https:\/\/carfree.fr\/index.php\/wp-json\/"}],"wp:attachment":[{"href":"https:\/\/carfree.fr\/index.php\/wp-json\/wp\/v2\/media?parent=23342"}],"wp:term":[{"taxonomy":"category","embeddable":true,"href":"https:\/\/carfree.fr\/index.php\/wp-json\/wp\/v2\/categories?post=23342"},{"taxonomy":"post_tag","embeddable":true,"href":"https:\/\/carfree.fr\/index.php\/wp-json\/wp\/v2\/tags?post=23342"}],"curies":[{"name":"wp","href":"https:\/\/api.w.org\/{rel}","templated":true}]}}