{"id":234,"date":"2005-06-02T08:46:37","date_gmt":"2005-06-02T07:46:37","guid":{"rendered":"http:\/\/carfree.fr\/index.php\/2005\/06\/02\/actions-contre-les-voitures-mal-garees\/"},"modified":"2024-02-29T10:13:32","modified_gmt":"2024-02-29T09:13:32","slug":"actions-contre-les-voitures-mal-garees","status":"publish","type":"post","link":"https:\/\/carfree.fr\/index.php\/2005\/06\/02\/actions-contre-les-voitures-mal-garees\/","title":{"rendered":"Actions contre les voitures mal gar\u00e9es"},"content":{"rendered":"<p>Les voitures posent un grave probl\u00e8me d&rsquo;incivisme au sein de nos villes. Elles sont comme les crottes de pigeons, elles s&rsquo;installent partout sans faire de d\u00e9tail: pistes et bandes cyclables, couloirs bus, trottoirs, passages pi\u00e9tons, places handicap\u00e9s, etc. <!--more--><\/p>\n<p>Par leur comportement irresponsable, les automobilistes ind\u00e9licats transforment la ville en un v\u00e9ritable enfer (pav\u00e9 de mauvaises intentions&#8230;) pour les cyclistes, les handicap\u00e9s, les pi\u00e9tons, les poussettes, bref, tous les \u00ab\u00a0usagers fragiles\u00a0\u00bb de l&rsquo;espace public qui pourtant ne polluent pas, n&rsquo;occupent pas d&rsquo;espace, ne font pas de bruit et ne consomment pas d&rsquo;\u00e9nergie fossile non renouvelable!<\/p>\n<p>Ces automobilistes consid\u00e8rent en effet que l&rsquo;espace public appartient \u00e0 leur voiture! Car, \u00e0 quoi sert une voiture d&rsquo;une tonne de m\u00e9tal \u00e0 l&rsquo;arr\u00eat (occupant environ 10 m\u00b2) sur un endroit g\u00e9nant o\u00f9 pourraient circuler, s&rsquo;arr\u00eater, discuter des pi\u00e9tons ou des cyclistes?<\/p>\n<p>Face \u00e0 ce probl\u00e8me de soci\u00e9t\u00e9, et devant la tol\u00e9rance inacceptable des forces de l&rsquo;ordre, certains ont d\u00e9cid\u00e9 de s&rsquo;organiser et de mener des actions contre le stationnement sauvage des voitures sur l&rsquo;espace public.<\/p>\n<p><img decoding=\"async\" loading=\"lazy\" src=\"http:\/\/carfree.fr\/img\/2005\/06\/autocollant_anti_voitures.jpg\" alt=\"\" width=\"249\" height=\"185\" class=\"alignnone size-full wp-image-40457\" \/><\/p>\n<p>Il y a quelques temps d\u00e9j\u00e0, nous faisions \u00e9tat de l&rsquo;initiative int\u00e9ressante de chicheweb.org, dont l&rsquo;objectif consiste \u00e0 coller sur les voitures mal gar\u00e9es cet autocollant \u00e9cologique (en papier gomm\u00e9 recycl\u00e9), afin de sensibiliser les automobilistes \u00e0 ne plus se garer sur les places handicap\u00e9s, sur les trottoirs, sur les pistes et bandes cyclables, sur les passages pi\u00e9ton, etc, etc&#8230;<\/p>\n<p><img decoding=\"async\" loading=\"lazy\" src=\"http:\/\/carfree.fr\/img\/2005\/06\/ACVoiture.jpg\" alt=\"\" width=\"350\" height=\"202\" class=\"alignnone size-full wp-image-40458\" \/><\/p>\n<p>Mais, le collectif Place au v\u00e9lo n&rsquo;est pas en reste et propose une action contre le parking sauvage. En 2001, 200.000 timbres autocollants anti-parking sauvage ont \u00e9t\u00e9 produits. Le mod\u00e8le bilingue convient \u00e0 tous les types de parking sauvage (pistes cyclables, places r\u00e9serv\u00e9es aux handicap\u00e9s, trottoirs). Il est facile \u00e0 utiliser. Une main suffit pour poser l&rsquo;autocollant sur la vitre de la voiture mal gar\u00e9e. Le mod\u00e8le nous vient d&rsquo;Allemagne, o\u00f9 il est utilis\u00e9 avec succ\u00e8s depuis 25 ans. Ce n&rsquo;est pas la qualit\u00e9 de colle, mais le nombre qui compte. Le meilleur endroit pour coller, c&rsquo;est le r\u00e9troviseur de droite. Celui-ci ne se voit pas du premier coup. Il oblige le conducteur \u00e0 ressortir de la voiture pour gratter (donc \u00e0 perdre du temps). De plus, on ne peut pas \u00eatre poursuivi pour d\u00e9gradation. Le timbre s&rsquo;enl\u00e8ve automatiquement avec une \u00e9ponge.<\/p>\n<p><strong>Le faux PV pour les bagnoles mal gar\u00e9es <\/strong><\/p>\n<p><img decoding=\"async\" loading=\"lazy\" src=\"http:\/\/carfree.fr\/img\/2005\/06\/FauxPV.jpg\" alt=\"\" width=\"390\" height=\"187\" class=\"alignnone size-full wp-image-40459\" \/><\/p>\n<p>En plus des autocollants, il y a aussi moyen d&rsquo;utiliser les faux PV explicatifs (exemplaires ci-dessus et ci-dessous). Placeovelo organise diff\u00e9rents rendez-vous contre le parking sauvage pour verbaliser les voitures en infraction. Un document word avec l&rsquo;exemplaire des faux PV est disponible sur demande. Ceux-ci sont des outils utiles pour les actions.<\/p>\n<p><a href=\"http:\/\/carfree.fr\/img\/2005\/06\/faux-pv.jpg\"><img decoding=\"async\" class=\"spip_logos\" src=\"http:\/\/carfree.fr\/img\/2005\/06\/faux-pv-min.jpg\" alt=\"Le faux PV\" border=\"0\" hspace=\"3\" vspace=\"3\" \/><\/a><br \/>\n<span style=\"font-size: 85%;\">Le v\u00e9ritable faux PV officiel<\/span><br \/>\n<span style=\"font-size: 78%;\">Cliquez sur l&rsquo;image pour l&rsquo;agrandir<\/span><\/p>\n<p>\u00ab\u00a0On t&rsquo;a align\u00e9 une prune \u00e0 cause que t&rsquo;as d\u00e9conn\u00e9 comme \u00e7a\u00a0\u00bb&#8230; Voici le v\u00e9ritable faux PV officiel, attention aux copies ! On me le demande souvent pour pouvoir le mettre sur le pare-brise de voitures mal gar\u00e9es : do it yourself ! Fini le stationnement sur trottoir, sur bande cyclable ou sur passage pi\u00e9ton, avec le faux PV (homologu\u00e9 par <a href=\"http:\/\/carfree.fr\/\">CarFree France<\/a>), verbalisez les automobilistes \u00e0 tour de bras. Ce Proc\u00e8s-Verbal est une cr\u00e9ation du site trop m\u00e9connu \u00ab\u00a0La fourri\u00e8re\u00a0\u00bb (tout un programme !).<\/p>\n<p><img decoding=\"async\" loading=\"lazy\" src=\"http:\/\/carfree.fr\/img\/2005\/06\/collants.jpg\" alt=\"\" width=\"210\" height=\"300\" class=\"alignnone size-full wp-image-40462\" \/><\/p>\n<p>Egalement, signalons l&rsquo;initiative de l&rsquo;association <a href=\"http:\/\/vivelatrottinette.free.fr\/\" target=\"_blank\" rel=\"noopener\">vivelatrottinette<\/a>, qui propose sur son site divers types d&rsquo;autocollants, stickers ou tracts Anti-Voitures-Sur-Pistes-Cyclables. Le mod\u00e8le ci-dessus est disponible en double exemplaire, ce qui est pratique pour imprimer en grand nombre.<\/p>\n<p><img decoding=\"async\" loading=\"lazy\" src=\"http:\/\/carfree.fr\/img\/2005\/06\/cheval-de-fer.gif\" alt=\"\" width=\"600\" height=\"300\" class=\"alignnone size-full wp-image-40463\" \/><\/p>\n<p>Vive la trottinette propose \u00e9galement cet autre sticker qui a le m\u00e9rite d&rsquo;\u00eatre clair face aux \u00ab\u00a0chevaux de fer puants\u00a0\u00bb&#8230;<\/p>\n<p><img decoding=\"async\" loading=\"lazy\" src=\"http:\/\/carfree.fr\/img\/2005\/06\/liberez-les-trottoirs.jpg\" alt=\"\" width=\"300\" height=\"228\" class=\"alignnone size-full wp-image-40464\" \/><\/p>\n<p>Signalons \u00e9galement l&rsquo;existence du tract \u00ab\u00a0<a href=\"http:\/\/velobuc.free.fr\/images\/trott1.jpg\" target=\"_blank\" rel=\"noopener\">Lib\u00e9rez les trottoirs<\/a>\u00ab\u00a0, propos\u00e9 par l&rsquo;association <a href=\"http:\/\/velobuc.free.fr\/\" target=\"_blank\" rel=\"noopener\">V\u00e9lobuc<\/a>, qui souhaite favoriser l\u2019\u00e9change et la r\u00e9flexion sur la circulation douce \u00e0 Buc (78), ville de 5500 habitants. Il s&rsquo;agit d&rsquo;un tract pas du tout agressif \u00e0 placer sous les essuie-glaces de la voiture g\u00e9nante.<\/p>\n<p><img decoding=\"async\" loading=\"lazy\" src=\"http:\/\/carfree.fr\/img\/2005\/06\/autocollants.gif\" alt=\"\" width=\"250\" height=\"177\" class=\"alignnone size-full wp-image-40465\" \/><\/p>\n<p>Cet autre autocollant, disponible par planche de 6 exemplaires, est consacr\u00e9 plus sp\u00e9cifiquement aux 4&#215;4 mal gar\u00e9s. Il est propos\u00e9 \u00e0 la vente (avec des tarifs pr\u00e9f\u00e9rentiels par paquets de 10 ou 50 planches) par le site anti4x4.net.<\/p>\n<p>Il y a aussi le sticker \u00ab Gar\u00e9 comme une merde ! \u00bb, \u00e0 coller sur toute surface vitr\u00e9e. <\/p>\n<p><img decoding=\"async\" loading=\"lazy\" class=\"alignnone size-full wp-image-29882\" src=\"http:\/\/carfree.fr\/img\/2016\/04\/lot_stickers-450x262.jpg\" alt=\"lot_stickers-450x262\" width=\"450\" height=\"262\" \/><\/p>\n<p>Enfin, le collectif du Regroupement pour une ville sans voiture m\u00e8ne de temps en temps des actions \u00e9nergiques contre le stationnement sauvage. Ainsi, il proposait r\u00e9cemment une action \u00ab\u00a0nettoyage de trottoirs\u00a0\u00bb au grand jour. Il s&rsquo;agissait de prendre les voitures gar\u00e9es sur les trottoirs et de les remettre sur la route. Cette action se nommait \u00ab\u00a0Voitures = crottes de chien\u00a0\u00bb.<\/p>\n<p><img decoding=\"async\" loading=\"lazy\" src=\"http:\/\/carfree.fr\/img\/2005\/06\/pieds.jpg\" alt=\"\" width=\"390\" height=\"251\" class=\"alignnone size-full wp-image-40466\" \/><\/p>\n<p>\u00c9galement, le 26 mars 2005, les membres du Regroupement pour une Ville sans Voiture ont coll\u00e9 des pieds sur les voitures gar\u00e9es sur les trottoirs. Les r\u00e9actions \u00e9taient vari\u00e9es, de l&rsquo;approbation \u00e0 la violence verbale \u00e0 laquelle les automobilistes nous ont habitu\u00e9s. Cette action s&rsquo;appelait \u00ab\u00a0Les trottoirs ne sont pas des places de parking\u00a0\u00bb.<\/p>\n<p>Toutes ces actions vont dans le bon sens, elles participent au harc\u00e8lement des automobilistes ind\u00e9licats qui pensent que l&rsquo;espace public appartient \u00e0 leur voiture. Si vous avez connaissance d&rsquo;autres actions de ce type ou d&rsquo;autocollants et stickers originaux sur ce th\u00e8me, merci de les signaler sur la page contact, afin de mettre \u00e0 jour cet article.<\/p>\n","protected":false},"excerpt":{"rendered":"<p>Les voitures posent un grave probl\u00e8me d&rsquo;incivisme au sein de nos villes. Elles sont comme les crottes de pigeons, elles s&rsquo;installent partout sans faire de d\u00e9tail: pistes et bandes cyclables, <a class=\"more-link\" href=\"https:\/\/carfree.fr\/index.php\/2005\/06\/02\/actions-contre-les-voitures-mal-garees\/\">Lire la suite&#8230;<\/a><\/p>\n","protected":false},"author":11,"featured_media":45858,"comment_status":"open","ping_status":"open","sticky":false,"template":"","format":"standard","meta":[],"categories":[72,24],"tags":[1848,181,230,101,293,215,42,1664],"views":38482,"_links":{"self":[{"href":"https:\/\/carfree.fr\/index.php\/wp-json\/wp\/v2\/posts\/234"}],"collection":[{"href":"https:\/\/carfree.fr\/index.php\/wp-json\/wp\/v2\/posts"}],"about":[{"href":"https:\/\/carfree.fr\/index.php\/wp-json\/wp\/v2\/types\/post"}],"author":[{"embeddable":true,"href":"https:\/\/carfree.fr\/index.php\/wp-json\/wp\/v2\/users\/11"}],"replies":[{"embeddable":true,"href":"https:\/\/carfree.fr\/index.php\/wp-json\/wp\/v2\/comments?post=234"}],"version-history":[{"count":0,"href":"https:\/\/carfree.fr\/index.php\/wp-json\/wp\/v2\/posts\/234\/revisions"}],"wp:featuredmedia":[{"embeddable":true,"href":"https:\/\/carfree.fr\/index.php\/wp-json\/wp\/v2\/media\/45858"}],"wp:attachment":[{"href":"https:\/\/carfree.fr\/index.php\/wp-json\/wp\/v2\/media?parent=234"}],"wp:term":[{"taxonomy":"category","embeddable":true,"href":"https:\/\/carfree.fr\/index.php\/wp-json\/wp\/v2\/categories?post=234"},{"taxonomy":"post_tag","embeddable":true,"href":"https:\/\/carfree.fr\/index.php\/wp-json\/wp\/v2\/tags?post=234"}],"curies":[{"name":"wp","href":"https:\/\/api.w.org\/{rel}","templated":true}]}}