{"id":235,"date":"2005-07-16T09:02:22","date_gmt":"2005-07-16T08:02:22","guid":{"rendered":"http:\/\/carfree.fr\/index.php\/2005\/07\/16\/vers-lautomobile-immobile\/"},"modified":"2023-11-13T16:45:01","modified_gmt":"2023-11-13T15:45:01","slug":"vers-lautomobile-immobile","status":"publish","type":"post","link":"https:\/\/carfree.fr\/index.php\/2005\/07\/16\/vers-lautomobile-immobile\/","title":{"rendered":"Vers l\u2019automobile immobile"},"content":{"rendered":"<p>A Paris en 2004, la vitesse moyenne de l\u2019automobile est rest\u00e9e stable autour de 16,6 km\/h. <!--more--><\/p>\n<p>Au sein des agglom\u00e9rations fran\u00e7aises, la vitesse moyenne des voitures oscille entre 15 et 20 km\/h, soit \u00e0 peu pr\u00e8s la vitesse moyenne d\u2019un v\u00e9lo !<\/p>\n<p>Un article de presse relate m\u00eame une exp\u00e9rience int\u00e9ressante qui montre que le v\u00e9lo peut \u00eatre plus rapide que l&rsquo;automobile en milieu urbain. Une comp\u00e9tition s\u2019est d\u00e9roul\u00e9e entre un automobiliste et un cycliste: l&rsquo;un comme l&rsquo;autre devaient rallier huit points de la ville d\u2019Antony, sans chercher \u00e0 aller le plus vite possible. Tous deux sont partis un dimanche matin \u00e0 10h30, c\u2019est-\u00e0-dire en-dehors des heures de pointe qui auraient pu p\u00e9naliser encore plus l\u2019automobile.<\/p>\n<p>Le cycliste a r\u00e9alis\u00e9 le parcours pr\u00e9vu en une heure et la voiture l&rsquo;a rejoint 25 minutes plus tard&#8230; Malgr\u00e9 des passages sans feux et sans place de parking \u00e0 chercher, il n&rsquo;a pas \u00e9t\u00e9 possible pour la voiture de rattraper son retard, le vent ayant de plus handicap\u00e9 le cycliste.<\/p>\n<p>Il s\u2019agit en outre de vitesse moyenne en condition r\u00e9elle de circulation. Mais, la vitesse automobile peut \u00eatre calcul\u00e9e tout autrement, en prenant en compte l\u2019ensemble du temps humain n\u00e9cessaire pour faire rouler une voiture, et en particulier le temps de travail n\u00e9cessaire pour payer son automobile, les frais, les taxes, l\u2019essence, l\u2019assurance, etc.<\/p>\n<p><a href=\"http:\/\/carfree.fr\/index.php\/tag\/ivan-illich\/\">Ivan Illich<\/a> a r\u00e9alis\u00e9 ce calcul et montre ainsi qu\u2019un Am\u00e9ricain moyen consacrait, au d\u00e9but des ann\u00e9es 70, plus de mille six cents heures par an \u00e0 sa voiture , que ce soit en roulant ou en travaillant pour la payer. S\u2019il exerce une activit\u00e9 professionnelle, l\u2019Am\u00e9ricain moyen d\u00e9pense ainsi mille six cents heures chaque ann\u00e9e pour parcourir dix mille kilom\u00e8tres; cela repr\u00e9sente une vitesse moyenne d\u2019environ 6 km\/h, soit \u00e0 peine plus que la vitesse moyenne d\u2019un pi\u00e9ton (4 \u00e0 5 km\/h).<\/p>\n<p>Ivan Illich a ainsi d\u00e9fini le concept de vitesse g\u00e9n\u00e9ralis\u00e9e, compris ici comme le rapport de la distance parcourue au temps que l\u2019on met \u00e0 la parcourir. Cette d\u00e9finition n\u2019a rien de r\u00e9volutionnaire, sauf que dans le \u00abtemps que l\u2019on met \u00e0 la parcourir\u00bb il y a le temps effectif du d\u00e9placement et le temps que l\u2019on passe \u00e0 se donner les moyens du d\u00e9placement.<\/p>\n<p><a href=\"http:\/\/www.nord-nature.org\/publications\/bulletin\/102\/102b1.htm\" target=\"_blank\" rel=\"noopener\">Alain Vaillant<\/a> a formalis\u00e9 cette notion de vitesse g\u00e9n\u00e9ralis\u00e9e, qui traduit le fait que la vitesse moyenne de l\u2019automobile d\u00e9pend du type de v\u00e9hicule et du revenu moyen du possesseur de ce v\u00e9hicule.<\/p>\n<p>Certes, les chiffres d\u2019Illich sont d\u00e9j\u00e0 anciens (1973) et concernent les Etats-Unis. Mais, Denis Cheynet, dans \u00ab <a href=\"http:\/\/carfree.fr\/index.php\/2005\/02\/23\/automobile-et-dcroissance\/\">Automobile et d\u00e9croissance<\/a> \u00bb, a r\u00e9alis\u00e9 une actualisation de ces donn\u00e9es et une adaptation \u00e0 la situation fran\u00e7aise, bas\u00e9e sur une estimation de la vitesse g\u00e9n\u00e9ralis\u00e9e de l\u2019automobile .<\/p>\n<p>Sur la base des chiffres officiels du Minist\u00e8re de l\u2019Equipement, il est possible de montrer qu\u2019\u00e0 50 km\/h de moyenne au compteur, la vitesse r\u00e9elle d\u2019une automobile est en fait identique \u00e0 la vitesse instantan\u00e9e d\u2019un v\u00e9lo (environ 16 km\/h). Plus \u00e9tonnant, m\u00eame en roulant \u00e0 une vitesse infinie, un automobiliste ne se d\u00e9placerait r\u00e9ellement jamais \u00e0 plus de 25 km\/h de vitesse r\u00e9elle (incorporant l\u2019ensemble du temps n\u00e9cessaire \u00e0 l\u2019acquisition et l\u2019entretien de l\u2019automobile).<\/p>\n<p>En outre, les co\u00fbts pris en compte ici ne tiennent pas compte des co\u00fbts environnementaux de l\u2019automobile (guerres, mar\u00e9es noires, pollution atmosph\u00e9rique, etc.).<\/p>\n<p>Pour conclure, citons l\u2019Encyclop\u00e9die des nuisances : \u00ab comme dans toutes les religions, ce qui compte c&rsquo;est le rite et non le r\u00e9sultat, sinon celle-ci se serait d\u00e9j\u00e0 effondr\u00e9e devant cette simple constatation: la vitesse de d\u00e9placement moyenne du citadin motoris\u00e9 est de l&rsquo;ordre du double de celle d&rsquo;un pi\u00e9ton, mais si l&rsquo;on ajoute \u00e0 ce temps de d\u00e9placement, le temps socialement n\u00e9cessaire \u00e0 produire ce qui le permet, on arrive \u00e0 une vitesse globale moyenne de d\u00e9placement nettement inf\u00e9rieure \u00e0 celle de l&rsquo;homme du pal\u00e9olithique. Un tel r\u00e9sultat objectivement d\u00e9risoire devrait l\u00e9gitimement troubler l&rsquo;usager et le planificateur si une quelconque objectivit\u00e9 constituait un crit\u00e8re de jugement dans cette soci\u00e9t\u00e9. On sait qu&rsquo;il n&rsquo;en est rien. Et ce qui pourrait pr\u00eater seulement \u00e0 sourire devient moins dr\u00f4le quand on constate que pour en arriver l\u00e0, il a fallu bouleverser de fond en comble le territoire urbain et rural. \u00bb<\/p>\n<p><span style=\"font-weight: bold\">Source:<\/span> <a href=\"http:\/\/carfree.fr\/index.php\/2008\/02\/04\/pour-en-finir-avec-la-societe-de-lautomobile\/\" target=\"_blank\" rel=\"noopener\">Pour en finir avec la soci\u00e9t\u00e9 de l&rsquo;automobile<\/a><br \/>\nMarcel Robert, CarFree Editions, septembre 2005<\/p>\n","protected":false},"excerpt":{"rendered":"<p>A Paris en 2004, la vitesse moyenne de l\u2019automobile est rest\u00e9e stable autour de 16,6 km\/h.<\/p>\n","protected":false},"author":18,"featured_media":40702,"comment_status":"open","ping_status":"open","sticky":false,"template":"","format":"standard","meta":[],"categories":[73],"tags":[1848,187,67,348,144],"views":9871,"_links":{"self":[{"href":"https:\/\/carfree.fr\/index.php\/wp-json\/wp\/v2\/posts\/235"}],"collection":[{"href":"https:\/\/carfree.fr\/index.php\/wp-json\/wp\/v2\/posts"}],"about":[{"href":"https:\/\/carfree.fr\/index.php\/wp-json\/wp\/v2\/types\/post"}],"author":[{"embeddable":true,"href":"https:\/\/carfree.fr\/index.php\/wp-json\/wp\/v2\/users\/18"}],"replies":[{"embeddable":true,"href":"https:\/\/carfree.fr\/index.php\/wp-json\/wp\/v2\/comments?post=235"}],"version-history":[{"count":0,"href":"https:\/\/carfree.fr\/index.php\/wp-json\/wp\/v2\/posts\/235\/revisions"}],"wp:featuredmedia":[{"embeddable":true,"href":"https:\/\/carfree.fr\/index.php\/wp-json\/wp\/v2\/media\/40702"}],"wp:attachment":[{"href":"https:\/\/carfree.fr\/index.php\/wp-json\/wp\/v2\/media?parent=235"}],"wp:term":[{"taxonomy":"category","embeddable":true,"href":"https:\/\/carfree.fr\/index.php\/wp-json\/wp\/v2\/categories?post=235"},{"taxonomy":"post_tag","embeddable":true,"href":"https:\/\/carfree.fr\/index.php\/wp-json\/wp\/v2\/tags?post=235"}],"curies":[{"name":"wp","href":"https:\/\/api.w.org\/{rel}","templated":true}]}}