{"id":23703,"date":"2014-10-23T08:12:19","date_gmt":"2014-10-23T07:12:19","guid":{"rendered":"http:\/\/carfree.fr\/?p=23703"},"modified":"2015-10-30T16:20:02","modified_gmt":"2015-10-30T15:20:02","slug":"velofabrik-un-velo-bruxellois-pour-les-bruxellois","status":"publish","type":"post","link":"https:\/\/carfree.fr\/index.php\/2014\/10\/23\/velofabrik-un-velo-bruxellois-pour-les-bruxellois\/","title":{"rendered":"Velofabrik, un v\u00e9lo bruxellois pour les Bruxellois"},"content":{"rendered":"<p>Apr\u00e8s les choux de Bruxelles, la bi\u00e8re et le chocolat, voil\u00e0 les v\u00e9los bruxellois. Velofabrik, c&rsquo;est un concept original de cr\u00e9ation et production de v\u00e9los locaux. <!--more--><\/p>\n<p>Velofabrik est une soci\u00e9t\u00e9 coop\u00e9rative \u00e0 finalit\u00e9 sociale dont le but est de cr\u00e9er un v\u00e9lo et de le produire \u00e0 Bruxelles en Belgique.<\/p>\n<p>\u00c0 terme, le projet Velofabrik devrait aboutir \u00e0 l\u2019installation d\u2019une v\u00e9ritable petite usine de v\u00e9los \u00e0 Bruxelles qui devrait produire quelque 500 v\u00e9los en 2016 puis monter progressivement en puissance, avec l&rsquo;objectif de capter au moins 10% du march\u00e9 du v\u00e9lo de ville dans la capitale belge en proposant aux gens qui se d\u00e9placent chaque jour en deux roues un v\u00e9lo confortable, solide et durable pour un prix moyen de 650 euros.<\/p>\n<p>L&rsquo;initiative est n\u00e9e d\u2019un constat, sur 450.000 v\u00e9los vendus chaque ann\u00e9e en Belgique, 110.000 seulement sont fabriqu\u00e9s dans le pays et aucun \u00e0 Bruxelles o\u00f9 il n&rsquo;y a pas de fabricant.<\/p>\n<p>Les v\u00e9los de Velofabrik seront assembl\u00e9s \u00e0 la main par des travailleurs bruxellois en utilisant chaque fois que c\u2019est possible des composants produits localement. A terme, c\u2019est plus d\u2019une dizaine d\u2019emplois (m\u00e9caniciens, vente, personnel administratif,\u2026)  qui pourront \u00eatre ainsi cr\u00e9\u00e9s. Par ailleurs, une partie des b\u00e9n\u00e9fices r\u00e9alis\u00e9s sera consacr\u00e9e \u00e0 des projets de promotion ou de recherche en mati\u00e8re de mobilit\u00e9 active.<\/p>\n<p>L&rsquo;objectif est de r\u00e9aliser un engin qui dure et qui soit ais\u00e9ment r\u00e9parable. Le futur atelier-usine sera flanqu\u00e9 d\u2019un espace boutique. Les chalands et clients pourront y rencontrer les techniciens monteurs et \u00e9changer avec eux.<\/p>\n<p>Au moment o\u00f9 les constructeurs de voitures d\u00e9localisent de plus en plus la production des voitures, n&rsquo;est-ce pas le moment de relocaliser la production des v\u00e9los?<\/p>\n<p><a href=\"http:\/\/www.velofabrik.be\" title=\"http:\/\/www.velofabrik.be\" target=\"_blank\">http:\/\/www.velofabrik.be<\/a><\/p>\n","protected":false},"excerpt":{"rendered":"<p>Apr\u00e8s les choux de Bruxelles, la bi\u00e8re et le chocolat, voil\u00e0 les v\u00e9los bruxellois. Velofabrik, c&rsquo;est un concept original de cr\u00e9ation et production de v\u00e9los locaux.<\/p>\n","protected":false},"author":37,"featured_media":36711,"comment_status":"open","ping_status":"closed","sticky":false,"template":"","format":"standard","meta":[],"categories":[4,7],"tags":[1652,181,171,463,646,60,725,82,777,1664],"views":7645,"_links":{"self":[{"href":"https:\/\/carfree.fr\/index.php\/wp-json\/wp\/v2\/posts\/23703"}],"collection":[{"href":"https:\/\/carfree.fr\/index.php\/wp-json\/wp\/v2\/posts"}],"about":[{"href":"https:\/\/carfree.fr\/index.php\/wp-json\/wp\/v2\/types\/post"}],"author":[{"embeddable":true,"href":"https:\/\/carfree.fr\/index.php\/wp-json\/wp\/v2\/users\/37"}],"replies":[{"embeddable":true,"href":"https:\/\/carfree.fr\/index.php\/wp-json\/wp\/v2\/comments?post=23703"}],"version-history":[{"count":0,"href":"https:\/\/carfree.fr\/index.php\/wp-json\/wp\/v2\/posts\/23703\/revisions"}],"wp:featuredmedia":[{"embeddable":true,"href":"https:\/\/carfree.fr\/index.php\/wp-json\/wp\/v2\/media\/36711"}],"wp:attachment":[{"href":"https:\/\/carfree.fr\/index.php\/wp-json\/wp\/v2\/media?parent=23703"}],"wp:term":[{"taxonomy":"category","embeddable":true,"href":"https:\/\/carfree.fr\/index.php\/wp-json\/wp\/v2\/categories?post=23703"},{"taxonomy":"post_tag","embeddable":true,"href":"https:\/\/carfree.fr\/index.php\/wp-json\/wp\/v2\/tags?post=23703"}],"curies":[{"name":"wp","href":"https:\/\/api.w.org\/{rel}","templated":true}]}}