{"id":23776,"date":"2014-10-31T09:02:37","date_gmt":"2014-10-31T08:02:37","guid":{"rendered":"http:\/\/carfree.fr\/?p=23776"},"modified":"2020-08-17T14:03:02","modified_gmt":"2020-08-17T13:03:02","slug":"sauvez-les-trains-de-nuit-europeens","status":"publish","type":"post","link":"https:\/\/carfree.fr\/index.php\/2014\/10\/31\/sauvez-les-trains-de-nuit-europeens\/","title":{"rendered":"Sauvez les trains de nuit europ\u00e9ens!"},"content":{"rendered":"<p><img decoding=\"async\" loading=\"lazy\" class=\"alignnone size-full wp-image-23779\" src=\"http:\/\/carfree.fr\/img\/2014\/10\/sauvez-les-trains-de-nuit-en-europe.jpg\" alt=\"sauvez-les-trains-de-nuit-en-europe\" width=\"600\" height=\"300\" \/><\/p>\n<p>Les trains de nuit europ\u00e9ens sont menac\u00e9s ! Aujourd\u2019hui, les op\u00e9rateurs ferroviaires europ\u00e9ens veulent fermer de nombreuses lignes de train de nuit, <a title=\"http:\/\/carfree.fr\/index.php\/2014\/10\/14\/les-velos-dans-les-trains-internationaux-ca-recule\/\" href=\"http:\/\/carfree.fr\/index.php\/2014\/10\/14\/les-velos-dans-les-trains-internationaux-ca-recule\/\" target=\"_blank\" rel=\"noopener\">comme nous vous l&rsquo;avions pr\u00e9sent\u00e9 r\u00e9cemment<\/a>. Une p\u00e9tition destin\u00e9e aux principaux op\u00e9rateurs ferroviaires europ\u00e9ens circule actuellement. <!--more--><\/p>\n<p>La Deutsche Bahn et ses partenaires au Danemark, aux Pays-Bas, en France, en Suisse et en R\u00e9publique tch\u00e8que ont l&rsquo;intention de fermer les lignes de train de nuit suivantes pour la fin de l&rsquo;ann\u00e9e 2014:<\/p>\n<p>Amsterdam-Copenhague<br \/>\nCopenhague-Prague<br \/>\nPrague-Amsterdam<br \/>\nB\u00e2le-Copenhague<br \/>\nBerlin-Paris<br \/>\nHambourg-Paris<br \/>\nParis-Munich<\/p>\n<p>Selon le quotidien britannique The Guardian, la principale raison invoqu\u00e9e pour ces fermetures de lignes est la baisse du trafic de voyageurs li\u00e9e \u00e0 la concurrence du trafic a\u00e9rien low-cost. Or, depuis l&rsquo;ann\u00e9e 2000, les <span class=\"notranslate\">services de trains payent des frais d&rsquo;acc\u00e8s aux voies lorsqu&rsquo;ils traversent les fronti\u00e8res, un comble en mati\u00e8re de construction europ\u00e9enne!<\/span><\/p>\n<p>Par ailleurs, <span class=\"notranslate\">en Allemagne, la Deutsche Bahn se plaint d&rsquo;\u00eatre accabl\u00e9e par les taxes \u00e9cologiques, autant de taxes dont les compagnies a\u00e9riennes sont exempt\u00e9es.<\/span><\/p>\n<p><span class=\"notranslate\">Pourtant, beaucoup de gens comptent sur les trains de nuit europ\u00e9ens car ils ne veulent pas prendre l&rsquo;avion, pour des raisons environnementales ou pour des raisons de sant\u00e9.\u00a0Au passage, ces trains qui prennent les v\u00e9los sont actuellement la seule solution pour les cyclistes qui voyagent \u00e0 partir de la France vers l\u2019Est et le Nord de l\u2019Europe. Les fronti\u00e8res se ferment.<\/span><\/p>\n<p><span class=\"notranslate\">\u00c9galement, certains affirment que les plaintes des op\u00e9rateurs ferroviaires sur la baisse des chiffres de passagers sont une proph\u00e9tie auto-r\u00e9alisatrice. Depuis plusieurs ann\u00e9es, on constaterait une diminution continue des investissements, rendant les trains de nuit moins confortables et moins pratiques, ce qui a d\u00e9tourn\u00e9 de ce service de nombreux clients. La raison? <a title=\"http:\/\/carfree.fr\/index.php\/2013\/12\/19\/la-grande-vitesse-est-en-train-de-tuer-le-reseau-ferroviaire-europeen\/\" href=\"http:\/\/carfree.fr\/index.php\/2013\/12\/19\/la-grande-vitesse-est-en-train-de-tuer-le-reseau-ferroviaire-europeen\/\" target=\"_blank\" rel=\"noopener\">Les op\u00e9rateurs ferroviaires privil\u00e9gient les lignes \u00e0 grande vitesse, au d\u00e9triment des trains de nuit!<\/a><br \/>\n<\/span><\/p>\n<p>Cette situation est inacceptable, il s&rsquo;agit d&rsquo;un coup dur port\u00e9 aux services europ\u00e9ens de trains de nuit! Le rail est le moyen de d\u00e9placement le plus respectueux de l&rsquo;environnement et du climat pour voyager en Europe. Les trains de nuit sont l&rsquo;alternative \u00e9cologique \u00e0 la circulation a\u00e9rienne. Remettons l&rsquo;Europe sur de bons rails!<\/p>\n<p>Nous demandons instamment \u00e0 la Deutsche Bahn de sauver et d\u00e9velopper les trains de nuit!<br \/>\nEn signant cette p\u00e9tition, vous enverrez automatiquement un e-mail directement \u00e0 la Deutsche Bahn, avec une copie aux autres op\u00e9rateurs ferroviaires nationaux tels que l&rsquo;ORD (Danemark), NS (Pays-Bas), SNCF (France), les CFF (Suisse) et CD (R\u00e9publique tch\u00e8que).<\/p>\n<p>Signez la p\u00e9tition !<br \/>\nA noter: il existe d&rsquo;autres p\u00e9titions sur internet, li\u00e9es par exemple \u00e0 une seule ligne (exemple: Paris-Berlin), que nous vous invitons \u00e9galement \u00e0 signer.<\/p>\n","protected":false},"excerpt":{"rendered":"<p>Les trains de nuit europ\u00e9ens sont menac\u00e9s ! Aujourd\u2019hui, les op\u00e9rateurs ferroviaires europ\u00e9ens veulent fermer de nombreuses lignes de train de nuit, comme nous vous l&rsquo;avions pr\u00e9sent\u00e9 r\u00e9cemment. Une p\u00e9tition <a class=\"more-link\" href=\"https:\/\/carfree.fr\/index.php\/2014\/10\/31\/sauvez-les-trains-de-nuit-europeens\/\">Lire la suite&#8230;<\/a><\/p>\n","protected":false},"author":71,"featured_media":23779,"comment_status":"open","ping_status":"closed","sticky":false,"template":"","format":"standard","meta":[],"categories":[4,78,8,7],"tags":[64,527,323,169,16,106,88,1668,120,105,119,131],"views":10800,"_links":{"self":[{"href":"https:\/\/carfree.fr\/index.php\/wp-json\/wp\/v2\/posts\/23776"}],"collection":[{"href":"https:\/\/carfree.fr\/index.php\/wp-json\/wp\/v2\/posts"}],"about":[{"href":"https:\/\/carfree.fr\/index.php\/wp-json\/wp\/v2\/types\/post"}],"author":[{"embeddable":true,"href":"https:\/\/carfree.fr\/index.php\/wp-json\/wp\/v2\/users\/71"}],"replies":[{"embeddable":true,"href":"https:\/\/carfree.fr\/index.php\/wp-json\/wp\/v2\/comments?post=23776"}],"version-history":[{"count":0,"href":"https:\/\/carfree.fr\/index.php\/wp-json\/wp\/v2\/posts\/23776\/revisions"}],"wp:featuredmedia":[{"embeddable":true,"href":"https:\/\/carfree.fr\/index.php\/wp-json\/"}],"wp:attachment":[{"href":"https:\/\/carfree.fr\/index.php\/wp-json\/wp\/v2\/media?parent=23776"}],"wp:term":[{"taxonomy":"category","embeddable":true,"href":"https:\/\/carfree.fr\/index.php\/wp-json\/wp\/v2\/categories?post=23776"},{"taxonomy":"post_tag","embeddable":true,"href":"https:\/\/carfree.fr\/index.php\/wp-json\/wp\/v2\/tags?post=23776"}],"curies":[{"name":"wp","href":"https:\/\/api.w.org\/{rel}","templated":true}]}}