{"id":2425,"date":"2009-04-07T13:24:04","date_gmt":"2009-04-07T12:24:04","guid":{"rendered":"http:\/\/carfree.fr\/?p=2425"},"modified":"2020-08-18T20:16:19","modified_gmt":"2020-08-18T19:16:19","slug":"nous-resterons-sur-terre","status":"publish","type":"post","link":"https:\/\/carfree.fr\/index.php\/2009\/04\/07\/nous-resterons-sur-terre\/","title":{"rendered":"Nous resterons sur Terre"},"content":{"rendered":"<p>Nous resterons sur Terre. \u00c9videmment. Notre futur est ici. Mais comment ? Le Mercredi 08 avril 2009 sort sur les \u00e9crans le film \u00ab\u00a0Nous resterons sur Terre\u00a0\u00bb, co-r\u00e9alis\u00e9 par P.Barougier et O.Bourgeois. <!--more--><\/p>\n<p>La question br\u00fble toutes les l\u00e8vres. Les pollutions, les catastrophes industrielles et les changements climatiques ont brusquement r\u00e9v\u00e9l\u00e9 la question de la survie de notre plan\u00e8te et avec elle, celle de notre esp\u00e8ce. Nous sommes en passe d\u2019\u00eatre rattrap\u00e9s par nos besoins les plus \u00e9l\u00e9mentaires : d\u2019air pur pour respirer, d\u2019eau pour boire, de sols pour s\u2019alimenter, d\u2019un climat stable pour vivre en s\u00e9curit\u00e9.<\/p>\n<p>Depuis des d\u00e9cennies, l\u2019homme moderne et la nature vivent sur la m\u00eame Terre mais n\u2019appartiennent plus \u00e0 la m\u00eame plan\u00e8te. D\u2019un c\u00f4t\u00e9, le progr\u00e8s et son app\u00e9tit croissant pour alimenter les demandes urbaines, de l\u2019autre une biodiversit\u00e9 qui s\u2019ass\u00e8che progressivement et une plan\u00e8te qui s\u2019asphyxie de nos propres inventions. Au-del\u00e0 des probl\u00e9matiques environnementales, c\u2019est notre mod\u00e8le de soci\u00e9t\u00e9 dans son ensemble que Nous resterons sur Terre remet en question, tout en laissant le spectateur \u00e0 ses \u00e9motions, \u00e0 ses intuitions et \u00e0 son jugement sur ce qui est juste ou non.<\/p>\n<p>Quelle soci\u00e9t\u00e9 souhaitons-nous transmettre aux g\u00e9n\u00e9rations futures et surtout quelles explications donnerons-nous \u00e0 notre descendance lorsque celle-ci nous posera la question : Pourquoi ?<\/p>\n<p>Avec l\u2019environnementaliste James Lovelock (auteur de \u201cl\u2019hypoth\u00e8se Gaia\u201d selon laquelle la Terre doit \u00eatre consid\u00e9r\u00e9e comme un organisme vivant), le philosophe Edgar Morin et les Prix Nobel de la Paix Mikha\u00efl Gorbatchev et Wangari Maathai (fondatrice du \u201cGreen Belt Movement\u201d en 1977), ce film laisse \u00e0 chacun la libert\u00e9 d\u2019\u00e9valuer le degr\u00e9 d\u2019urgence sur une seule certitude : Nous resterons sur Terre.<\/p>\n<p>Ce film est donc un film \u00e9co-militant, au m\u00eame titre que le docu La 11\u00e8me heure de Leonardo di Caprio mais il s\u2019en distingue d\u00e9j\u00e0 par un parti pris esth\u00e9tique tr\u00e8s affirm\u00e9 et surtout, il repr\u00e9sente la somme d\u2019entretiens crois\u00e9s avec quatre intervenants irr\u00e9cusables, des personnalit\u00e9s indiscutables.<\/p>\n<p><strong>Mercredi 08 avril 2009 : sortie du film \u00ab\u00a0Nous resterons sur Terre\u00a0\u00bb (co-r\u00e9alis\u00e9 par P.Barougier et O.Bourgeois). <\/p>\n<p>http:\/\/www.youtube.com\/embed\/eNS-yBa66sw?rel=0<\/strong><\/p>\n","protected":false},"excerpt":{"rendered":"<p>Nous resterons sur Terre. \u00c9videmment. Notre futur est ici. Mais comment ? Le Mercredi 08 avril 2009 sort sur les \u00e9crans le film \u00ab\u00a0Nous resterons sur Terre\u00a0\u00bb, co-r\u00e9alis\u00e9 par P.Barougier <a class=\"more-link\" href=\"https:\/\/carfree.fr\/index.php\/2009\/04\/07\/nous-resterons-sur-terre\/\">Lire la suite&#8230;<\/a><\/p>\n","protected":false},"author":41,"featured_media":37706,"comment_status":"open","ping_status":"open","sticky":false,"template":"","format":"standard","meta":[],"categories":[52,6,124,72],"tags":[57,308,196,99,81,642,61,278,54,33,482,19,38,25],"views":5064,"_links":{"self":[{"href":"https:\/\/carfree.fr\/index.php\/wp-json\/wp\/v2\/posts\/2425"}],"collection":[{"href":"https:\/\/carfree.fr\/index.php\/wp-json\/wp\/v2\/posts"}],"about":[{"href":"https:\/\/carfree.fr\/index.php\/wp-json\/wp\/v2\/types\/post"}],"author":[{"embeddable":true,"href":"https:\/\/carfree.fr\/index.php\/wp-json\/wp\/v2\/users\/41"}],"replies":[{"embeddable":true,"href":"https:\/\/carfree.fr\/index.php\/wp-json\/wp\/v2\/comments?post=2425"}],"version-history":[{"count":0,"href":"https:\/\/carfree.fr\/index.php\/wp-json\/wp\/v2\/posts\/2425\/revisions"}],"wp:featuredmedia":[{"embeddable":true,"href":"https:\/\/carfree.fr\/index.php\/wp-json\/wp\/v2\/media\/37706"}],"wp:attachment":[{"href":"https:\/\/carfree.fr\/index.php\/wp-json\/wp\/v2\/media?parent=2425"}],"wp:term":[{"taxonomy":"category","embeddable":true,"href":"https:\/\/carfree.fr\/index.php\/wp-json\/wp\/v2\/categories?post=2425"},{"taxonomy":"post_tag","embeddable":true,"href":"https:\/\/carfree.fr\/index.php\/wp-json\/wp\/v2\/tags?post=2425"}],"curies":[{"name":"wp","href":"https:\/\/api.w.org\/{rel}","templated":true}]}}