{"id":2464,"date":"2009-04-09T10:09:36","date_gmt":"2009-04-09T09:09:36","guid":{"rendered":"http:\/\/carfree.fr\/?p=2464"},"modified":"2016-06-02T16:39:30","modified_gmt":"2016-06-02T15:39:30","slug":"non-aux-mega-camions-sur-les-routes-francaises","status":"publish","type":"post","link":"https:\/\/carfree.fr\/index.php\/2009\/04\/09\/non-aux-mega-camions-sur-les-routes-francaises\/","title":{"rendered":"Non aux m\u00e9ga-camions sur les routes fran\u00e7aises!"},"content":{"rendered":"<p><img decoding=\"async\" loading=\"lazy\" title=\"mega-camions\" src=\"http:\/\/carfree.fr\/images\/mega-camions.jpg\" alt=\"mega-camions\" width=\"420\" height=\"200\" \/><\/p>\n<p>Le Secr\u00e9taire d\u2019Etat aux Transports Dominique Bussererau, vient d\u2019annoncer l\u2019autorisation des m\u00e9ga camions (60 tonnes) sur les routes fran\u00e7aises en violation compl\u00e8te des engagements du Grenelle de l\u2019environnement.<!--more--><\/p>\n<p><strong>La France va autoriser les m\u00e9ga camions\u2026<\/strong><\/p>\n<p>25 m\u00e8tres de long et 60 tonnes, voici le type de camions que le Gouvernement souhaite voir circuler sur nos routes. Non seulement ces M\u00e9gas Camions sont dangereux pour la s\u00e9curit\u00e9 routi\u00e8re mais sont en plus totalement contradictoires avec la politique affich\u00e9e lors du Grenelle de l\u2019environnement en mati\u00e8re de transports.<\/p>\n<p>Pour Arnaud Gossement, porte parole de FNE : \u00ab le Gouvernement devait changer de braquet sur les transports\u2026 En autorisant les monstres routiers sur les routes, il \u00e9crase un peu plus le projet d\u2019une politique soutenable dans ce secteur \u00bb.<\/p>\n<p><strong>Premi\u00e8re victoire du lobby du bitume<\/strong><\/p>\n<p>A l\u2019heure actuelle, l\u2019Europe autorise la circulation de camions pesant jusqu\u2019\u00e0 40T. De nombreuses d\u00e9rogations existent d\u00e9j\u00e0 en France pour les 44T. La bataille se joue ainsi aujourd\u2019hui au niveau europ\u00e9en pour autoriser des camions toujours plus gros, toujours plus longs sans aucun gain ni pour l\u2019environnement ni pour la s\u00e9curit\u00e9.<\/p>\n<p>C\u00e9line Mesquida, charg\u00e9e de mission transports de FNE souligne : \u00ab La bataille fait rage depuis plusieurs mois pour emp\u00eacher la Commission d\u2019autoriser les m\u00e9gas camions \u00e0 circuler en Europe. France Nature Environnement se bat, au niveau europ\u00e9en, avec sa F\u00e9d\u00e9ration europ\u00e9enne \u00ab Transport and Environment \u00bb, pour qu\u2019aucune l\u00e9gislation europ\u00e9enne n\u2019autorise ces engins. \u00bb<\/p>\n<p>FNE est signataire de la plateforme europ\u00e9enne \u00ab <a title=\"http:\/\/www.nomegatrucks.eu\/\" href=\"http:\/\/www.nomegatrucks.eu\/\" target=\"_blank\">Non aux M\u00e9gas Camions<\/a> \u00bb<\/p>\n<p><strong>Toujours plus de camions, toujours plus de CO\u00b2, toujours moins de ferroviaire !<\/strong><\/p>\n<p>L\u2019exp\u00e9rimentation annonc\u00e9e par le Gouvernement est un contre-sens total avec tous les engagements pris lors du Grenelle de l\u2019environnement.<\/p>\n<p>Michel Dubromel, responsable Transports de FNE s\u2019insurge : \u00ab De qui se moque-t-on ? Certains professionnels nous font miroiter des gains environnementaux avec ces nouveaux engins. Mais les \u00e9ventuelles r\u00e9ductions de consommation de carburant, de l\u2019ordre de 20%, auront une seule et unique cons\u00e9quence : un transport routier toujours moins cher par rapport aux modes de transport alternatifs comme le rail. Et au final, surtout, toujours plus de camions en circulation, toujours plus d\u2019\u00e9missions de CO2 ! \u00bb<br \/>\n<strong><br \/>\nFNE et T&amp;E s\u2019engagent contre les monstres routiers<\/strong><\/p>\n<p>Jos Dings, directeur de la f\u00e9d\u00e9ration europ\u00e9enne \u00ab T&amp;E \u00bb pr\u00e9cise : \u00ab les m\u00e9ga camions ne r\u00e9duiront pas le nombre de poids lourds sur nos routes. Au contraire, ils vont devenir plus gros, plus bruyants plus polluants. \u00bb<\/p>\n<p>Il ajoute : \u00ab Des taxes kilom\u00e9triques pour les poids lourds, sur la base des mod\u00e8les suisse, allemand, autrichien et tch\u00e8que sont une solution pratique pour am\u00e9liorer l\u2019efficacit\u00e9 de ce secteur et r\u00e9duire les \u00e9missions. Nous avons besoin d\u2019un transport routier plus respectueux de notre qualit\u00e9 de vie, mais pas des monstres routiers \u00bb.<\/p>\n<p>Sources: <a title=\"http:\/\/www.fne.asso.fr\/\" href=\"http:\/\/www.fne.asso.fr\/\" target=\"_blank\">www.fne.asso.fr<\/a> et <a title=\"http:\/\/www.nomegatrucks.eu\/\" href=\"http:\/\/www.nomegatrucks.eu\/\" target=\"_blank\">www.nomegatrucks.eu<\/a><\/p>\n","protected":false},"excerpt":{"rendered":"<p>Le Secr\u00e9taire d\u2019Etat aux Transports Dominique Bussererau, vient d\u2019annoncer l\u2019autorisation des m\u00e9ga camions (60 tonnes) sur les routes fran\u00e7aises en violation compl\u00e8te des engagements du Grenelle de l\u2019environnement.<\/p>\n","protected":false},"author":162,"featured_media":2463,"comment_status":"open","ping_status":"open","sticky":false,"template":"","format":"standard","meta":[],"categories":[52],"tags":[376,290,110,56,308,169,16,281,168,177,287,226,151,178,105,216],"views":5180,"_links":{"self":[{"href":"https:\/\/carfree.fr\/index.php\/wp-json\/wp\/v2\/posts\/2464"}],"collection":[{"href":"https:\/\/carfree.fr\/index.php\/wp-json\/wp\/v2\/posts"}],"about":[{"href":"https:\/\/carfree.fr\/index.php\/wp-json\/wp\/v2\/types\/post"}],"author":[{"embeddable":true,"href":"https:\/\/carfree.fr\/index.php\/wp-json\/wp\/v2\/users\/162"}],"replies":[{"embeddable":true,"href":"https:\/\/carfree.fr\/index.php\/wp-json\/wp\/v2\/comments?post=2464"}],"version-history":[{"count":0,"href":"https:\/\/carfree.fr\/index.php\/wp-json\/wp\/v2\/posts\/2464\/revisions"}],"wp:featuredmedia":[{"embeddable":true,"href":"https:\/\/carfree.fr\/index.php\/wp-json\/"}],"wp:attachment":[{"href":"https:\/\/carfree.fr\/index.php\/wp-json\/wp\/v2\/media?parent=2464"}],"wp:term":[{"taxonomy":"category","embeddable":true,"href":"https:\/\/carfree.fr\/index.php\/wp-json\/wp\/v2\/categories?post=2464"},{"taxonomy":"post_tag","embeddable":true,"href":"https:\/\/carfree.fr\/index.php\/wp-json\/wp\/v2\/tags?post=2464"}],"curies":[{"name":"wp","href":"https:\/\/api.w.org\/{rel}","templated":true}]}}