{"id":253,"date":"2005-05-29T12:32:46","date_gmt":"2005-05-29T11:32:46","guid":{"rendered":"http:\/\/carfree.fr\/index.php\/2005\/05\/29\/affiches-choc-sur-la-securite-routiere\/"},"modified":"2024-02-29T09:02:08","modified_gmt":"2024-02-29T08:02:08","slug":"affiches-choc-sur-la-securite-routiere","status":"publish","type":"post","link":"https:\/\/carfree.fr\/index.php\/2005\/05\/29\/affiches-choc-sur-la-securite-routiere\/","title":{"rendered":"Affiches choc sur la s\u00e9curit\u00e9 routi\u00e8re"},"content":{"rendered":"<p>Quand des lyc\u00e9ens d\u00e9cident, dans le cadre d&rsquo;un projet p\u00e9dagogique, de r\u00e9aliser une campagne d&rsquo;affiches sur le th\u00e8me des jeunes et de la s\u00e9curit\u00e9 routi\u00e8re, on trouve alors les affiches des \u00ab\u00a0publicitaires professionnels\u00a0\u00bb un peu mi\u00e8vres et un peu fades&#8230; <!--more--><\/p>\n<p>On savait d\u00e9j\u00e0 que les publicitaires manquaient s\u00e9rieusement de cr\u00e9ativit\u00e9, mais on d\u00e9couvre ici que les lyc\u00e9ens d\u00e9bordent quant \u00e0 eux d&rsquo;imagination! Ces quelques affiches ont \u00e9t\u00e9 r\u00e9alis\u00e9es en 2003 par des jeunes du Lyc\u00e9e Gabriel Faure de Tournon.<\/p>\n<p>On peut regretter que ces quelques affiches n&rsquo;aient pas \u00e9t\u00e9 reprises par les campagnes officielles de la s\u00e9curit\u00e9 routi\u00e8re. Car, qui peut mieux parler \u00e0 des jeunes que les jeunes eux-m\u00eames?<\/p>\n<p>Mais, le meilleur conseil \u00e0 donner aux jeunes reste sans aucun doute de ne pas utiliser de voiture et de se battre pour une autre vi(ll)e, plus respectueuse des pi\u00e9tons, des v\u00e9los, des rollers, skaters, etc.<\/p>\n<p><img decoding=\"async\" loading=\"lazy\" src=\"http:\/\/carfree.fr\/img\/2005\/05\/fievre_samedi_soir-1.jpg\" alt=\"\" width=\"199\" height=\"300\" class=\"alignnone size-full wp-image-40472\" \/><br \/>\n<span style=\"font-size: 78%\">La fi\u00e8vre du samedi soir<\/span><\/p>\n<p><img decoding=\"async\" loading=\"lazy\" src=\"http:\/\/carfree.fr\/img\/2005\/05\/pret_a_porter.jpg\" alt=\"\" width=\"202\" height=\"300\" class=\"alignnone size-full wp-image-40469\" \/><br \/>\n<span style=\"font-size: 78%\">Pr\u00eat-\u00e0-porter 2003<\/span><\/p>\n","protected":false},"excerpt":{"rendered":"<p>Quand des lyc\u00e9ens d\u00e9cident, dans le cadre d&rsquo;un projet p\u00e9dagogique, de r\u00e9aliser une campagne d&rsquo;affiches sur le th\u00e8me des jeunes et de la s\u00e9curit\u00e9 routi\u00e8re, on trouve alors les affiches <a class=\"more-link\" href=\"https:\/\/carfree.fr\/index.php\/2005\/05\/29\/affiches-choc-sur-la-securite-routiere\/\">Lire la suite&#8230;<\/a><\/p>\n","protected":false},"author":11,"featured_media":45832,"comment_status":"open","ping_status":"open","sticky":false,"template":"","format":"standard","meta":[],"categories":[73,1038],"tags":[1848,31,333,178],"views":7297,"_links":{"self":[{"href":"https:\/\/carfree.fr\/index.php\/wp-json\/wp\/v2\/posts\/253"}],"collection":[{"href":"https:\/\/carfree.fr\/index.php\/wp-json\/wp\/v2\/posts"}],"about":[{"href":"https:\/\/carfree.fr\/index.php\/wp-json\/wp\/v2\/types\/post"}],"author":[{"embeddable":true,"href":"https:\/\/carfree.fr\/index.php\/wp-json\/wp\/v2\/users\/11"}],"replies":[{"embeddable":true,"href":"https:\/\/carfree.fr\/index.php\/wp-json\/wp\/v2\/comments?post=253"}],"version-history":[{"count":0,"href":"https:\/\/carfree.fr\/index.php\/wp-json\/wp\/v2\/posts\/253\/revisions"}],"wp:featuredmedia":[{"embeddable":true,"href":"https:\/\/carfree.fr\/index.php\/wp-json\/wp\/v2\/media\/45832"}],"wp:attachment":[{"href":"https:\/\/carfree.fr\/index.php\/wp-json\/wp\/v2\/media?parent=253"}],"wp:term":[{"taxonomy":"category","embeddable":true,"href":"https:\/\/carfree.fr\/index.php\/wp-json\/wp\/v2\/categories?post=253"},{"taxonomy":"post_tag","embeddable":true,"href":"https:\/\/carfree.fr\/index.php\/wp-json\/wp\/v2\/tags?post=253"}],"curies":[{"name":"wp","href":"https:\/\/api.w.org\/{rel}","templated":true}]}}