{"id":25736,"date":"2014-11-28T09:47:16","date_gmt":"2014-11-28T08:47:16","guid":{"rendered":"http:\/\/carfree.fr\/?p=25736"},"modified":"2021-01-07T15:08:58","modified_gmt":"2021-01-07T14:08:58","slug":"moins-de-pub-moins-de-voitures","status":"publish","type":"post","link":"https:\/\/carfree.fr\/index.php\/2014\/11\/28\/moins-de-pub-moins-de-voitures\/","title":{"rendered":"Moins de pub, moins de voitures!"},"content":{"rendered":"<p>Le dimanche 23 novembre 2014 la municipalit\u00e9 de Grenoble a annonc\u00e9 qu\u2019elle ne reconduirait pas le contrat pass\u00e9 avec l\u2019entreprise \u00ab\u00a0Decaux\u00a0\u00bb [1] [2]. La cons\u00e9quence: 326 panneaux publicitaires vont dispara\u00eetre des rues prochainement, ce qui repr\u00e9sente environ 2000m\u00b2 de surface de propagande en moins. Cerise sur le g\u00e2teau, la mairie a annonc\u00e9 vouloir en remplacer une cinquantaine par des arbres, mesure \u00f4 combien charg\u00e9e symboliquement. <!--more--><\/p>\n<p>326 panneaux publicitaires qui disparaissent, ce sont 326 occasions de moins de manipuler les gens.<\/p>\n<p>Ce sont 326 occasions de moins de vanter les charmes de la bagnole. Ce sont 326 occasions de moins de s\u2019immiscer dans l\u2019inconscient des gens pour leur susurrer mielleusement que la voiture est n\u00e9cessaire, qu\u2019elle repr\u00e9sente force, virilit\u00e9 et statut social.<\/p>\n<p>Ce sont \u00e9galement 326 occasions de moins de vanter les grands magasins situ\u00e9s invariablement en p\u00e9riph\u00e9rie des villes, et donc 326 occasions de moins de pousser les gens \u00e0 prendre leurs bagnoles pour aller faire leurs achats loin de chez eux.<\/p>\n<p>Ce sont 326 occasions de plus de rel\u00e2cher la pression publicitaire sur les gens, 326 occasions de plus de leur laisser la possibilit\u00e9 de faire des choix sans \u00eatre inconsciemment influenc\u00e9s.<\/p>\n<p>Ce sont finalement, avec les futurs arbres qui seront plant\u00e9s, 50 occasions en plus de rendre la ville plus agr\u00e9able \u00e0 vivre, \u00e0 parcourir \u00e0 pied ou en v\u00e9lo.<\/p>\n<p><img decoding=\"async\" loading=\"lazy\" src=\"http:\/\/carfree.fr\/img\/2014\/11\/tree-in-front-of-billboard-03.jpg\" alt=\"tree-in-front-of-billboard-03\" width=\"600\" height=\"450\" \/><\/p>\n<p>La d\u00e9cision de la municipalit\u00e9 de Grenoble a provoqu\u00e9 des remous au niveau national, tous les m\u00e9dias en ont parl\u00e9. Pourtant, ce ne sont finalement \u00ab que \u00bb 326 panneaux qui vont dispara\u00eetre\u2026 Et contrairement \u00e0 ce que la plupart racontent, la publicit\u00e9 n\u2019est pas bannie des rues de Grenoble : elle reste sur les abribus au moins jusqu\u2019\u00e0 2019 (date de l\u2019arr\u00eat du contrat liant la ville et Decaux sur ce sujet) et peut \u00e9galement continuer \u00e0 \u00eatre install\u00e9e sur des terrains priv\u00e9s (fa\u00e7ades de bars, murs de maisons, jardins priv\u00e9s, etc.). Ce coup de tonnerre qui effraie les publicitaires (certains traiteront m\u00eame directement le maire de Grenoble de \u00ab castrateur d\u2019imaginaire \u00bb [3]) ne repr\u00e9sente donc finalement qu\u2019une goutte d\u2019eau infime dans l\u2019immense oc\u00e9an de publicit\u00e9 qui nous agresse.<\/p>\n<p>Mais pourquoi ont-ils peur, sinon parce qu\u2019ils craignent que cette d\u00e9cision politique courageuse puisse faire des \u00e9mules et pousser d\u2019autres municipalit\u00e9s \u00e0 s\u2019engager dans la voie de la r\u00e9duction de la publicit\u00e9 ?<\/p>\n<p>J\u2019esp\u00e8re personnellement que c\u2019est exactement ce qui va se passer: moins d\u2019affiches, moins de pression publicitaire, moins de propagande, moins de manipulation, c\u2019est une chance donn\u00e9e \u00e0 tous de sortir du carcan id\u00e9ologique dans lequel la soci\u00e9t\u00e9 nous enferme \u2013 et est enferm\u00e9e elle-m\u00eame.<\/p>\n<p>Pour ceux qui s\u2019int\u00e9ressent \u00e0 l\u2019argument \u00e9conomique avant tout (\u00ab\u00a0la publicit\u00e9 permet de financer les services publiques, c\u2019est chouette\u00a0\u00bb): la tribune de Lib\u00e9ration du 24 novembre 2014 r\u00e9pond admirablement bien en rappelant que cette manne financi\u00e8re est de toute fa\u00e7on pay\u00e9e par nous et repr\u00e9sente in fine un imp\u00f4t priv\u00e9 [4]<\/p>\n<p><img decoding=\"async\" loading=\"lazy\" src=\"http:\/\/carfree.fr\/img\/2014\/11\/tree-in-front-of-billboard-04.jpg\" alt=\"tree-in-front-of-billboard-04\" width=\"600\" height=\"450\" \/><\/p>\n<p>Photos: <a title=\"http:\/\/helmutsmits.nl\" href=\"http:\/\/helmutsmits.nl\" target=\"_blank\">Elmut Smits<\/a><\/p>\n<p>[1] <a title=\"http:\/\/www.lefigaro.fr\/societes\/2014\/11\/23\/20005-20141123ARTFIG00079-grenoble-bannit-les-publicites-de-ses-rues.php\" href=\"http:\/\/www.lefigaro.fr\/societes\/2014\/11\/23\/20005-20141123ARTFIG00079-grenoble-bannit-les-publicites-de-ses-rues.php\" target=\"_blank\">http:\/\/www.lefigaro.fr\/societes\/2014\/11\/23\/20005-20141123ARTFIG00079-grenoble-bannit-les-publicites-de-ses-rues.php<\/a><br \/>\n[2] http:\/\/antipub.org\/<br \/>\n[3] <a title=\"http:\/\/www.placegrenet.fr\/jacques-seguela-mefions-castrateurs-dimaginaire\/\" href=\"http:\/\/www.placegrenet.fr\/jacques-seguela-mefions-castrateurs-dimaginaire\/\" target=\"_blank\">http:\/\/www.placegrenet.fr\/jacques-seguela-mefions-castrateurs-dimaginaire\/<\/a><br \/>\n[4] <a title=\"http:\/\/www.liberation.fr\/debats\/2014\/11\/24\/jcdecaux-expulse-de-grenoble-une-decision-salutaire-et-subversive_1149817 \" href=\"http:\/\/www.liberation.fr\/debats\/2014\/11\/24\/jcdecaux-expulse-de-grenoble-une-decision-salutaire-et-subversive_1149817 \" target=\"_blank\">http:\/\/www.liberation.fr\/debats\/2014\/11\/24\/jcdecaux-expulse-de-grenoble-une-decision-salutaire-et-subversive_1149817 <\/a><\/p>\n","protected":false},"excerpt":{"rendered":"<p>Le dimanche 23 novembre 2014 la municipalit\u00e9 de Grenoble a annonc\u00e9 qu\u2019elle ne reconduirait pas le contrat pass\u00e9 avec l\u2019entreprise \u00ab\u00a0Decaux\u00a0\u00bb [1] [2]. La cons\u00e9quence: 326 panneaux publicitaires vont dispara\u00eetre <a class=\"more-link\" href=\"https:\/\/carfree.fr\/index.php\/2014\/11\/28\/moins-de-pub-moins-de-voitures\/\">Lire la suite&#8230;<\/a><\/p>\n","protected":false},"author":1387,"featured_media":34725,"comment_status":"open","ping_status":"closed","sticky":false,"template":"","format":"standard","meta":[],"categories":[73],"tags":[1652,84,333,347,86,38],"views":8310,"_links":{"self":[{"href":"https:\/\/carfree.fr\/index.php\/wp-json\/wp\/v2\/posts\/25736"}],"collection":[{"href":"https:\/\/carfree.fr\/index.php\/wp-json\/wp\/v2\/posts"}],"about":[{"href":"https:\/\/carfree.fr\/index.php\/wp-json\/wp\/v2\/types\/post"}],"author":[{"embeddable":true,"href":"https:\/\/carfree.fr\/index.php\/wp-json\/wp\/v2\/users\/1387"}],"replies":[{"embeddable":true,"href":"https:\/\/carfree.fr\/index.php\/wp-json\/wp\/v2\/comments?post=25736"}],"version-history":[{"count":0,"href":"https:\/\/carfree.fr\/index.php\/wp-json\/wp\/v2\/posts\/25736\/revisions"}],"wp:featuredmedia":[{"embeddable":true,"href":"https:\/\/carfree.fr\/index.php\/wp-json\/wp\/v2\/media\/34725"}],"wp:attachment":[{"href":"https:\/\/carfree.fr\/index.php\/wp-json\/wp\/v2\/media?parent=25736"}],"wp:term":[{"taxonomy":"category","embeddable":true,"href":"https:\/\/carfree.fr\/index.php\/wp-json\/wp\/v2\/categories?post=25736"},{"taxonomy":"post_tag","embeddable":true,"href":"https:\/\/carfree.fr\/index.php\/wp-json\/wp\/v2\/tags?post=25736"}],"curies":[{"name":"wp","href":"https:\/\/api.w.org\/{rel}","templated":true}]}}