{"id":2612,"date":"2009-04-15T13:37:08","date_gmt":"2009-04-15T12:37:08","guid":{"rendered":"http:\/\/carfree.fr\/?p=2612"},"modified":"2021-06-18T08:10:31","modified_gmt":"2021-06-18T07:10:31","slug":"des-pv-comme-des-vrais","status":"publish","type":"post","link":"https:\/\/carfree.fr\/index.php\/2009\/04\/15\/des-pv-comme-des-vrais\/","title":{"rendered":"Des PV comme des vrais"},"content":{"rendered":"<p><img decoding=\"async\" loading=\"lazy\" title=\"vrai-pv\" src=\"http:\/\/carfree.fr\/images\/vrai-pv.jpg\" alt=\"vrai-pv\" width=\"420\" height=\"200\" \/><\/p>\n<p>Suite \u00e0 de nombreuses remarques d\u2019usagers du v\u00e9lo sur Limoges, nous avons d\u00e9cid\u00e9 d\u2019\u00e9tablir de faux PV pour les automobilistes qui d\u00e9nigreraient l\u2019un des transports doux les moins polluant en CO2. <!--more--><\/p>\n<p>N\u2019h\u00e9sitez pas \u00e0 en distribuent sur les voitures et automobilistes qui :<\/p>\n<ul>\n<li>Stationnement sur le trottoir ou sur une piste cyclable<\/li>\n<li>Ne respectent pas les sas \u00e0 v\u00e9lo<\/li>\n<li>Vous d\u00e9passent  sans respecter la distance de 1 m en agglom\u00e9ration<\/li>\n<li>ont une attitude agressive<\/li>\n<\/ul>\n<p><a href=\"https:\/\/velivelo.files.wordpress.com\/2009\/04\/pv_20091.pdf\" rel=\"noopener\" target=\"_blank\">Voici le lien pour t\u00e9l\u00e9charger le PV au format pdf<\/a><br \/>\nSource: <a title=\"http:\/\/velivelo.wordpress.com\/\" href=\"http:\/\/velivelo.wordpress.com\/\" target=\"_blank\">http:\/\/velivelo.wordpress.com\/<\/a><\/p>\n","protected":false},"excerpt":{"rendered":"<p>Suite \u00e0 de nombreuses remarques d\u2019usagers du v\u00e9lo sur Limoges, nous avons d\u00e9cid\u00e9 d\u2019\u00e9tablir de faux PV pour les automobilistes qui d\u00e9nigreraient l\u2019un des transports doux les moins polluant en <a class=\"more-link\" href=\"https:\/\/carfree.fr\/index.php\/2009\/04\/15\/des-pv-comme-des-vrais\/\">Lire la suite&#8230;<\/a><\/p>\n","protected":false},"author":37,"featured_media":2613,"comment_status":"open","ping_status":"open","sticky":false,"template":"","format":"standard","meta":[],"categories":[72],"tags":[551,639,652,44,293,215,176,1666,237,1664],"views":24941,"_links":{"self":[{"href":"https:\/\/carfree.fr\/index.php\/wp-json\/wp\/v2\/posts\/2612"}],"collection":[{"href":"https:\/\/carfree.fr\/index.php\/wp-json\/wp\/v2\/posts"}],"about":[{"href":"https:\/\/carfree.fr\/index.php\/wp-json\/wp\/v2\/types\/post"}],"author":[{"embeddable":true,"href":"https:\/\/carfree.fr\/index.php\/wp-json\/wp\/v2\/users\/37"}],"replies":[{"embeddable":true,"href":"https:\/\/carfree.fr\/index.php\/wp-json\/wp\/v2\/comments?post=2612"}],"version-history":[{"count":0,"href":"https:\/\/carfree.fr\/index.php\/wp-json\/wp\/v2\/posts\/2612\/revisions"}],"wp:featuredmedia":[{"embeddable":true,"href":"https:\/\/carfree.fr\/index.php\/wp-json\/"}],"wp:attachment":[{"href":"https:\/\/carfree.fr\/index.php\/wp-json\/wp\/v2\/media?parent=2612"}],"wp:term":[{"taxonomy":"category","embeddable":true,"href":"https:\/\/carfree.fr\/index.php\/wp-json\/wp\/v2\/categories?post=2612"},{"taxonomy":"post_tag","embeddable":true,"href":"https:\/\/carfree.fr\/index.php\/wp-json\/wp\/v2\/tags?post=2612"}],"curies":[{"name":"wp","href":"https:\/\/api.w.org\/{rel}","templated":true}]}}