{"id":26187,"date":"2014-12-26T10:13:49","date_gmt":"2014-12-26T09:13:49","guid":{"rendered":"http:\/\/carfree.fr\/?p=26187"},"modified":"2016-05-17T09:04:24","modified_gmt":"2016-05-17T08:04:24","slug":"remix","status":"publish","type":"post","link":"https:\/\/carfree.fr\/index.php\/2014\/12\/26\/remix\/","title":{"rendered":"Remix"},"content":{"rendered":"<p><a href=\"http:\/\/carfree.fr\/index.php\/2012\/01\/12\/ecoute-petit-automobiliste\/\" rel=\"bookmark\">\u00c9coute, petit automobiliste !<\/a> Tu veux savoir sans doute <a href=\"http:\/\/carfree.fr\/index.php\/2011\/03\/23\/comment-devenir-millionnaire\/\" rel=\"bookmark\">comment devenir millionnaire ?<\/a> \u00c9videmment, je n&rsquo;ai pas la r\u00e9ponse mais je connais par contre <a href=\"http:\/\/carfree.fr\/index.php\/2012\/01\/27\/de-lutilite-du-glaviot-en-milieu-urbain-hostile\/\" rel=\"bookmark\">l\u2019utilit\u00e9 du glaviot en milieu urbain hostile<\/a>, un avant-go\u00fbt de la <a href=\"http:\/\/carfree.fr\/index.php\/2011\/05\/21\/theorie-de-lemmerdement-maximal\/\" rel=\"bookmark\">th\u00e9orie de l\u2019emmerdement maximal<\/a>. Si tu as le <a href=\"http:\/\/carfree.fr\/index.php\/2013\/03\/28\/cerveaulib\/\" rel=\"bookmark\">Cerveaulib\u2019<\/a> quelques instants, je peux m\u00eame t&rsquo;expliquer <a href=\"http:\/\/carfree.fr\/index.php\/2014\/02\/20\/pourquoi-nous-roulons-en-voiture\/\" rel=\"bookmark\">pourquoi nous roulons en voiture<\/a>. <!--more--><\/p>\n<p>Tout d&rsquo;abord, sais-tu <a href=\"http:\/\/carfree.fr\/index.php\/2011\/05\/18\/combien-coutent-les-routes\/\" rel=\"bookmark\">combien co\u00fbtent les routes<\/a> et <a title=\"http:\/\/carfree.fr\/index.php\/2010\/05\/31\/consequences-de-la-societe-de-lautomobile\/\" href=\"http:\/\/carfree.fr\/index.php\/2010\/05\/31\/consequences-de-la-societe-de-lautomobile\/\">quelles sont les cons\u00e9quences de la soci\u00e9t\u00e9 de l&rsquo;automobile<\/a>? Probablement non, car sinon tu pr\u00e9f\u00e9rerais sans doute <a href=\"http:\/\/carfree.fr\/index.php\/2014\/09\/24\/peut-on-imaginer-une-ville-sans-voitures\/\" rel=\"bookmark\">imaginer une ville sans voitures<\/a>. Sans parler d&rsquo;aller vivre \u00e0 <a title=\"http:\/\/carfree.fr\/index.php\/2008\/02\/02\/illichville-la-ville-sans-voitures\/\" href=\"http:\/\/carfree.fr\/index.php\/2008\/02\/02\/illichville-la-ville-sans-voitures\/\">Illichville <\/a>ou sur <a title=\"http:\/\/carfree.fr\/index.php\/2013\/11\/06\/un-livre-sur-les-iles-sans-voitures\/\" href=\"http:\/\/carfree.fr\/index.php\/2013\/11\/06\/un-livre-sur-les-iles-sans-voitures\/\">une \u00eele sans voitures<\/a>, tu prendrais peut-\u00eatre conscience que <a href=\"http:\/\/carfree.fr\/index.php\/2010\/03\/29\/lecologie-cest-serieux-bordel\/\" rel=\"bookmark\">l&rsquo;\u00e9cologie, c\u2019est s\u00e9rieux, bordel !<\/a><\/p>\n<p>Je sais, tu vas me dire, \u00e0 la suite de tous tes copains automobilistes, que <a href=\"http:\/\/carfree.fr\/index.php\/2010\/09\/30\/renault-sauve-la-planete\/\" rel=\"bookmark\">Renault sauve la plan\u00e8te,<\/a> que <a href=\"http:\/\/carfree.fr\/index.php\/2014\/10\/20\/la-voiture-electrique-socialiste\/\" rel=\"bookmark\">la voiture \u00e9lectrique socialiste<\/a> va nous apporter le bonheur d\u00e8s qu&rsquo;on touchera notre <a title=\"http:\/\/carfree.fr\/index.php\/2010\/03\/20\/prime-a-la-casse-de-la-planete\/\" href=\"http:\/\/carfree.fr\/index.php\/2010\/03\/20\/prime-a-la-casse-de-la-planete\/\">prime \u00e0 la casse de la plan\u00e8te<\/a>&#8230; <a href=\"http:\/\/carfree.fr\/index.php\/2010\/01\/21\/bande-dabrutis\/\" rel=\"bookmark\">Bande d\u2019abrutis !<\/a> Vous n&rsquo;avez pas compris que la bagnole se dirige tout droit <a href=\"http:\/\/carfree.fr\/index.php\/2013\/09\/06\/vers-lembouteillage-permanent\/\" rel=\"bookmark\">vers l\u2019embouteillage permanent<\/a> et qu&rsquo;il est d\u00e9sormais temps d&rsquo;en\u00a0<a href=\"http:\/\/carfree.fr\/index.php\/2011\/05\/10\/pour-en-finir-avec-la-3eme-guerre-mondiale\/\" rel=\"bookmark\">finir avec la 3\u00e8me Guerre Mondiale<\/a>. Sans m\u00eame parler de <a href=\"http:\/\/carfree.fr\/index.php\/2011\/03\/15\/lindecence-nucleaire-des-voitures-electriques\/\" rel=\"bookmark\">l&rsquo;ind\u00e9cence\u00ae nucl\u00e9aire des voitures \u00e9lectriques,<\/a> <a href=\"http:\/\/carfree.fr\/index.php\/2013\/09\/13\/passer-a-la-voiture-electrique-cest-comme-changer-de-marque-de-cigarettes\/\" rel=\"bookmark\">passer \u00e0 la voiture \u00e9lectrique, c\u2019est comme changer de marque de cigarettes<\/a>.<\/p>\n<p>Et ce n&rsquo;est pas <a title=\"http:\/\/carfree.fr\/index.php\/2010\/06\/25\/yann-arthus-bertrand-et-lautomobile-responsable\/\" href=\"http:\/\/carfree.fr\/index.php\/2010\/06\/25\/yann-arthus-bertrand-et-lautomobile-responsable\/\">Yann Arthus-Bertrand et son \u00ab\u00a0automobile responsable\u00a0\u00bb<\/a> qui va emp\u00eacher l&rsquo;automobile d&rsquo;\u00eatre la <a title=\"http:\/\/carfree.fr\/index.php\/2010\/06\/04\/automobile-la-vache-sacree-du-rechauffement-climatique\/\" href=\"http:\/\/carfree.fr\/index.php\/2010\/06\/04\/automobile-la-vache-sacree-du-rechauffement-climatique\/\">vache sacr\u00e9e du r\u00e9chauffement climatique<\/a>. Dans le m\u00eame ordre d&rsquo;id\u00e9es,<a title=\"http:\/\/carfree.fr\/index.php\/2010\/03\/17\/hulot-et-allegre-meme-combat\/\" href=\"http:\/\/carfree.fr\/index.php\/2010\/03\/17\/hulot-et-allegre-meme-combat\/\"> Hulot et All\u00e8gre, m\u00eame combat<\/a>!<\/p>\n<p>Je pense qu&rsquo;il faut militer d&rsquo;urgence <a href=\"http:\/\/carfree.fr\/index.php\/2014\/12\/04\/pour-la-decroissance-de-la-naivete\/\" rel=\"bookmark\">pour la d\u00e9croissance de la na\u00efvet\u00e9!<\/a> <a title=\"http:\/\/carfree.fr\/index.php\/2014\/12\/09\/ils-ont-donne-lespace-public-a-la-bagnole-electrique\/\" href=\"http:\/\/carfree.fr\/index.php\/2014\/12\/09\/ils-ont-donne-lespace-public-a-la-bagnole-electrique\/\">Ils ont d\u00e9j\u00e0 donn\u00e9 l\u2019espace public \u00e0 la bagnole \u00e9lectrique<\/a> et pourtant, <a href=\"http:\/\/carfree.fr\/index.php\/2013\/01\/08\/lechec-industriel-de-la-voiture-electrique\/\" rel=\"bookmark\">l&rsquo;\u00e9chec industriel de la voiture \u00e9lectrique<\/a> n&rsquo;est plus \u00e0 d\u00e9montrer. Et ce n&rsquo;est pas <a href=\"http:\/\/carfree.fr\/index.php\/2009\/01\/20\/la-voiture-a-air-comprime-qui-nen-finit-plus-darriver\/\" rel=\"bookmark\">la voiture \u00e0 air comprim\u00e9 qui n\u2019en finit plus d\u2019arriver<\/a> qui va nous sauver&#8230;<\/p>\n<p>Par ailleurs, non seulement <a href=\"http:\/\/carfree.fr\/index.php\/2008\/02\/02\/lautomobile-detruit-la-planete\/\" rel=\"bookmark\">l&rsquo;automobile d\u00e9truit la plan\u00e8te<\/a>, mais <a href=\"http:\/\/carfree.fr\/index.php\/2011\/02\/28\/les-automobilistes-aiment-les-dictateurs\/\" rel=\"bookmark\">les automobilistes aiment les dictateurs<\/a>. <a href=\"http:\/\/carfree.fr\/index.php\/2010\/02\/19\/automobilistes-automobilisez-vous\/\" rel=\"bookmark\">Automobilistes, automobilisez-vous !<\/a>\u00a0 Organisez une grande <a href=\"http:\/\/carfree.fr\/index.php\/2012\/06\/01\/fete-de-la-voiture\/\" rel=\"bookmark\">f\u00eate de la voiture<\/a> sur la <a href=\"http:\/\/carfree.fr\/index.php\/2013\/11\/22\/scene-de-crime\/\" rel=\"bookmark\">sc\u00e8ne de crime<\/a> et lancez des d\u00e9bats amusants du genre \u00ab\u00a0<a href=\"http:\/\/carfree.fr\/index.php\/2014\/04\/08\/faut-il-supprimer-les-trottoirs\/\" rel=\"bookmark\">faut-il supprimer les trottoirs ?<\/a>\u00a0\u00bb<\/p>\n<p>M\u00eame <a href=\"http:\/\/carfree.fr\/index.php\/2010\/05\/06\/les-deputes-ump-sont-des-imbeciles\/\" rel=\"bookmark\">les d\u00e9put\u00e9s UMP sont des imb\u00e9ciles<\/a>, il para\u00eet qu&rsquo;ils veulent <a href=\"http:\/\/carfree.fr\/index.php\/2014\/04\/18\/boycotter-lecologie-ennemi-numero-un-de-la-survie-de-notre-civilisation\/\" rel=\"bookmark\">boycotter l\u2019\u00e9cologie, \u00ab\u00a0ennemi num\u00e9ro un de la survie de notre civilisation\u00a0\u00bb<\/a>. Selon eux, <a title=\"http:\/\/carfree.fr\/index.php\/2010\/07\/08\/lecologie-ca-commence-a-bien-faire\/\" href=\"http:\/\/carfree.fr\/index.php\/2010\/07\/08\/lecologie-ca-commence-a-bien-faire\/\">l\u2019\u00e9cologie, \u00e7a commence \u00e0 bien faire<\/a>, mais il faut dire qu&rsquo;ils ont du <a title=\"http:\/\/carfree.fr\/index.php\/2010\/06\/12\/du-plomb-dans-laile-et-dans-la-cervelle\/\" href=\"http:\/\/carfree.fr\/index.php\/2010\/06\/12\/du-plomb-dans-laile-et-dans-la-cervelle\/\">plomb dans l&rsquo;aile et dans la cervelle<\/a>, surtout quand ils mettent <a title=\"http:\/\/carfree.fr\/index.php\/2010\/11\/15\/nathalie-kosciusko-morizet-une-cloche-a-lecologie\/\" href=\"http:\/\/carfree.fr\/index.php\/2010\/11\/15\/nathalie-kosciusko-morizet-une-cloche-a-lecologie\/\">une cloche \u00e0 l&rsquo;\u00e9cologie<\/a>.<\/p>\n<p><a href=\"http:\/\/carfree.fr\/index.php\/2013\/09\/24\/nicholas-georgescu-roegen-et-lautomobile\/\" rel=\"bookmark\">Nicholas Georgescu-Roegen<\/a> leur aurait dit que ce sont des <a href=\"http:\/\/carfree.fr\/index.php\/2014\/11\/27\/les-bisounours-de-la-pollution-automobile\/\" rel=\"bookmark\">Bisounours de la pollution automobile<\/a>. Non s\u00e9rieux, <a href=\"http:\/\/carfree.fr\/index.php\/2014\/10\/08\/la-bagnole-un-truc-de-vieux\/\" rel=\"bookmark\">la bagnole est vraiment un truc de vieux !<\/a> C&rsquo;est m\u00eame tellement minable qu&rsquo;on construit d\u00e9sormais des <a href=\"http:\/\/carfree.fr\/index.php\/2014\/01\/23\/les-voitures-invisibles\/\" rel=\"bookmark\">voitures invisibles<\/a> pour mieux les cacher.<\/p>\n<p><a href=\"http:\/\/carfree.fr\/index.php\/2014\/05\/16\/la-guerre-des-modes\/\" rel=\"bookmark\">La guerre des modes<\/a> n&rsquo;aura donc peut-\u00eatre pas lieu, vu que l<a href=\"http:\/\/carfree.fr\/index.php\/2012\/07\/18\/le-paradoxe-de-braess\/\" rel=\"bookmark\">e paradoxe de Braess<\/a> nous m\u00e8ne tout droit au <a href=\"http:\/\/carfree.fr\/index.php\/2012\/09\/13\/carmageddon\/\" rel=\"bookmark\">Carmageddon<\/a>. <a href=\"http:\/\/carfree.fr\/index.php\/2013\/10\/01\/les-affres-de-la-circulation\/\" rel=\"bookmark\">Les affres de la circulation<\/a> nous am\u00e8nent \u00e0 r\u00e9fl\u00e9chir au parall\u00e8le entre <a title=\"http:\/\/carfree.fr\/index.php\/2012\/07\/12\/nazisme-communisme-et-automobilisme\/\" href=\"http:\/\/carfree.fr\/index.php\/2012\/07\/12\/nazisme-communisme-et-automobilisme\/\">nazisme, communisme et automobilisme<\/a>. Qui poss\u00e8dera <a href=\"http:\/\/carfree.fr\/index.php\/2012\/11\/02\/la-derniere-voiture\/\" rel=\"bookmark\">la derni\u00e8re voiture<\/a>? Car ce n&rsquo;est pas <a href=\"http:\/\/carfree.fr\/index.php\/2011\/06\/09\/la-voiture-volante\/\" rel=\"bookmark\">la voiture volante<\/a> ou <a href=\"http:\/\/carfree.fr\/index.php\/2011\/09\/16\/les-carburants-du-futur\/\" rel=\"bookmark\">les carburants du futur<\/a> qui vont nous sauver.<\/p>\n<p>D\u00e8s lors, <a title=\"http:\/\/carfree.fr\/index.php\/2010\/06\/18\/supprimons-la-voiture-tout-simplement\/\" href=\"http:\/\/carfree.fr\/index.php\/2010\/06\/18\/supprimons-la-voiture-tout-simplement\/\">supprimons la voiture, tout simplement<\/a>. Et <a href=\"http:\/\/carfree.fr\/index.php\/2011\/09\/20\/detruire-les-autoroutes-un-projet-davenir\/\" rel=\"bookmark\">d\u00e9truire les autoroutes est-il un projet d\u2019avenir?<\/a> <a href=\"http:\/\/carfree.fr\/index.php\/2008\/01\/12\/supprimons-les-autoroutes-urbaines\/\" rel=\"bookmark\">Supprimons d\u00e9j\u00e0 les autoroutes urbaines<\/a> pour commencer, ce qui permettra peut-\u00eatre de r\u00e9soudre <a href=\"http:\/\/carfree.fr\/index.php\/2014\/09\/08\/le-casse-tete-de-letalement-urbain\/\" rel=\"bookmark\">le casse-t\u00eate de l\u2019\u00e9talement urbain<\/a>, tout en d\u00e9veloppant de v\u00e9ritables <a title=\"http:\/\/carfree.fr\/index.php\/2009\/10\/12\/les-autoroutes-du-futur\/\" href=\"http:\/\/carfree.fr\/index.php\/2009\/10\/12\/les-autoroutes-du-futur\/\">autoroutes du futur<\/a>. Et les <a href=\"http:\/\/carfree.fr\/index.php\/2014\/01\/14\/quartiers-sans-voitures-cest-pour-quand\/\" rel=\"bookmark\">quartiers sans voitures: c\u2019est pour quand?<\/a> Vite, \u00e7a urge car on n&rsquo;a pas encore trouv\u00e9 le <a title=\"http:\/\/carfree.fr\/index.php\/2010\/03\/01\/kit-de-reparation-de-letalement-urbain\/\" href=\"http:\/\/carfree.fr\/index.php\/2010\/03\/01\/kit-de-reparation-de-letalement-urbain\/\">kit de r\u00e9paration de l&rsquo;\u00e9talement urbain <\/a>et on peut donc se demander <a href=\"http:\/\/carfree.fr\/index.php\/2010\/02\/25\/quel-avenir-pour-les-lotissements-periurbains\/\" rel=\"bookmark\">quel est l&rsquo;avenir des lotissements p\u00e9riurbains?<\/a> <a title=\"http:\/\/carfree.fr\/index.php\/2010\/02\/11\/halte-a-la-france-moche\/\" href=\"http:\/\/carfree.fr\/index.php\/2010\/02\/11\/halte-a-la-france-moche\/\">Halte \u00e0 la France moche<\/a> et pas d&rsquo;<a href=\"http:\/\/carfree.fr\/index.php\/2014\/11\/07\/images-non-contractuelles\/\" rel=\"bookmark\">images non contractuelles<\/a>, SVP!<\/p>\n<p>Heureusement, il y aura <a title=\"http:\/\/carfree.fr\/index.php\/2008\/06\/25\/le-velo-dans-un-monde-post-petrole\/\" href=\"http:\/\/carfree.fr\/index.php\/2008\/06\/25\/le-velo-dans-un-monde-post-petrole\/\">le v\u00e9lo dans un monde post-p\u00e9trole<\/a>. M\u00eame si <a href=\"http:\/\/carfree.fr\/index.php\/2013\/10\/04\/je-deteste-les-cyclistes\/\" rel=\"bookmark\">je d\u00e9teste les cyclistes<\/a> et si certains disent que <a href=\"http:\/\/carfree.fr\/index.php\/2014\/01\/29\/le-velo-coute-cher\/\" rel=\"bookmark\">le v\u00e9lo co\u00fbte cher<\/a>, je reste persuad\u00e9 qu&rsquo;il faut cr\u00e9er un grand <a href=\"http:\/\/carfree.fr\/index.php\/2011\/11\/29\/le-parti-du-velo\/\" rel=\"bookmark\">Parti Du V\u00e9lo<\/a>. Comme le disait Bob Marley, <a href=\"http:\/\/carfree.fr\/index.php\/2012\/09\/27\/cycliste-bats-toi-pour-tes-droits\/\" rel=\"bookmark\">cycliste, bats-toi pour tes droits !<\/a> Sans aller jusqu&rsquo;\u00e0 parler de <a href=\"http:\/\/carfree.fr\/index.php\/2012\/11\/26\/lethique-protestante-et-lesprit-du-velo\/\" rel=\"bookmark\">l&rsquo;\u00e9thique protestante et de l\u2019esprit du v\u00e9lo,<\/a> prends-ton <a href=\"http:\/\/carfree.fr\/index.php\/2014\/01\/17\/velo-de-courses\/\" rel=\"bookmark\">v\u00e9lo de courses<\/a> et demandes-toi <a href=\"http:\/\/carfree.fr\/index.php\/2011\/11\/18\/quelle-est-la-vitesse-dun-economiste-a-vol-doiseau\/\" rel=\"bookmark\">quelle est la vitesse d\u2019un \u00e9conomiste \u00e0 vol d\u2019oiseau?<\/a> <a href=\"http:\/\/carfree.fr\/index.php\/2014\/05\/08\/pour-en-finir-avec-le-casque-velo\/\" rel=\"bookmark\">Pour en finir avec le casque v\u00e9lo<\/a>, passons d\u00e8s \u00e0 pr\u00e9sent \u00e0 la soci\u00e9t\u00e9 de la\u00a0<a href=\"http:\/\/carfree.fr\/index.php\/2013\/12\/21\/velogistique\/\" rel=\"bookmark\">v\u00e9logistique<\/a>.<\/p>\n<p><a href=\"http:\/\/carfree.fr\/index.php\/2013\/12\/17\/on-commence-quand\/\" rel=\"bookmark\">On commence quand ?<\/a> Pas avant d&rsquo;avoir mis en place <a href=\"http:\/\/carfree.fr\/index.php\/2014\/04\/03\/la-gratuite-des-transports-en-commun\/\" rel=\"bookmark\">la gratuit\u00e9 des transports en commun<\/a>. Comme le dit <a title=\"http:\/\/carfree.fr\/index.php\/2012\/06\/04\/portrait-officiel-du-president-hollande\/\" href=\"http:\/\/carfree.fr\/index.php\/2012\/06\/04\/portrait-officiel-du-president-hollande\/\">Fran\u00e7ois Hollande<\/a>, <a href=\"http:\/\/carfree.fr\/index.php\/2014\/10\/29\/le-tournant-des-transports-publics\/\" rel=\"bookmark\">le tournant des transports publics<\/a>, c&rsquo;est maintenant! Malgr\u00e9 ce que disent <a href=\"http:\/\/carfree.fr\/index.php\/2014\/04\/11\/les-opposants-a-la-gratuite\/\" rel=\"bookmark\">les opposants \u00e0 la gratuit\u00e9<\/a>, seule <a href=\"http:\/\/carfree.fr\/index.php\/2014\/04\/23\/la-gratuite-pour-changer-de-modele-de-transport\/\" rel=\"bookmark\">la gratuit\u00e9 peut nous permettre de changer de mod\u00e8le de transport<\/a>.<\/p>\n","protected":false},"excerpt":{"rendered":"<p>\u00c9coute, petit automobiliste ! Tu veux savoir sans doute comment devenir millionnaire ? \u00c9videmment, je n&rsquo;ai pas la r\u00e9ponse mais je connais par contre l\u2019utilit\u00e9 du glaviot en milieu urbain <a class=\"more-link\" href=\"https:\/\/carfree.fr\/index.php\/2014\/12\/26\/remix\/\">Lire la suite&#8230;<\/a><\/p>\n","protected":false},"author":18,"featured_media":34095,"comment_status":"open","ping_status":"closed","sticky":false,"template":"","format":"standard","meta":[],"categories":[4,127,73,72,70],"tags":[1709,128,11,846,1667],"views":8972,"_links":{"self":[{"href":"https:\/\/carfree.fr\/index.php\/wp-json\/wp\/v2\/posts\/26187"}],"collection":[{"href":"https:\/\/carfree.fr\/index.php\/wp-json\/wp\/v2\/posts"}],"about":[{"href":"https:\/\/carfree.fr\/index.php\/wp-json\/wp\/v2\/types\/post"}],"author":[{"embeddable":true,"href":"https:\/\/carfree.fr\/index.php\/wp-json\/wp\/v2\/users\/18"}],"replies":[{"embeddable":true,"href":"https:\/\/carfree.fr\/index.php\/wp-json\/wp\/v2\/comments?post=26187"}],"version-history":[{"count":0,"href":"https:\/\/carfree.fr\/index.php\/wp-json\/wp\/v2\/posts\/26187\/revisions"}],"wp:featuredmedia":[{"embeddable":true,"href":"https:\/\/carfree.fr\/index.php\/wp-json\/wp\/v2\/media\/34095"}],"wp:attachment":[{"href":"https:\/\/carfree.fr\/index.php\/wp-json\/wp\/v2\/media?parent=26187"}],"wp:term":[{"taxonomy":"category","embeddable":true,"href":"https:\/\/carfree.fr\/index.php\/wp-json\/wp\/v2\/categories?post=26187"},{"taxonomy":"post_tag","embeddable":true,"href":"https:\/\/carfree.fr\/index.php\/wp-json\/wp\/v2\/tags?post=26187"}],"curies":[{"name":"wp","href":"https:\/\/api.w.org\/{rel}","templated":true}]}}