{"id":26649,"date":"2014-12-29T10:23:37","date_gmt":"2014-12-29T09:23:37","guid":{"rendered":"http:\/\/carfree.fr\/?p=26649"},"modified":"2021-09-22T12:57:02","modified_gmt":"2021-09-22T11:57:02","slug":"troisieme-conference-annuelle-du-velo-hivernal-aux-pays-bas","status":"publish","type":"post","link":"https:\/\/carfree.fr\/index.php\/2014\/12\/29\/troisieme-conference-annuelle-du-velo-hivernal-aux-pays-bas\/","title":{"rendered":"Troisi\u00e8me conf\u00e9rence annuelle du v\u00e9lo hivernal aux Pays-Bas"},"content":{"rendered":"<p>La troisi\u00e8me conf\u00e9rence annuelle de la \u00ab <a class=\"urllink\" href=\"http:\/\/www.wintercycling.org\/\" target=\"_blank\" rel=\"noopener\">Winter Cycling Federation<\/a> \u00bb (WCF) aura lieu du 10 au 12 f\u00e9vrier prochain \u00e0 Leeuwarden, dans le nord des Pays-Bas. On s\u2019y penchera sur les recherches r\u00e9centes traitant des enjeux soulev\u00e9s par la pratique du v\u00e9lo hivernal, sur les exp\u00e9riences de diff\u00e9rentes communes ou r\u00e9gions, sur les meilleures pratiques d\u00e9velopp\u00e9es dans le monde. <!--more--><\/p>\n<p><img decoding=\"async\" loading=\"lazy\" class=\"size-full wp-image-26651 alignright\" src=\"http:\/\/carfree.fr\/img\/2014\/12\/WCF.jpg\" alt=\"WCF\" width=\"265\" height=\"259\" \/><br \/>\nLa WCF a \u00e9t\u00e9 fond\u00e9e en Finlande, en 2013, dans la foul\u00e9e de la premi\u00e8re conf\u00e9rence internationale sur le v\u00e9lo hivernal. La f\u00e9d\u00e9ration veut essentiellement assurer la promotion du v\u00e9lo hivernal dans le monde en ciblant les enjeux sp\u00e9cifiques \u00e0 cette saison.<\/p>\n<p>La f\u00e9d\u00e9ration cherche \u00e0 d\u00e9mystifier le v\u00e9lo hivernal (non ce ne sont pas des illumin\u00e9s) et \u00e0 assurer le d\u00e9veloppement, le partage, la diffusion de l\u2019expertise. \u00c0 ces fins, elle organise des \u00e9v\u00e8nements telle cette conf\u00e9rence annuelle.<\/p>\n<p>Sur le <a class=\"urllink\" href=\"http:\/\/www.wintercycling.org\/\" target=\"_blank\" rel=\"noopener\">site de la WCF<\/a>, on trouve des informations sur la conf\u00e9rence \u00e0 venir et aussi sur les conf\u00e9rences ant\u00e9rieures : programmes, conf\u00e9renciers, pr\u00e9sentations \u00ab powerpoint \u00bb.<\/p>\n<p>La conf\u00e9rence de f\u00e9vrier 2014 s\u2019est tenue \u00e0 Winnipeg, capitale de la province du Manitoba au centre du Canada. Cette ville a \u00e9t\u00e9, en 2013\u201314, la ville la plus froide du monde hors cercle arctique: une moyenne de \u221220 degr\u00e9s Celsius de d\u00e9cembre \u00e0 f\u00e9vrier!<\/p>\n<p>La conf\u00e9rence a \u00e9t\u00e9 pr\u00e9c\u00e9d\u00e9e d\u2019une journ\u00e9e de formation sur la planification et le design des infrastructures v\u00e9lo. Plusieurs conf\u00e9renciers ont trait\u00e9 des meilleures pratiques d\u2019am\u00e9nagement dans diff\u00e9rents contextes climatiques, des questions d\u2019entretien hivernal, des enjeux de s\u00e9curit\u00e9, de sant\u00e9, d\u2019\u00e9quipement, de politiques relatives aux jeunes et aux \u00e9coles, etc.<\/p>\n<p>Nombre de ces conf\u00e9rences traitent de lieux o\u00f9 les hivers sont rigoureux mais aussi de contextes qui s\u2019approchent de la situation belge: routes glissantes, obscurit\u00e9, froid, vent et humidit\u00e9, neige.<\/p>\n<p>De quoi se former ou s\u2019informer pour mieux agir. Pour les associations de cyclistes bien s\u00fbr mais certainement aussi pour les responsables des politiques et infrastructures dans les communes ou r\u00e9gions!<\/p>\n<p>En f\u00e9vrier 2015 donc&#8230; \u00e0 vos v\u00e9los!<\/p>\n<p>Marcel Pepin<\/p>\n<p>Document issu du site internet du GRACQ &#8211; Les Cyclistes Quotidiens ASBL &#8211; <a class=\"urllink\" href=\"http:\/\/www.gracq.org\" target=\"_blank\" rel=\"nofollow noopener\">www.gracq.org<\/a> &#8211; Les droits de reproduction sont r\u00e9serv\u00e9s et limit\u00e9s<\/p>\n","protected":false},"excerpt":{"rendered":"<p>La troisi\u00e8me conf\u00e9rence annuelle de la \u00ab Winter Cycling Federation \u00bb (WCF) aura lieu du 10 au 12 f\u00e9vrier prochain \u00e0 Leeuwarden, dans le nord des Pays-Bas. On s\u2019y penchera <a class=\"more-link\" href=\"https:\/\/carfree.fr\/index.php\/2014\/12\/29\/troisieme-conference-annuelle-du-velo-hivernal-aux-pays-bas\/\">Lire la suite&#8230;<\/a><\/p>\n","protected":false},"author":457,"featured_media":34183,"comment_status":"open","ping_status":"closed","sticky":false,"template":"","format":"standard","meta":[],"categories":[4,7],"tags":[1652,171,96,646,721,88,1664,1289],"views":7301,"_links":{"self":[{"href":"https:\/\/carfree.fr\/index.php\/wp-json\/wp\/v2\/posts\/26649"}],"collection":[{"href":"https:\/\/carfree.fr\/index.php\/wp-json\/wp\/v2\/posts"}],"about":[{"href":"https:\/\/carfree.fr\/index.php\/wp-json\/wp\/v2\/types\/post"}],"author":[{"embeddable":true,"href":"https:\/\/carfree.fr\/index.php\/wp-json\/wp\/v2\/users\/457"}],"replies":[{"embeddable":true,"href":"https:\/\/carfree.fr\/index.php\/wp-json\/wp\/v2\/comments?post=26649"}],"version-history":[{"count":0,"href":"https:\/\/carfree.fr\/index.php\/wp-json\/wp\/v2\/posts\/26649\/revisions"}],"wp:featuredmedia":[{"embeddable":true,"href":"https:\/\/carfree.fr\/index.php\/wp-json\/wp\/v2\/media\/34183"}],"wp:attachment":[{"href":"https:\/\/carfree.fr\/index.php\/wp-json\/wp\/v2\/media?parent=26649"}],"wp:term":[{"taxonomy":"category","embeddable":true,"href":"https:\/\/carfree.fr\/index.php\/wp-json\/wp\/v2\/categories?post=26649"},{"taxonomy":"post_tag","embeddable":true,"href":"https:\/\/carfree.fr\/index.php\/wp-json\/wp\/v2\/tags?post=26649"}],"curies":[{"name":"wp","href":"https:\/\/api.w.org\/{rel}","templated":true}]}}