{"id":27015,"date":"2015-02-04T07:56:31","date_gmt":"2015-02-04T06:56:31","guid":{"rendered":"http:\/\/carfree.fr\/?p=27015"},"modified":"2023-03-09T15:06:59","modified_gmt":"2023-03-09T14:06:59","slug":"avis-de-classement","status":"publish","type":"post","link":"https:\/\/carfree.fr\/index.php\/2015\/02\/04\/avis-de-classement\/","title":{"rendered":"Avis de classement"},"content":{"rendered":"<p>Septembre 2013, un bus rentrait dans l\u2019arri\u00e8re train de notre tandem volontairement (<a href=\"http:\/\/carfree.fr\/index.php\/2013\/10\/02\/toulon-un-bus-fonce-sur-des-cyclistes\/\">voir article<\/a>). Nous avions port\u00e9 plainte. Un petit retour sur l\u2019inint\u00e9r\u00eat de la justice et de la police sur la violence routi\u00e8re. <!--more--><\/p>\n<p>Un an apr\u00e8s, la police de Toulon me t\u00e9l\u00e9phone, et je vais essayer d\u2019en retranscrire le contenu qui\u00a0 fut consternant.<\/p>\n<p>\u00ab\u00a0Bonjour, je vous appelle au sujet de votre plainte contre un chauffeur de bus. Je voudrais savoir si vous maintenez votre plainte\u00a0?<\/p>\n<ul>\n<li>Oui, bien s\u00fbr, pourquoi\u00a0?<\/li>\n<li>Etant donn\u00e9 que nous n\u2019avons que la ligne de bus et l\u2019horaire, il va \u00eatre difficile de l\u2019identifier.<\/li>\n<li>Je vous donne son nom, Richard Q., la plainte a \u00e9t\u00e9 d\u00e9pos\u00e9e contre lui\u00a0!<\/li>\n<li>Pourquoi voulez-vous maintenir votre plainte, pour r\u00e9cup\u00e9rer de l\u2019argent\u00a0?<\/li>\n<li>Non, j\u2019ai \u00e9t\u00e9 rembours\u00e9 par l\u2019assurance. J\u2019ai subi une agression, il me semble dangereux de laisser ce genre de personne agir de cette fa\u00e7on impun\u00e9ment, je ne souhaite pas que ce genre de situation se reproduise, ni sur moi, ni sur quelqu\u2019un d\u2019autre.<\/li>\n<li>Tr\u00e8s bien, on maintient la plainte et nous allons l\u2019auditionner.<\/li>\n<li>J\u2019avais demand\u00e9 lors de ma plainte que la vid\u00e9o soit conserv\u00e9e.<\/li>\n<li>On ne l\u2019a plus, mais de toute fa\u00e7on monsieur, la vid\u00e9o ne sert \u00e0 rien.<\/li>\n<\/ul>\n<p>&nbsp;<\/p>\n<p>D\u00e9j\u00e0, la police avait rechign\u00e9 \u00e0 prendre cette plainte, ensuite elle souhaite que je la retire sous un faux pr\u00e9texte. Il semble difficile pour la police de retrouver une personne en ayant son nom, son employeur, ses horaires, et on trouve m\u00eame ses coordonn\u00e9es gr\u00e2ce \u00e0 google.<\/p>\n<p>Il a d\u00e9j\u00e0 \u00e9t\u00e9 d\u00e9montr\u00e9 que les vid\u00e9os de surveillance ne servent \u00e0 rien dans la lutte contre la d\u00e9linquance, mais c\u2019est tellement plus agr\u00e9able de se l\u2019entendre dire par la police, qui m\u2019a surpris de sa franchise.<\/p>\n<p>Ensuite, silence total jusqu\u2019\u00e0 une lettre d\u00e9but janvier du tribunal de grande instance qui me fait part du classement de l\u2019affaire car les preuves ne sont pas suffisantes. Il est \u00e9vident que lorsqu\u2019on ne trouve pas le nom inscrit dans le haut de la plainte, il doit \u00eatre difficile de trouver des preuves. De l\u00e0 \u00e0 parler d\u2019incomp\u00e9tence. Mais pour avoir des preuves, encore faut-il les chercher ou du moins ne pas les effacer. La police pr\u00e9f\u00e8re fermer les yeux sur la violence routi\u00e8re. Pourquoi\u00a0? Souhaite-elle diminuer sa charge de travail\u00a0? Les policiers voient-ils leur propre reflet dans un chauffard qui joue du pare-choc sur un v\u00e9lo\u00a0? Serions-nous pour eux que des \u00e9colos (ou djihadistes verts) \u00e0 v\u00e9lo qui les emmerdent\u00a0?<\/p>\n<p>La justice, pour sa part est bien contente de classer une petite affaire de violence routi\u00e8re qui encombre son bureau.<\/p>\n<p>Le message des autorit\u00e9s aux cyclistes est clair\u00a0: sur la route, c\u2019est la loi du plus fort. Vous vous obstinez \u00e0 vous d\u00e9placer sur votre engin d\u00e9pass\u00e9, ne venez pas vous plaindre d\u2019\u00eatre mort.<\/p>\n<p><em>Image: C\u00e9sar, Compression de v\u00e9lo, 1990, 100x75x90cm.<\/em><\/p>\n","protected":false},"excerpt":{"rendered":"<p>Septembre 2013, un bus rentrait dans l\u2019arri\u00e8re train de notre tandem volontairement (voir article). Nous avions port\u00e9 plainte. Un petit retour sur l\u2019inint\u00e9r\u00eat de la justice et de la police <a class=\"more-link\" href=\"https:\/\/carfree.fr\/index.php\/2015\/02\/04\/avis-de-classement\/\">Lire la suite&#8230;<\/a><\/p>\n","protected":false},"author":1555,"featured_media":33417,"comment_status":"open","ping_status":"closed","sticky":false,"template":"","format":"standard","meta":[],"categories":[4,1038,8,7],"tags":[1652,247,646,178,753,574,1664],"views":9207,"_links":{"self":[{"href":"https:\/\/carfree.fr\/index.php\/wp-json\/wp\/v2\/posts\/27015"}],"collection":[{"href":"https:\/\/carfree.fr\/index.php\/wp-json\/wp\/v2\/posts"}],"about":[{"href":"https:\/\/carfree.fr\/index.php\/wp-json\/wp\/v2\/types\/post"}],"author":[{"embeddable":true,"href":"https:\/\/carfree.fr\/index.php\/wp-json\/wp\/v2\/users\/1555"}],"replies":[{"embeddable":true,"href":"https:\/\/carfree.fr\/index.php\/wp-json\/wp\/v2\/comments?post=27015"}],"version-history":[{"count":0,"href":"https:\/\/carfree.fr\/index.php\/wp-json\/wp\/v2\/posts\/27015\/revisions"}],"wp:featuredmedia":[{"embeddable":true,"href":"https:\/\/carfree.fr\/index.php\/wp-json\/wp\/v2\/media\/33417"}],"wp:attachment":[{"href":"https:\/\/carfree.fr\/index.php\/wp-json\/wp\/v2\/media?parent=27015"}],"wp:term":[{"taxonomy":"category","embeddable":true,"href":"https:\/\/carfree.fr\/index.php\/wp-json\/wp\/v2\/categories?post=27015"},{"taxonomy":"post_tag","embeddable":true,"href":"https:\/\/carfree.fr\/index.php\/wp-json\/wp\/v2\/tags?post=27015"}],"curies":[{"name":"wp","href":"https:\/\/api.w.org\/{rel}","templated":true}]}}