{"id":27049,"date":"2015-02-19T08:51:00","date_gmt":"2015-02-19T07:51:00","guid":{"rendered":"http:\/\/carfree.fr\/?p=27049"},"modified":"2023-03-27T09:25:51","modified_gmt":"2023-03-27T08:25:51","slug":"campagne-nationale-pour-le-port-du-scaphandre-a-velo","status":"publish","type":"post","link":"https:\/\/carfree.fr\/index.php\/2015\/02\/19\/campagne-nationale-pour-le-port-du-scaphandre-a-velo\/","title":{"rendered":"Campagne nationale pour le port du scaphandre \u00e0 v\u00e9lo"},"content":{"rendered":"<p>L&rsquo;association automobile \u00ab\u00a040 millions de Pollueurs\u00a0\u00bb, le Comit\u00e9 des Constructeurs Fran\u00e7ais de Bagnoles, le magazine automobile \u00ab\u00a0Auto-Minus\u00a0\u00bb, l&rsquo;Organisme officiel de l&rsquo;Ins\u00e9curit\u00e9 Routi\u00e8re et le Lobby Anti-V\u00e9lo lancent une grande campagne nationale pour le port du scaphandre \u00e0 v\u00e9lo. <!--more--><\/p>\n<p>Comme chacun le sait, le v\u00e9lo tue massivement en France. Cette arme de destruction massive mise dans les mains de cyclistes irresponsables provoque chaque ann\u00e9e une h\u00e9catombe routi\u00e8re. La pr\u00e9sence des cyclistes sur les routes met en danger les automobilistes qui ont peur de les \u00e9crabouiller et d&rsquo;\u00e9coper ainsi d&rsquo;une lourde peine de prison de un \u00e0 trois mois avec sursis, sans compter un \u00e9ventuel retrait de points du permis de conduire qui les obligerait \u00e0 r\u00e9aliser un stage de r\u00e9cup\u00e9ration de points.<\/p>\n<p>Les automobilistes sont exc\u00e9d\u00e9s par cette pr\u00e9sence inopin\u00e9e d&rsquo;individus \u00e0 v\u00e9lo qui osent circuler dans le trafic sans une carrosserie m\u00e9tallique adapt\u00e9e. Si certains cyclistes portent bien un casque v\u00e9lo suivant en cela les recommandations du lobby automobile, il est d\u00e9sormais temps d&rsquo;aller plus loin et d&rsquo;imposer le port obligatoire du scaphandre int\u00e9gral \u00e0 v\u00e9lo.<\/p>\n<p>Le magazine \u00ab\u00a0Auto-Minus\u00a0\u00bb a r\u00e9alis\u00e9 un banc d&rsquo;essai de scaphandres d&rsquo;astronautes et en conclut que le mod\u00e8le de la NASA \u00e0 122.000 euros pi\u00e8ce garantit une survie du cycliste dans 12,14% des cas \u00ab\u00a0<em>quand on lui fonce dessus avec un 4&#215;4.<\/em>\u00a0\u00bb Le journaliste d&rsquo;Auto-Minus fait \u00e9galement remarquer qu&rsquo;un scaphandre aurait l&rsquo;avantage de retenir la sueur du cycliste \u00e0 l&rsquo;int\u00e9rieur \u00ab\u00a0<em>afin de ne pas imposer d&rsquo;odeurs naus\u00e9abondes et dangereuses aux automobilistes.<\/em>\u00a0\u00bb<\/p>\n<p>Avec un scaphandre homologu\u00e9 de type combinaison d&rsquo;astronaute, les cyclistes b\u00e9n\u00e9ficieront ainsi d&rsquo;une double protection: une protection corporelle int\u00e9grale en Kevlar issue des derni\u00e8res recherches technologiques de la NASA et la fourniture d&rsquo;oxyg\u00e8ne en cycle ferm\u00e9 afin de ne pas mourir du fait des \u00e9missions de particules fines du Diesel.<\/p>\n<p><img decoding=\"async\" loading=\"lazy\" class=\"alignnone size-full wp-image-27052\" src=\"http:\/\/carfree.fr\/img\/2015\/02\/campagne-nationale-pour-le-port-du-scaphandre-a-velo.jpg\" alt=\"campagne-nationale-pour-le-port-du-scaphandre-a-velo\" width=\"600\" height=\"424\" \/><\/p>\n<p>Les diff\u00e9rentes associations de d\u00e9fense des automobilistes se soucient en effet de la sant\u00e9 des cyclistes et pensent que le port du scaphandre peut \u00eatre une solution int\u00e9ressante pour lutter contre les \u00e9missions mortelles des moteurs Diesel. Selon Jean-Paul Bagnoleau, directeur du Comit\u00e9 des Constructeurs Fran\u00e7ais de Bagnoles, \u00ab\u00a0<em>la pr\u00e9sence de cyclistes non prot\u00e9g\u00e9s sur la voie publique culpabilise les automobilistes, en particulier les di\u00e9s\u00e9listes qui en ont marre de se consid\u00e9rer comme des tueurs avec leurs \u00e9missions de fum\u00e9e pourrie.<\/em>\u00a0\u00bb<\/p>\n<p>L&rsquo;organisme officiel de l&rsquo;Ins\u00e9curit\u00e9 Routi\u00e8re ne souhaite pas pour l&rsquo;instant imposer le scaphandre int\u00e9gral \u00e0 v\u00e9lo, mais seulement le conseiller. Selon son pr\u00e9sident, Renaud de Vilebrequin, la prochaine campagne de l&rsquo;Ins\u00e9curit\u00e9 routi\u00e8re sera justement sur le th\u00e8me: \u00ab\u00a0<em>A v\u00e9lo, le scaphandre, c&rsquo;est pas obligatoire, c&rsquo;est juste indispensable!<\/em>\u00a0\u00bb<\/p>\n<p>Du c\u00f4t\u00e9 de l&rsquo;association \u00ab\u00a040 millions de Pollueurs\u00a0\u00bb, les choses sont plus claires. Selon son porte-parole, Bernard Caniche, \u00ab\u00a0<em>maintenant c&rsquo;est simple, les cyclistes portent un scaphandre ou alors on fonce dans le tas!<\/em>\u00a0\u00bb<\/p>\n<p>Pour finir, nous avons demand\u00e9 \u00e0 Christian Connard, le pr\u00e9sident du Lobby Anti-V\u00e9lo, quel \u00e9tait son avis sur la question du scaphandre pour cycliste. Sa r\u00e9ponse a le m\u00e9rite d&rsquo;\u00eatre concise: \u00ab\u00a0<em>Tuez-les tous!<\/em>\u00a0\u00bb<\/p>\n<p>Source image: Plonk &amp; Replonk &#8211; <a title=\"http:\/\/plonkreplonk.ch\/\" href=\"http:\/\/plonkreplonk.ch\/\" target=\"_blank\" rel=\"noopener\">http:\/\/plonkreplonk.ch\/<\/a><\/p>\n","protected":false},"excerpt":{"rendered":"<p>L&rsquo;association automobile \u00ab\u00a040 millions de Pollueurs\u00a0\u00bb, le Comit\u00e9 des Constructeurs Fran\u00e7ais de Bagnoles, le magazine automobile \u00ab\u00a0Auto-Minus\u00a0\u00bb, l&rsquo;Organisme officiel de l&rsquo;Ins\u00e9curit\u00e9 Routi\u00e8re et le Lobby Anti-V\u00e9lo lancent une grande campagne <a class=\"more-link\" href=\"https:\/\/carfree.fr\/index.php\/2015\/02\/19\/campagne-nationale-pour-le-port-du-scaphandre-a-velo\/\">Lire la suite&#8230;<\/a><\/p>\n","protected":false},"author":3,"featured_media":33391,"comment_status":"open","ping_status":"closed","sticky":false,"template":"","format":"standard","meta":[],"categories":[1038,7],"tags":[1709,1652,751,11,646,846,177,1664],"views":16540,"_links":{"self":[{"href":"https:\/\/carfree.fr\/index.php\/wp-json\/wp\/v2\/posts\/27049"}],"collection":[{"href":"https:\/\/carfree.fr\/index.php\/wp-json\/wp\/v2\/posts"}],"about":[{"href":"https:\/\/carfree.fr\/index.php\/wp-json\/wp\/v2\/types\/post"}],"author":[{"embeddable":true,"href":"https:\/\/carfree.fr\/index.php\/wp-json\/wp\/v2\/users\/3"}],"replies":[{"embeddable":true,"href":"https:\/\/carfree.fr\/index.php\/wp-json\/wp\/v2\/comments?post=27049"}],"version-history":[{"count":0,"href":"https:\/\/carfree.fr\/index.php\/wp-json\/wp\/v2\/posts\/27049\/revisions"}],"wp:featuredmedia":[{"embeddable":true,"href":"https:\/\/carfree.fr\/index.php\/wp-json\/wp\/v2\/media\/33391"}],"wp:attachment":[{"href":"https:\/\/carfree.fr\/index.php\/wp-json\/wp\/v2\/media?parent=27049"}],"wp:term":[{"taxonomy":"category","embeddable":true,"href":"https:\/\/carfree.fr\/index.php\/wp-json\/wp\/v2\/categories?post=27049"},{"taxonomy":"post_tag","embeddable":true,"href":"https:\/\/carfree.fr\/index.php\/wp-json\/wp\/v2\/tags?post=27049"}],"curies":[{"name":"wp","href":"https:\/\/api.w.org\/{rel}","templated":true}]}}