{"id":27065,"date":"2015-02-27T09:23:01","date_gmt":"2015-02-27T08:23:01","guid":{"rendered":"http:\/\/carfree.fr\/?p=27065"},"modified":"2023-03-09T15:06:54","modified_gmt":"2023-03-09T14:06:54","slug":"jeff-luers-est-il-un-heros","status":"publish","type":"post","link":"https:\/\/carfree.fr\/index.php\/2015\/02\/27\/jeff-luers-est-il-un-heros\/","title":{"rendered":"Jeff Luers est-il un h\u00e9ros?"},"content":{"rendered":"<p>Br\u00fbler des voitures peut vous mener en prison. Mais, est-il plus grave de br\u00fbler des voitures sans faire de bless\u00e9s plut\u00f4t que tuer des gens en conduisant une voiture? L&rsquo;histoire de Jeff Luers semble montrer qu&rsquo;il est pr\u00e9f\u00e9rable de tuer des gens en conduisant une voiture&#8230; <!--more--><\/p>\n<p>Le 6 juin 2000, un journal local de la ville d&rsquo;Eugene dans l&rsquo;Oregon (USA) rapportait qu&rsquo;un automobiliste ivre venait d&rsquo;\u00eatre condamn\u00e9 \u00e0 10 ans de prison pour avoir tu\u00e9 une femme en conduisant. Six jours plus tard, le m\u00eame journal rapportait qu&rsquo;un homme du nom de Jeff Luers avait \u00e9t\u00e9 condamn\u00e9 \u00e0 22 ans et 8 mois de prison pour avoir mis le feu \u00e0 trois 4&#215;4 chez un concessionnaire automobile sans avoir fait le moindre bless\u00e9.<\/p>\n<p>Si on avait encore besoin de preuves pour savoir que dans notre soci\u00e9t\u00e9, le capital et la propri\u00e9t\u00e9 priv\u00e9e sont plus importants que la vie humaine, je pense que d\u00e9sormais les choses sont claires.<\/p>\n<p>Jeff Luers avait \u00e0 l&rsquo;\u00e9poque 23 ans et \u00e9tait un activiste \u00e9cologique. Il avait particip\u00e9 \u00e0 plusieurs occupations d&rsquo;arbres pendant plusieurs semaines pour emp\u00eacher que des for\u00eats soient ras\u00e9es.<\/p>\n<p>En 2000, il d\u00e9cide avec un comparse du nom de Craig Marshall de mettre le feu \u00e0 des 4&#215;4, appel\u00e9s SUV (Sport Utility Vehicules) aux USA, pour protester \u00e0 la fois contre les \u00e9missions de CO2 et le r\u00e9chauffement climatique et contre la consommation de p\u00e9trole provoquant le financement de dictatures. Les deux activistes choisissent comme cible une concession automobile Chevrolet et prennent toutes les pr\u00e9cautions possibles pour \u00e9viter de faire des bless\u00e9s.<\/p>\n<p>Les d\u00e9g\u00e2ts restent plut\u00f4t mod\u00e9r\u00e9s: aucun bless\u00e9, trois 4&#215;4 partiellement brul\u00e9s pour un pr\u00e9judice total de 28.000 dollars. Deux des 4&#215;4 pourront m\u00eame \u00eatre r\u00e9par\u00e9s et revendus, le troisi\u00e8me est compl\u00e9tement d\u00e9truit.<\/p>\n<p>Jeff Luers et Craig Marshall sont arr\u00eat\u00e9s. Craig Marshall accepte de plaider coupable de complot pour commettre un incendie criminel et de possession ill\u00e9gale d&rsquo;un dispositif de destruction et \u00e9cope d&rsquo;une peine de cinq ans et demi de prison. Jeff Luers refuse quant \u00e0 lui de plaider coupable car on lui demande de reconna\u00eetre qu&rsquo;il a eu l&rsquo;intention d&rsquo;attenter \u00e0 la vie d&rsquo;autres personnes.<\/p>\n<p>Il est condamn\u00e9 \u00e0 22 ans et 8 mois de prison. Suite \u00e0 une campagne internationale de protestation contre l&rsquo;inad\u00e9quation entre sa peine et le fait que son action n&rsquo;a provoqu\u00e9 aucun bless\u00e9, sa peine est commu\u00e9e en 10 ann\u00e9es de prison en f\u00e9vrier 2008. Il sort enfin de prison le 16 d\u00e9cembre 2009 apr\u00e8s avoir pass\u00e9 9 ans et demi derri\u00e8re les barreaux.<\/p>\n<p>Le journaliste Fabrice Nicolino, une des victimes de l&rsquo;attentat de Charlie Hebdo et toujours \u00e0 l&rsquo;h\u00f4pital \u00e0 l&rsquo;heure actuelle, avait fait <a title=\"http:\/\/fabrice-nicolino.com\/index.php\/?p=242\" href=\"http:\/\/fabrice-nicolino.com\/index.php\/?p=242\" target=\"_blank\" rel=\"noopener\">un article en 2008<\/a> pour dire tout le bien qu&rsquo;il pensait de Jeff Luers: \u00ab\u00a0<em>Se battre pour la vie du vivant sur terre conduit, devrait conduire en tout cas \u00e0 contester radicalement les formes d\u2019organisation du monde existant. Et c\u2019est pourquoi je vais \u00e9crire de ce pas \u00e0 Jeff \u00ab Free \u00bb Luers, qui est pour moi comme un fr\u00e8re<\/em>.\u00a0\u00bb<\/p>\n<p>Bien s\u00fbr, br\u00fbler trois 4&#215;4 n&rsquo;a eu probablement aucun impact sur le r\u00e9chauffement climatique ou sur la d\u00e9pendance p\u00e9troli\u00e8re des USA. Il s&rsquo;agit essentiellement d&rsquo;un geste symbolique, pay\u00e9 bien cher. En cela, Jeff Luers peut probablement appara\u00eetre comme un h\u00e9ros.<\/p>\n<p>Rappelons toutefois ce que disait <a title=\"http:\/\/carfree.fr\/index.php\/author\/gunther-anders\/\" href=\"http:\/\/carfree.fr\/index.php\/author\/gunther-anders\/\">G\u00fcnther Anders<\/a> \u00e0 propos des installations nucl\u00e9aires et de la \u00ab\u00a0<em>destruction des choses inanim\u00e9es<\/em>\u00ab\u00a0:<\/p>\n<blockquote><p><em>C\u2019est pourquoi menacer de les endommager n\u2019a de sens et d\u2019effet que si nous entreprenons aussi d\u2019expliquer aux personnes impliqu\u00e9es dans leur production, leur mise en place et leur \u00e9ventuelle utilisation, que le traitement que nous n\u2019appliquions jusqu\u2019\u00e0 pr\u00e9sent qu\u2019\u00e0 leurs produits (le verbe \u00ab infliger \u00bb serait ici d\u00e9plac\u00e9) n\u2019est qu\u2019un avant-go\u00fbt de ce que nous serons forc\u00e9s de leur infliger \u00e0 eux. Puisqu\u2019ils nous terrorisent en permanence, ils pourraient bien se retrouver \u00e0 leur tour intimid\u00e9s en permanence et devoir sans cesse se tenir sur leurs gardes \u2014 tous, sans exception, et dans un ordre impr\u00e9visible. Afin que nos enfants et les enfants de nos enfants soient enfin assur\u00e9s de pouvoir survivre. Et je dis bien qu\u2019ils en soient enfin assur\u00e9s et non qu\u2019ils continuent \u00e0 l\u2019\u00eatre.\u00a0\u00bb<\/em><\/p><\/blockquote>\n<p>Source: <a title=\"http:\/\/carfree.fr\/index.php\/2011\/04\/14\/une-contestation-non-violente-est-elle-suffisante\/\" href=\"http:\/\/carfree.fr\/index.php\/2011\/04\/14\/une-contestation-non-violente-est-elle-suffisante\/\">Une contestation non-violente est-elle suffisante?<\/a><\/p>\n<p>Aujourd&rsquo;hui, le r\u00e9chauffement climatique ne repr\u00e9sente-t-il pas une menace tout aussi dangereuse que le d\u00e9veloppement nucl\u00e9aire?<\/p>\n","protected":false},"excerpt":{"rendered":"<p>Br\u00fbler des voitures peut vous mener en prison. Mais, est-il plus grave de br\u00fbler des voitures sans faire de bless\u00e9s plut\u00f4t que tuer des gens en conduisant une voiture? L&rsquo;histoire <a class=\"more-link\" href=\"https:\/\/carfree.fr\/index.php\/2015\/02\/27\/jeff-luers-est-il-un-heros\/\">Lire la suite&#8230;<\/a><\/p>\n","protected":false},"author":18,"featured_media":33332,"comment_status":"open","ping_status":"closed","sticky":false,"template":"","format":"standard","meta":[],"categories":[52,73],"tags":[1652,183,11,84,287,19,150,299,97,651],"views":8429,"_links":{"self":[{"href":"https:\/\/carfree.fr\/index.php\/wp-json\/wp\/v2\/posts\/27065"}],"collection":[{"href":"https:\/\/carfree.fr\/index.php\/wp-json\/wp\/v2\/posts"}],"about":[{"href":"https:\/\/carfree.fr\/index.php\/wp-json\/wp\/v2\/types\/post"}],"author":[{"embeddable":true,"href":"https:\/\/carfree.fr\/index.php\/wp-json\/wp\/v2\/users\/18"}],"replies":[{"embeddable":true,"href":"https:\/\/carfree.fr\/index.php\/wp-json\/wp\/v2\/comments?post=27065"}],"version-history":[{"count":0,"href":"https:\/\/carfree.fr\/index.php\/wp-json\/wp\/v2\/posts\/27065\/revisions"}],"wp:featuredmedia":[{"embeddable":true,"href":"https:\/\/carfree.fr\/index.php\/wp-json\/wp\/v2\/media\/33332"}],"wp:attachment":[{"href":"https:\/\/carfree.fr\/index.php\/wp-json\/wp\/v2\/media?parent=27065"}],"wp:term":[{"taxonomy":"category","embeddable":true,"href":"https:\/\/carfree.fr\/index.php\/wp-json\/wp\/v2\/categories?post=27065"},{"taxonomy":"post_tag","embeddable":true,"href":"https:\/\/carfree.fr\/index.php\/wp-json\/wp\/v2\/tags?post=27065"}],"curies":[{"name":"wp","href":"https:\/\/api.w.org\/{rel}","templated":true}]}}