{"id":27073,"date":"2015-02-24T09:27:00","date_gmt":"2015-02-24T08:27:00","guid":{"rendered":"http:\/\/carfree.fr\/?p=27073"},"modified":"2023-03-09T15:06:55","modified_gmt":"2023-03-09T14:06:55","slug":"velo-a-rouen-question-de-priorite","status":"publish","type":"post","link":"https:\/\/carfree.fr\/index.php\/2015\/02\/24\/velo-a-rouen-question-de-priorite\/","title":{"rendered":"V\u00e9lo \u00e0 Rouen: Question de priorit\u00e9"},"content":{"rendered":"<p>Les pires conducteurs film\u00e9s sur une p\u00e9riode d&rsquo;un an \u00e0 Rouen. Et apr\u00e8s on s&rsquo;\u00e9tonne qu&rsquo;il y ait si peu de v\u00e9los, et autant d&#8217;embouteillages&#8230; <!--more--><\/p>\n<p>Attention, document choc! Un cycliste rouennais a install\u00e9 une cam\u00e9ra sur son v\u00e9lo et a film\u00e9 pendant toute une ann\u00e9e les automobilistes au quotidien. Cela donne 11 minutes de priorit\u00e9s grill\u00e9es, de queues de poisson, d\u2019utilisation de bandes cyclables par les voitures et autres \u00ab\u00a0d\u00e9sol\u00e9, mais je vous avais pas vu!\u00a0\u00bb<\/p>\n<p>Un peu stressant \u00e0 regarder (quand on est cycliste), mais cela permet d&rsquo;objectiver la pratique automobile en ville. Ce qui est remarquable, c&rsquo;est qu&rsquo;il y a apparemment pas mal d&rsquo;am\u00e9nagements cyclables \u00e0 Rouen, enfin surtout des bandes cyclables (pas des pistes s\u00e9par\u00e9es de la circulation).<\/p>\n<p>Et ce que montre la vid\u00e9o, c&rsquo;est que les automobilistes ne savent pas en fait comment fonctionnent ces am\u00e9nagements (ou ne veulent pas le savoir&#8230;). Exemple: quand la bande cyclable est suffisamment large, ils la consid\u00e8rent comme une voie de d\u00e9passement! Ce qui prouve bien que ce n&rsquo;est pas la quantit\u00e9 d&rsquo;am\u00e9nagements cyclables qui compte, mais leur qualit\u00e9.<\/p>\n<p>Autre constat: les automobilistes NE VOIENT PAS les cyclistes. Parfois, on a l&rsquo;impression qu&rsquo;on est tout simplement pas dans leur cadre. En fait, ils anticipent essentiellement la pr\u00e9sence des voitures sur la chauss\u00e9e, pas ou peu des v\u00e9los. Aussi, ne faites jamais confiance \u00e0 un automobiliste!<\/p>\n<p><iframe loading=\"lazy\" width=\"600\" height=\"320\" src=\"https:\/\/www.youtube.com\/embed\/QcSVMzyCBJA\" frameborder=\"0\" allowfullscreen><\/iframe><\/p>\n","protected":false},"excerpt":{"rendered":"<p>Les pires conducteurs film\u00e9s sur une p\u00e9riode d&rsquo;un an \u00e0 Rouen. Et apr\u00e8s on s&rsquo;\u00e9tonne qu&rsquo;il y ait si peu de v\u00e9los, et autant d&#8217;embouteillages&#8230;<\/p>\n","protected":false},"author":37,"featured_media":33499,"comment_status":"open","ping_status":"closed","sticky":false,"template":"","format":"standard","meta":[],"categories":[4,1038,7],"tags":[1652,646,337,178,1000,1664,648],"views":10501,"_links":{"self":[{"href":"https:\/\/carfree.fr\/index.php\/wp-json\/wp\/v2\/posts\/27073"}],"collection":[{"href":"https:\/\/carfree.fr\/index.php\/wp-json\/wp\/v2\/posts"}],"about":[{"href":"https:\/\/carfree.fr\/index.php\/wp-json\/wp\/v2\/types\/post"}],"author":[{"embeddable":true,"href":"https:\/\/carfree.fr\/index.php\/wp-json\/wp\/v2\/users\/37"}],"replies":[{"embeddable":true,"href":"https:\/\/carfree.fr\/index.php\/wp-json\/wp\/v2\/comments?post=27073"}],"version-history":[{"count":0,"href":"https:\/\/carfree.fr\/index.php\/wp-json\/wp\/v2\/posts\/27073\/revisions"}],"wp:featuredmedia":[{"embeddable":true,"href":"https:\/\/carfree.fr\/index.php\/wp-json\/wp\/v2\/media\/33499"}],"wp:attachment":[{"href":"https:\/\/carfree.fr\/index.php\/wp-json\/wp\/v2\/media?parent=27073"}],"wp:term":[{"taxonomy":"category","embeddable":true,"href":"https:\/\/carfree.fr\/index.php\/wp-json\/wp\/v2\/categories?post=27073"},{"taxonomy":"post_tag","embeddable":true,"href":"https:\/\/carfree.fr\/index.php\/wp-json\/wp\/v2\/tags?post=27073"}],"curies":[{"name":"wp","href":"https:\/\/api.w.org\/{rel}","templated":true}]}}