{"id":27188,"date":"2015-04-02T07:04:52","date_gmt":"2015-04-02T06:04:52","guid":{"rendered":"http:\/\/carfree.fr\/?p=27188"},"modified":"2021-09-21T14:25:05","modified_gmt":"2021-09-21T13:25:05","slug":"la-voiture-electrique-cest-royal","status":"publish","type":"post","link":"https:\/\/carfree.fr\/index.php\/2015\/04\/02\/la-voiture-electrique-cest-royal\/","title":{"rendered":"La voiture \u00e9lectrique, c&rsquo;est Royal!"},"content":{"rendered":"<p>On vient de franchir une nouvelle \u00e9tape dans la gabegie techno-politique: d\u00e9sormais, l&rsquo;\u00e9tat fran\u00e7ais donnera une prime de 10.000 euros pour l&rsquo;achat d&rsquo;une voiture \u00e9lectrique. Dans le m\u00eame temps, RTE s&rsquo;alarme d&rsquo;un risque de p\u00e9nurie d&rsquo;\u00e9lectricit\u00e9 \u00e0 partir de l&rsquo;hiver 2015&#8230; <!--more--><\/p>\n<p>C&rsquo;est incroyable, tout simplement \u00e9lectro-dantesque! Nous allons, puisqu&rsquo;il s&rsquo;agit de notre argent de contribuable, <a title=\"http:\/\/www.actu-environnement.com\/ae\/news\/prime-conversion-vieux-diesel-entree-vigueur-24234.php4\" href=\"http:\/\/www.actu-environnement.com\/ae\/news\/prime-conversion-vieux-diesel-entree-vigueur-24234.php4\" target=\"_blank\">donner 10.000 euros \u00e0 chaque possesseur d&rsquo;un \u00ab\u00a0vieux\u00a0\u00bb diesel<\/a> (d&rsquo;avant 2001&#8230;) pour qu&rsquo;il puisse s&rsquo;acheter la voiture \u00e9lectrique de ses r\u00eaves&#8230;<\/p>\n<p>Pour ceux qui comptent en \u00ab\u00a0anciens\u00a0\u00bb francs, on d\u00e9passe donc les 65.000 francs d&rsquo;aides publiques pour l&rsquo;achat d&rsquo;une bagnole&#8230; On connaissait les primes \u00e0 500 euros, les primes \u00e0 1.000 euros, voire m\u00eame plus r\u00e9cemment les primes \u00e0 5.000 euros, maintenant on te file carr\u00e9ment 10.000 euros pour que tu l&rsquo;ach\u00e8tes cette bagnole \u00e9lectrique dont tu veux pas!<\/p>\n<p>D&rsquo;ailleurs, c&rsquo;est simple, tu veux quoi de plus? 10.000 euros, c&rsquo;est quand m\u00eame une somme&#8230; Tu veux pas en plus une petite g\u00e2terie de S\u00e9gol\u00e8ne Royal? T&rsquo;inqui\u00e8tes, si tu attends encore un an, la prime sera peut-\u00eatre \u00e0 15.000 euros&#8230; A moins qu&rsquo;on finisse peut-\u00eatre par te la donner cette voiture \u00e9lectrique dont personne ne veut&#8230;<\/p>\n<p>Car \u00e0 vrai dire, on a d\u00e9j\u00e0 commenc\u00e9 \u00e0 <a title=\"http:\/\/www.actu-environnement.com\/ae\/news\/vehicule-electrique-acquisition-aides-prime-credit-impot-22654.php4\" href=\"http:\/\/www.actu-environnement.com\/ae\/news\/vehicule-electrique-acquisition-aides-prime-credit-impot-22654.php4\" target=\"_blank\">imposer l&rsquo;achat de voitures \u00e9lectriques dans les administrations<\/a>&#8230; Sans doute une m\u00e9thode efficace pour doper les ventes?<\/p>\n<p>Il faut dire que <a title=\"http:\/\/carfree.fr\/index.php\/2014\/10\/20\/la-voiture-electrique-socialiste\/\" href=\"http:\/\/carfree.fr\/index.php\/2014\/10\/20\/la-voiture-electrique-socialiste\/\" target=\"_blank\">S\u00e9gol\u00e8ne Royal<\/a> nous a mijot\u00e9 aux petits oignons une Loi de la voiture \u00e9lectrique (appel\u00e9e aussi parfois Loi sur la transition \u00e9nerg\u00e9tique&#8230;). Tout sera bon pour refourguer des bagnoles \u00e9lectriques! <a title=\"http:\/\/carfree.fr\/index.php\/2014\/12\/09\/ils-ont-donne-lespace-public-a-la-bagnole-electrique\/\" href=\"http:\/\/carfree.fr\/index.php\/2014\/12\/09\/ils-ont-donne-lespace-public-a-la-bagnole-electrique\/\" target=\"_blank\">Ils ont d\u00e9j\u00e0 donn\u00e9 l&rsquo;espace public \u00e0 la voiture \u00e9lectrique<\/a>, ils vont construire des milliers de bornes de recharge avec notre fric, ils imposent l&rsquo;achat aux administrations et maintenant ils refilent des primes de 10.000 euros&#8230; Sans parler des primes compl\u00e9mentaires de certains conseils r\u00e9gionaux&#8230; comme, au hasard, <a title=\"http:\/\/www.poitou-charentes.fr\/services-en-ligne\/guide-aides\/-\/aides\/detail\/271\" href=\"http:\/\/www.poitou-charentes.fr\/services-en-ligne\/guide-aides\/-\/aides\/detail\/271\" target=\"_blank\">Poitou-Charentes par exemple<\/a>!<\/p>\n<p>Et en plus, on veut leur laisser la possibilit\u00e9 de rouler dans les couloirs bus! Et pourquoi pas de se garer en vrac sur les trottoirs ou les pistes cyclables? Et si on offrait la possibilit\u00e9 aux voitures \u00e9lectriques de rouler \u00e0 plus de 50km\/h en ville, voire m\u00eame la possibilit\u00e9 de <a title=\"http:\/\/carfree.fr\/index.php\/2011\/10\/05\/rouler-bourre-pour-gagner-plus\/\" href=\"http:\/\/carfree.fr\/index.php\/2011\/10\/05\/rouler-bourre-pour-gagner-plus\/\" target=\"_blank\">rouler bourr\u00e9<\/a> dans une voiture \u00e9lectrique? Peut-\u00eatre que les Fran\u00e7ais commenceraient \u00e0 les acheter ces voitures \u00e9lectriques invendables?<\/p>\n<p>En fait, il semblerait que S\u00e9gol\u00e8ne Royal ait mal dig\u00e9r\u00e9 l&rsquo;\u00e9chec industriel cuisant de \u00ab\u00a0sa\u00a0\u00bb voiture \u00e9lectrique, la Mia d&rsquo;Heuliez, <a title=\"http:\/\/carfree.fr\/index.php\/2014\/10\/20\/la-voiture-electrique-socialiste\/\" href=\"http:\/\/carfree.fr\/index.php\/2014\/10\/20\/la-voiture-electrique-socialiste\/\" target=\"_blank\">en d\u00e9p\u00f4t de bilan<\/a>. Vex\u00e9e, elle veut d\u00e9sormais nous faire bouffer de la voiture \u00e9lectrique \u00e0 toutes les sauces!<\/p>\n<p>Si on comprend bien la logique, il faudrait massifier l&rsquo;usage de la voiture \u00e9lectrique. A vrai dire, on se demande un peu pourquoi dans la mesure o\u00f9 <a title=\"http:\/\/carfree.fr\/index.php\/2015\/01\/20\/freiner-ou-ne-pas-freiner-telle-est-la-question\/\" href=\"http:\/\/carfree.fr\/index.php\/2015\/01\/20\/freiner-ou-ne-pas-freiner-telle-est-la-question\/\" target=\"_blank\">une voiture \u00e9lectrique \u00e9met \u00e0 peu pr\u00e8s autant de microparticules qu&rsquo;une voiture neuve \u00e0 essence<\/a>&#8230; Sans m\u00eame parler des produits particuli\u00e8rement polluants qu&rsquo;on trouve dans une batterie \u00e9lectrique ou de l&rsquo;\u00e9nergie nucl\u00e9aire n\u00e9cessaire, car en France, nous on roule nucl\u00e9aire Monsieur!<\/p>\n<p>Et surtout, on se demande avec quelle \u00e9lectricit\u00e9 on va faire rouler toutes ces magnifiques voitures \u00e9lectriques qui devraient se multiplier par millions sur les routes de France&#8230; En effet, aux derni\u00e8res nouvelles, les besoins en \u00e9lectricit\u00e9 de la France risquent de ne plus \u00eatre couverts correctement \u00e0 partir de l&rsquo;hiver 2015 du fait de l&rsquo;acc\u00e9l\u00e9ration de l&rsquo;arr\u00eat de centrales \u00e0 charbon, au fioul ou au gaz. <a title=\"http:\/\/www.lesechos.fr\/10\/09\/2014\/lesechos.fr\/0203763703427_electricite---rte-s-alarme-d-un-risque-de-penurie-a-partir-de-l-hiver-2015.htm\" href=\"http:\/\/www.lesechos.fr\/10\/09\/2014\/lesechos.fr\/0203763703427_electricite---rte-s-alarme-d-un-risque-de-penurie-a-partir-de-l-hiver-2015.htm\" target=\"_blank\">Et c&rsquo;est RTE (R\u00e9seau de Transport d&rsquo;Electricit\u00e9 , filiale d&rsquo;EDF) qui le dit<\/a>! Selon eux en effet, \u00ab\u00a0<em>une d\u00e9gradation de la s\u00e9curit\u00e9 d&rsquo;approvisionnement \u00e9lectrique en France durant les hivers allant de 2015 \u00e0 2018<\/em>\u00a0\u00bb est un risque r\u00e9el du fait de l&rsquo;acc\u00e9l\u00e9ration des arr\u00eats de centrales \u00e0 charbon, au fioul ou au gaz.<\/p>\n<p>Comment qu&rsquo;on va faire alors pour les faire rouler nos bagnoles \u00e9lectriques? T&rsquo;inqui\u00e8tes, c&rsquo;est un nouveau concept pour rilancer\u00ae la cro\u00e2ssance\u00ae: l&rsquo;\u00e9t\u00e9 tu roules en bagnole \u00e9lectrique et l&rsquo;hiver tu reprends ton vieux diesel qui pue!<\/p>\n<p><em>Photo: en 1992, S\u00e9gol\u00e8ne Royal, ici avec Dominique Strauss-Kahn, n\u00e9gocie un accord entre le gouvernement B\u00e9r\u00e9govoy, EDF et des constructeurs automobiles pour promouvoir le v\u00e9hicule \u00e9lectrique.<\/em><\/p>\n","protected":false},"excerpt":{"rendered":"<p>On vient de franchir une nouvelle \u00e9tape dans la gabegie techno-politique: d\u00e9sormais, l&rsquo;\u00e9tat fran\u00e7ais donnera une prime de 10.000 euros pour l&rsquo;achat d&rsquo;une voiture \u00e9lectrique. Dans le m\u00eame temps, RTE <a class=\"more-link\" href=\"https:\/\/carfree.fr\/index.php\/2015\/04\/02\/la-voiture-electrique-cest-royal\/\">Lire la suite&#8230;<\/a><\/p>\n","protected":false},"author":18,"featured_media":33044,"comment_status":"open","ping_status":"closed","sticky":false,"template":"","format":"standard","meta":[],"categories":[73,6],"tags":[1709,11,846,1213,1630,1198,363],"views":10263,"_links":{"self":[{"href":"https:\/\/carfree.fr\/index.php\/wp-json\/wp\/v2\/posts\/27188"}],"collection":[{"href":"https:\/\/carfree.fr\/index.php\/wp-json\/wp\/v2\/posts"}],"about":[{"href":"https:\/\/carfree.fr\/index.php\/wp-json\/wp\/v2\/types\/post"}],"author":[{"embeddable":true,"href":"https:\/\/carfree.fr\/index.php\/wp-json\/wp\/v2\/users\/18"}],"replies":[{"embeddable":true,"href":"https:\/\/carfree.fr\/index.php\/wp-json\/wp\/v2\/comments?post=27188"}],"version-history":[{"count":0,"href":"https:\/\/carfree.fr\/index.php\/wp-json\/wp\/v2\/posts\/27188\/revisions"}],"wp:featuredmedia":[{"embeddable":true,"href":"https:\/\/carfree.fr\/index.php\/wp-json\/wp\/v2\/media\/33044"}],"wp:attachment":[{"href":"https:\/\/carfree.fr\/index.php\/wp-json\/wp\/v2\/media?parent=27188"}],"wp:term":[{"taxonomy":"category","embeddable":true,"href":"https:\/\/carfree.fr\/index.php\/wp-json\/wp\/v2\/categories?post=27188"},{"taxonomy":"post_tag","embeddable":true,"href":"https:\/\/carfree.fr\/index.php\/wp-json\/wp\/v2\/tags?post=27188"}],"curies":[{"name":"wp","href":"https:\/\/api.w.org\/{rel}","templated":true}]}}