{"id":273,"date":"2007-11-15T13:37:24","date_gmt":"2007-11-15T12:37:24","guid":{"rendered":"http:\/\/carfree.fr\/index.php\/2007\/11\/15\/a-velo-ca-demenage\/"},"modified":"2025-03-04T21:43:52","modified_gmt":"2025-03-04T20:43:52","slug":"a-velo-ca-demenage","status":"publish","type":"post","link":"https:\/\/carfree.fr\/index.php\/2007\/11\/15\/a-velo-ca-demenage\/","title":{"rendered":"A v\u00e9lo, \u00e7a d\u00e9m\u00e9nage !"},"content":{"rendered":"<p><img decoding=\"async\" loading=\"lazy\" src=\"http:\/\/carfree.fr\/img\/2010\/07\/avant.depart_copie.jpg\" alt=\"\" width=\"591\" height=\"378\" class=\"alignnone size-full wp-image-39732\" \/><\/p>\n<p>D\u00e9m\u00e9nager sans voiture, ni camion ? Ben voyons, on ne va quand m\u00eame pas transporter des meubles et des cartons \u00e0 v\u00e9lo ? Et bien, si, c\u2019est possible\u2026 En mai 2007, une douzaine d\u2019amis, membres de la <a href=\"http:\/\/velorutionlyon.free.fr\/\" target=\"_blank\" rel=\"noopener\">V\u00e9lorution lyonnaise<\/a>, se sont retrouv\u00e9s pour d\u00e9m\u00e9nager tout un appart \u00e0 l\u2019autre bout de la ville. <!--more--><\/p>\n<p>Avec neuf remorques et triporteurs faits maison, il n\u2019a fallu que deux voyages \u00e0 la joyeuse troupe pour transporter l\u2019int\u00e9gralit\u00e9 du T1 \u00e0 plusieurs kilom\u00e8tres de l\u00e0. Le cort\u00e8ge n\u2019est pas pass\u00e9 inaper\u00e7u en traversant le centre ville, notamment l\u2019attelage triporteur + remorque pour les objets volumineux et la remorque sp\u00e9ciale plantes vertes\u2026<\/p>\n<p>Certes, les premiers tours de p\u00e9dale pour d\u00e9marrer sont un peu rudes, mais une fois lanc\u00e9, le v\u00e9lo peut tracter du lourd. Une remorque solide transporte une centaine de kilos, soit la plupart des meubles et de l\u2019\u00e9lectrom\u00e9nager. Il n\u2019y a gu\u00e8re que le piano \u00e0 queue ou l\u2019armoire normande qui peut poser probl\u00e8me\u2026 Mais coup de chance, il n\u2019y en avait pas ! D\u2019ailleurs, il n\u2019y en a pas souvent dans les studios.<\/p>\n<p>Tout \u00e7a pour prouver quoi ? Simplement qu\u2019on peut transporter des objets \u00e0 v\u00e9lo. Et si certains parviennent \u00e0 d\u00e9m\u00e9nager un appartement, tout le monde devrait au moins pouvoir faire ses courses \u00e0 bicyclette. On transporte une vingtaine de kilos sans souci avec un simple porte-bagages et des sacoches. Ce qui est d\u00e9j\u00e0 un bon d\u00e9but.<\/p>\n<p>Ce d\u00e9m\u00e9nagement en v\u00e9lo dans les rues de Lyon d\u00e9monte une fois de plus le <a href=\"http:\/\/carfree.fr\/index.php\/2005\/02\/28\/le-mythe-de-lindispensable-automobile\/\">mythe de \u201cl\u2019indispensable automobile\u201d<\/a>.<\/p>\n<p>En attendant, un d\u00e9m\u00e9nagement sans moteur, c\u2019est bon pour la qualit\u00e9 de l\u2019air, la bonne humeur et les relations de voisinage. Impossible d\u2019arriver incognito dans son nouveau quartier. Les voisins mi amus\u00e9s, mi intrigu\u00e9s, ont aussit\u00f4t point\u00e9 leur nez. Il y en avait du monde \u00e0 la cr\u00e9maill\u00e8re !<\/p>\n<p>Plus de photos et toutes nos actions sur :<br \/>\n<a href=\"http:\/\/velorutionlyon.free.fr\/article.php3?id_article=122\" target=\"_blank\" rel=\"noopener\">http:\/\/velorutionlyon.free.fr\/article.php3?id_article=122<\/a><\/p>\n<p><img decoding=\"async\" loading=\"lazy\" src=\"http:\/\/carfree.fr\/img\/2008\/06\/convoi.demenagement.velo-718700.jpg\" alt=\"\" width=\"400\" height=\"266\" class=\"alignnone size-full wp-image-39755\" \/><\/p>\n","protected":false},"excerpt":{"rendered":"<p>D\u00e9m\u00e9nager sans voiture, ni camion ? Ben voyons, on ne va quand m\u00eame pas transporter des meubles et des cartons \u00e0 v\u00e9lo ? Et bien, si, c\u2019est possible\u2026 En mai <a class=\"more-link\" href=\"https:\/\/carfree.fr\/index.php\/2007\/11\/15\/a-velo-ca-demenage\/\">Lire la suite&#8230;<\/a><\/p>\n","protected":false},"author":1721,"featured_media":27992,"comment_status":"open","ping_status":"open","sticky":false,"template":"","format":"standard","meta":[],"categories":[7],"tags":[646,1102,158,757,1664,1587,113],"views":5974,"_links":{"self":[{"href":"https:\/\/carfree.fr\/index.php\/wp-json\/wp\/v2\/posts\/273"}],"collection":[{"href":"https:\/\/carfree.fr\/index.php\/wp-json\/wp\/v2\/posts"}],"about":[{"href":"https:\/\/carfree.fr\/index.php\/wp-json\/wp\/v2\/types\/post"}],"author":[{"embeddable":true,"href":"https:\/\/carfree.fr\/index.php\/wp-json\/wp\/v2\/users\/1721"}],"replies":[{"embeddable":true,"href":"https:\/\/carfree.fr\/index.php\/wp-json\/wp\/v2\/comments?post=273"}],"version-history":[{"count":0,"href":"https:\/\/carfree.fr\/index.php\/wp-json\/wp\/v2\/posts\/273\/revisions"}],"wp:featuredmedia":[{"embeddable":true,"href":"https:\/\/carfree.fr\/index.php\/wp-json\/"}],"wp:attachment":[{"href":"https:\/\/carfree.fr\/index.php\/wp-json\/wp\/v2\/media?parent=273"}],"wp:term":[{"taxonomy":"category","embeddable":true,"href":"https:\/\/carfree.fr\/index.php\/wp-json\/wp\/v2\/categories?post=273"},{"taxonomy":"post_tag","embeddable":true,"href":"https:\/\/carfree.fr\/index.php\/wp-json\/wp\/v2\/tags?post=273"}],"curies":[{"name":"wp","href":"https:\/\/api.w.org\/{rel}","templated":true}]}}