{"id":27376,"date":"2015-05-26T08:22:25","date_gmt":"2015-05-26T07:22:25","guid":{"rendered":"http:\/\/carfree.fr\/?p=27376"},"modified":"2020-08-17T19:49:38","modified_gmt":"2020-08-17T18:49:38","slug":"altertour-2015-etmoi-pour-le-climat","status":"publish","type":"post","link":"https:\/\/carfree.fr\/index.php\/2015\/05\/26\/altertour-2015-etmoi-pour-le-climat\/","title":{"rendered":"AlterTour 2015 &#8211; E(t)moi pour le climat!?"},"content":{"rendered":"<p>L&rsquo;AlterTour est une aventure humaine, joyeuse, cr\u00e9ative et collective. Il relie \u00e0 v\u00e9lo des Alternatives agissant sur l&rsquo;alimentation, les d\u00e9placements, l&rsquo;\u00e9nergie, l&rsquo;habitat, la gestion des d\u00e9chets&#8230; <!--more--><\/p>\n<p>Chaque \u00e9t\u00e9, 250 Altercyclistes de tout \u00e2ge et d\u2019horizons diff\u00e9rents d\u00e9couvrent des acteurs de la transition, la d\u00e9croissance, l\u2019\u00e9cologie, l\u2019autogestion&#8230;<\/p>\n<p>Pour cette <strong>8<sup>\u00e8me<\/sup> \u00e9dition<\/strong>, ils visiteront la Lorraine, le Luxembourg, la Champagne-Ardenne, la Belgique et le Nord Pas-de-Calais du <strong>18 juillet au 23 ao\u00fbt 2015<\/strong>.<\/p>\n<p style=\"padding-left: 30px;\">Th\u00e8me 2015 : \u00ab\u00a0<strong>E(t)moi pour le climat !?<\/strong>\u00ab\u00a0<\/p>\n<p>Depuis les accords de Kyoto en 1995, les \u00c9tats se rassemblent une fois par an. Fin 2015, la COP21 aura lieu \u00e0 Paris. \u00c7a y est ? C\u2019est Le Grand Soir ? Et si pour contrebalancer les d\u00e9sordres climatiques, il valait mieux changer radicalement de paradigme ?<\/p>\n<p>Les <strong>inscriptions<\/strong> sont ouvertes jusqu&rsquo;au <strong>6 juillet 2015<\/strong> sur le site internet de l&rsquo;AlterTour.<\/p>\n<p style=\"padding-left: 30px;\"><strong>AlterTour, le film !<\/strong><\/p>\n<p>Eric Fretel, Philippe Borrel et Julien Da Rocha travaillent actuellement sur la r\u00e9alisation d\u2019un documentaire sur l\u2019AlterTour. Le tournage est programm\u00e9 pour cet \u00e9t\u00e9.<\/p>\n<p>C\u2019est un film en autoproduction que chacun peut soutenir via la campagne de financement participatif : AlterTour le film sur Ecobole.<\/p>\n<p>Le num\u00e9ro de juin 2015 de la Revue S!lence sera consacr\u00e9 au climat et contiendra le Recueil des Alternatives de l\u2019AlterTour 2015.<\/p>\n<p>Venez p\u00e9daler, go\u00fbter \u00e0 l\u2019autogestion, partager une belle tranche de vie collective dans la simplicit\u00e9 volontaire !<\/p>\n<p>L\u2019AlterTour est un relais solidaire ouvert \u00e0 tous sans exigence de performance ou de dur\u00e9e (inscription \u00e0 la journ\u00e9e).<\/p>\n<p>Toute diffusion de ce message est vivement conseill\u00e9e.<\/p>\n<p><img decoding=\"async\" loading=\"lazy\" class=\"alignnone size-full wp-image-27381\" src=\"http:\/\/carfree.fr\/img\/2015\/05\/2015-05-05-Affiche-AlterTour-724x1024.jpg\" alt=\"2015-05-05-Affiche-AlterTour-724x1024\" width=\"600\" height=\"848\" \/><\/p>\n","protected":false},"excerpt":{"rendered":"<p>L&rsquo;AlterTour est une aventure humaine, joyeuse, cr\u00e9ative et collective. Il relie \u00e0 v\u00e9lo des Alternatives agissant sur l&rsquo;alimentation, les d\u00e9placements, l&rsquo;\u00e9nergie, l&rsquo;habitat, la gestion des d\u00e9chets&#8230;<\/p>\n","protected":false},"author":1593,"featured_media":32592,"comment_status":"open","ping_status":"closed","sticky":false,"template":"","format":"standard","meta":[],"categories":[124,7],"tags":[1652,62,171,1643,57,1646,646,107,84,1642,654,1644,1664],"views":18412,"_links":{"self":[{"href":"https:\/\/carfree.fr\/index.php\/wp-json\/wp\/v2\/posts\/27376"}],"collection":[{"href":"https:\/\/carfree.fr\/index.php\/wp-json\/wp\/v2\/posts"}],"about":[{"href":"https:\/\/carfree.fr\/index.php\/wp-json\/wp\/v2\/types\/post"}],"author":[{"embeddable":true,"href":"https:\/\/carfree.fr\/index.php\/wp-json\/wp\/v2\/users\/1593"}],"replies":[{"embeddable":true,"href":"https:\/\/carfree.fr\/index.php\/wp-json\/wp\/v2\/comments?post=27376"}],"version-history":[{"count":0,"href":"https:\/\/carfree.fr\/index.php\/wp-json\/wp\/v2\/posts\/27376\/revisions"}],"wp:featuredmedia":[{"embeddable":true,"href":"https:\/\/carfree.fr\/index.php\/wp-json\/wp\/v2\/media\/32592"}],"wp:attachment":[{"href":"https:\/\/carfree.fr\/index.php\/wp-json\/wp\/v2\/media?parent=27376"}],"wp:term":[{"taxonomy":"category","embeddable":true,"href":"https:\/\/carfree.fr\/index.php\/wp-json\/wp\/v2\/categories?post=27376"},{"taxonomy":"post_tag","embeddable":true,"href":"https:\/\/carfree.fr\/index.php\/wp-json\/wp\/v2\/tags?post=27376"}],"curies":[{"name":"wp","href":"https:\/\/api.w.org\/{rel}","templated":true}]}}