{"id":27392,"date":"2015-06-10T08:23:07","date_gmt":"2015-06-10T07:23:07","guid":{"rendered":"http:\/\/carfree.fr\/?p=27392"},"modified":"2016-05-16T21:32:30","modified_gmt":"2016-05-16T20:32:30","slug":"etre-con-nest-pas-un-handicap-garez-vous-ailleurs","status":"publish","type":"post","link":"https:\/\/carfree.fr\/index.php\/2015\/06\/10\/etre-con-nest-pas-un-handicap-garez-vous-ailleurs\/","title":{"rendered":"\u00catre con n&rsquo;est pas un handicap, garez-vous ailleurs!"},"content":{"rendered":"<p>Exc\u00e9d\u00e9e par le non-respect des emplacements de stationnement pour personnes handicap\u00e9es, la commune de Neupr\u00e9, pr\u00e8s de Li\u00e8ge en Belgique, a eu l&rsquo;id\u00e9e d&rsquo;installer, en plus des panneaux officiels qui r\u00e9servent ces emplacements, une autre inscription tr\u00e8s directe qui a le m\u00e9rite d&rsquo;annoncer la couleur. <!--more--><\/p>\n<p>Lorsqu&rsquo;un automobiliste se gare sur une place pour les personnes handicap\u00e9es alors qu&rsquo;il ne l&rsquo;est pas, il a droit \u00e0 un message informatif tr\u00e8s clair: \u00ab\u00a0<em>\u00catre con n&rsquo;est pas un handicap, garez-vous ailleurs!<\/em>\u00ab\u00a0.<\/p>\n<p>\u00ab\u00a0<em>Nous avons remarqu\u00e9 qu&rsquo;il n&rsquo;y avait pas assez de respect au niveau du stationnement des places r\u00e9serv\u00e9es aux personnes \u00e0 mobilit\u00e9 r\u00e9duite et nous avons voulu marquer le coup<\/em>\u00ab\u00a0, a expliqu\u00e9 Jean-Paul Etienne, le responsable des Travaux de la commune de Neupr\u00e9.<\/p>\n<p>La m\u00e9thode semble fonctionner. Un an apr\u00e8s la mise en place des panneaux, la fr\u00e9quentation inappropri\u00e9e des places pour handicap\u00e9s a diminu\u00e9. Il y a eu quelques remarques sur la tonalit\u00e9 du message mais la plupart des habitants approuvent. \u00ab\u00a0<em>C&rsquo;est tr\u00e8s bien, il faut une discipline<\/em>\u00ab\u00a0, a confi\u00e9 une riveraine.<\/p>\n<p>Source: rtl.be<\/p>\n","protected":false},"excerpt":{"rendered":"<p>Exc\u00e9d\u00e9e par le non-respect des emplacements de stationnement pour personnes handicap\u00e9es, la commune de Neupr\u00e9, pr\u00e8s de Li\u00e8ge en Belgique, a eu l&rsquo;id\u00e9e d&rsquo;installer, en plus des panneaux officiels qui <a class=\"more-link\" href=\"https:\/\/carfree.fr\/index.php\/2015\/06\/10\/etre-con-nest-pas-un-handicap-garez-vous-ailleurs\/\">Lire la suite&#8230;<\/a><\/p>\n","protected":false},"author":1390,"featured_media":32701,"comment_status":"open","ping_status":"closed","sticky":false,"template":"","format":"standard","meta":[],"categories":[9],"tags":[1709,171,1495,846,774,135,215],"views":21258,"_links":{"self":[{"href":"https:\/\/carfree.fr\/index.php\/wp-json\/wp\/v2\/posts\/27392"}],"collection":[{"href":"https:\/\/carfree.fr\/index.php\/wp-json\/wp\/v2\/posts"}],"about":[{"href":"https:\/\/carfree.fr\/index.php\/wp-json\/wp\/v2\/types\/post"}],"author":[{"embeddable":true,"href":"https:\/\/carfree.fr\/index.php\/wp-json\/wp\/v2\/users\/1390"}],"replies":[{"embeddable":true,"href":"https:\/\/carfree.fr\/index.php\/wp-json\/wp\/v2\/comments?post=27392"}],"version-history":[{"count":0,"href":"https:\/\/carfree.fr\/index.php\/wp-json\/wp\/v2\/posts\/27392\/revisions"}],"wp:featuredmedia":[{"embeddable":true,"href":"https:\/\/carfree.fr\/index.php\/wp-json\/wp\/v2\/media\/32701"}],"wp:attachment":[{"href":"https:\/\/carfree.fr\/index.php\/wp-json\/wp\/v2\/media?parent=27392"}],"wp:term":[{"taxonomy":"category","embeddable":true,"href":"https:\/\/carfree.fr\/index.php\/wp-json\/wp\/v2\/categories?post=27392"},{"taxonomy":"post_tag","embeddable":true,"href":"https:\/\/carfree.fr\/index.php\/wp-json\/wp\/v2\/tags?post=27392"}],"curies":[{"name":"wp","href":"https:\/\/api.w.org\/{rel}","templated":true}]}}