{"id":27546,"date":"2015-07-15T06:55:18","date_gmt":"2015-07-15T05:55:18","guid":{"rendered":"http:\/\/carfree.fr\/?p=27546"},"modified":"2020-08-17T15:47:09","modified_gmt":"2020-08-17T14:47:09","slug":"la-loi-du-plus-fort","status":"publish","type":"post","link":"https:\/\/carfree.fr\/index.php\/2015\/07\/15\/la-loi-du-plus-fort\/","title":{"rendered":"La loi du plus fort"},"content":{"rendered":"<p>Devant un triste constat (1 enfant tu\u00e9 par mois \u00e0 v\u00e9lo), une op\u00e9ration men\u00e9e par une assurance a \u00e9t\u00e9 reconduite devant la demande de l\u2019\u00e9ducation nationale et de la direction \u00e0 la s\u00e9curit\u00e9 et \u00e0 la circulation routi\u00e8res: il s\u2019agit d\u2019une sorte de \u00ab\u00a0permis v\u00e9lo\u00a0\u00bb (sans validit\u00e9 l\u00e9gale, ce n\u2019est que de la pr\u00e9vention) durant laquelle on apprend \u00e0 nos enfants \u00e0 ma\u00eetriser leur s\u00e9curit\u00e9 sur la route. <!--more--><\/p>\n<p>La plupart des automobilistes et\/ou parents voient tr\u00e8s certainement ce genre de\u00a0projets d\u2019un tr\u00e8s bon \u0153il: apprendre \u00e0 nos enfants \u00e0 faire face aux dangers de la\u00a0route, c\u2019est s\u2019occuper de leur s\u00e9curit\u00e9 et donc les prot\u00e9ger.<\/p>\n<p>Ceci ne me para\u00eet pourtant pas \u00eatre dans la bonne logique des choses. Doit-on\u00a0l\u2019apprendre \u00e9galement aux chats, aux h\u00e9rissons, et aux divers animaux \u00e9cras\u00e9s\u00a0sur le bord des routes r\u00e9guli\u00e8rement? Les enfants vont-ils devoir \u00e9galement\u00a0passer un permis pi\u00e9ton, puisqu\u2019il est fr\u00e9quent qu\u2019en jouant sur le trottoir, l\u2019un\u00a0d\u2019eux finisse sur la route?<\/p>\n<p>Il convient bien \u00e9videmment aux parents et \u00e0 l\u2019\u00e9ducation nationale d\u2019\u00e9duquer les\u00a0enfants sur les dangers qu\u2019ils encourent dans le monde ext\u00e9rieur (ainsi qu\u2019\u00e0 leur domicile) mais axer une campagne sur la pr\u00e9vention des enfants me semble viser\u00a0la mauvaise cible.<\/p>\n<p>Ceux qu\u2019il faut \u00e9duquer, ce sont ceux qui sont dangereux, ce n\u2019est pas aux enfants\u00a0d\u2019apprendre \u00e0 faire particuli\u00e8rement attention aux voitures mais aux automobilistes\u00a0d\u2019apprendre \u00e0 faire particuli\u00e8rement attention aux enfants, aux pi\u00e9tons de fa\u00e7on\u00a0g\u00e9n\u00e9rale, aux animaux et \u00e0 tout \u00eatre \u00e9voluant dans l\u2019espace public.<\/p>\n<p>La r\u00e9ponse des automobilistes est souvent la m\u00eame: \u00ab\u00a0<em>il faut bien qu\u2019on<\/em>\u00ab\u00a0. Ainsi, il\u00a0faut bien qu\u2019on puisse rouler sans faire attention \u00e0 tout, il faut bien qu\u2019on puisse\u00a0se garer quelque part (excuse majoritaire donn\u00e9e lors d\u2019un reproche sur un\u00a0stationnement ou un arr\u00eat sur trottoir ou sur piste cyclable), en bref, il faut bien\u00a0qu\u2019on puisse vivre avec notre automobile et il faut bien qu\u2019on puisse tout faire\u00a0avec notre automobile, quitte \u00e0 nuire au reste de la population: ils n\u2019auront qu\u2019\u00e0 s\u2019adapter.<\/p>\n<p>On en vient donc \u00e0 expliquer aux parents avec des poussettes qu\u2019ils peuvent\u00a0parfaitement changer de trottoir s\u2019ils sont g\u00ean\u00e9s par un mauvais stationnement, \u00e0\u00a0expliquer aux enfants que leur lieu de vie quotidienne est tr\u00e8s dangereux et qu\u2019ils\u00a0doivent \u00eatre arm\u00e9s jusqu\u2019aux dents en mati\u00e8re de pr\u00e9vention avant d\u2019oser faire un\u00a0pas dehors, pendant qu\u2019on explique aux automobilistes qu\u2019on a pr\u00e9venu les autres\u00a0et qu\u2019ils peuvent rouler et se garer tranquillement afin de profiter au maximum de\u00a0leur outil de d\u00e9placement indispensable.<\/p>\n<p>Pendant ce temps, on applique des lois pour faire bonne mesure interdisant les\u00a0stationnements ou arr\u00eats sur les trottoirs ou les pistes cyclables ou r\u00e9duisant la\u00a0vitesse des automobiles \u00e0\u00a0 30 km\/h dans la plupart des quartiers tr\u00e8s fr\u00e9quent\u00e9s\u00a0ou sur les routes \u00e0 caract\u00e8re dangereux, et on ne les applique jamais ou qu\u2019\u00e0 titre tr\u00e8s exceptionnel.<\/p>\n<p>Ceci suffit pourtant \u00e0 faire crier au scandale le corps automobiliste sur le\u00a0fait qu\u2019ils sont pris pour des \u00ab\u00a0vaches \u00e0 lait\u00a0\u00bb, qu\u2019on en veut \u00e0 leur argent et que ces\u00a0lois ne sont absolument pas justifi\u00e9es puisque leur automobile n\u2019est absolument\u00a0pas dangereuse: la preuve, on apprend aux enfants \u00e0 passer le permis v\u00e9lo pour que les voitures soient moins dangereuses.<\/p>\n<p>Le dernier arriv\u00e9 dans l\u2019espace commun et le plus dangereux a donc eu gain de\u00a0cause et les autres n\u2019auront qu\u2019\u00e0 lui laisser la place.<\/p>\n<p>Lafontaine le disait: la loi du plus fort est toujours la meilleure.<\/p>\n<p><a href=\"https:\/\/pasdevoiture.wordpress.com\/\" target=\"_blank\">https:\/\/pasdevoiture.wordpress.com\/<\/a><\/p>\n","protected":false},"excerpt":{"rendered":"<p>Devant un triste constat (1 enfant tu\u00e9 par mois \u00e0 v\u00e9lo), une op\u00e9ration men\u00e9e par une assurance a \u00e9t\u00e9 reconduite devant la demande de l\u2019\u00e9ducation nationale et de la direction <a class=\"more-link\" href=\"https:\/\/carfree.fr\/index.php\/2015\/07\/15\/la-loi-du-plus-fort\/\">Lire la suite&#8230;<\/a><\/p>\n","protected":false},"author":653,"featured_media":32349,"comment_status":"open","ping_status":"closed","sticky":false,"template":"","format":"standard","meta":[],"categories":[4,1038,7],"tags":[1652,646,588,265,178,1664],"views":9310,"_links":{"self":[{"href":"https:\/\/carfree.fr\/index.php\/wp-json\/wp\/v2\/posts\/27546"}],"collection":[{"href":"https:\/\/carfree.fr\/index.php\/wp-json\/wp\/v2\/posts"}],"about":[{"href":"https:\/\/carfree.fr\/index.php\/wp-json\/wp\/v2\/types\/post"}],"author":[{"embeddable":true,"href":"https:\/\/carfree.fr\/index.php\/wp-json\/wp\/v2\/users\/653"}],"replies":[{"embeddable":true,"href":"https:\/\/carfree.fr\/index.php\/wp-json\/wp\/v2\/comments?post=27546"}],"version-history":[{"count":0,"href":"https:\/\/carfree.fr\/index.php\/wp-json\/wp\/v2\/posts\/27546\/revisions"}],"wp:featuredmedia":[{"embeddable":true,"href":"https:\/\/carfree.fr\/index.php\/wp-json\/wp\/v2\/media\/32349"}],"wp:attachment":[{"href":"https:\/\/carfree.fr\/index.php\/wp-json\/wp\/v2\/media?parent=27546"}],"wp:term":[{"taxonomy":"category","embeddable":true,"href":"https:\/\/carfree.fr\/index.php\/wp-json\/wp\/v2\/categories?post=27546"},{"taxonomy":"post_tag","embeddable":true,"href":"https:\/\/carfree.fr\/index.php\/wp-json\/wp\/v2\/tags?post=27546"}],"curies":[{"name":"wp","href":"https:\/\/api.w.org\/{rel}","templated":true}]}}