{"id":27556,"date":"2015-08-03T08:16:52","date_gmt":"2015-08-03T07:16:52","guid":{"rendered":"http:\/\/carfree.fr\/?p=27556"},"modified":"2015-10-30T15:49:19","modified_gmt":"2015-10-30T14:49:19","slug":"les-voies-de-la-transition-ecologique-vues-par-le-pape","status":"publish","type":"post","link":"https:\/\/carfree.fr\/index.php\/2015\/08\/03\/les-voies-de-la-transition-ecologique-vues-par-le-pape\/","title":{"rendered":"Les voies de la transition \u00e9cologique vues par&#8230; le pape"},"content":{"rendered":"<p>Le 18 juin dernier, sortait LAUDATO SI&rsquo;, une encyclique du pape Fran\u00e7ois sur l&rsquo;\u00e9cologie. Compte tenue de l&rsquo;audience potentielle de cette lettre destin\u00e9e \u00e0 plus d&rsquo;un milliard de catholiques dans le monde et des avis venant de toutes parts, ma curiosit\u00e9 m&rsquo;a pouss\u00e9 \u00e0 regarder du c\u00f4t\u00e9 des solutions propos\u00e9es. Parmi 190 pages tr\u00e8s riches, voici trois extraits. <!--more--><\/p>\n<p>D\u00e8s le vingti\u00e8me paragraphe, un premier cadre est pos\u00e9 : \u00ab <em>La technologie, li\u00e9e aux secteurs financiers, qui pr\u00e9tend \u00eatre l\u2019unique solution aux probl\u00e8mes, de fait, est ordinairement incapable de voir le myst\u00e8re des multiples relations qui existent entre les choses, et par cons\u00e9quent, r\u00e9sout parfois un probl\u00e8me en en cr\u00e9ant un autre.<\/em> \u00bb<\/p>\n<p>\u00c7a c&rsquo;est pour ceux qui croient que la technologie et la finance vont tout r\u00e9soudre seules\u2026<\/p>\n<p>\u2026 Un exemple pr\u00e9cis est m\u00eame donn\u00e9 au paragraphe 171 : \u00ab<em> La strat\u00e9gie d\u2019achat et de vente de \u201ccr\u00e9dits de carbone\u201d peut donner lieu \u00e0 une nouvelle forme de sp\u00e9culation, et cela ne servirait pas \u00e0 r\u00e9duire l\u2019\u00e9mission globale des gaz polluants. Ce syst\u00e8me semble \u00eatre une solution rapide et facile, sous l\u2019apparence d\u2019un certain engagement pour l\u2019environnement, mais qui n\u2019implique, en aucune mani\u00e8re, de changement radical \u00e0 la hauteur des circonstances. Au contraire, il peut devenir un exp\u00e9dient qui permet de soutenir la sur-consommation de certains pays et secteurs.<\/em> \u00bb<\/p>\n<p>L\u00e0, \u00e7a me parle ! J&rsquo;ai la m\u00eame intuition sur le commerce des droits \u00e0 polluer mais je n&rsquo;ose pas le dire si franchement tellement \u00e7a a l&rsquo;air d&rsquo;\u00eatre LA solution d\u00e9fendue au niveau international&#8230; Je vais me sentir moins seul&#8230; Si m\u00eame le pape le dit !<\/p>\n<p>Bon et apr\u00e8s les fausses bonnes id\u00e9es, c&rsquo;est quoi LA solution ?<\/p>\n<p>Je crois l&rsquo;avoir d\u00e9nich\u00e9e au paragraphe 223 : \u00ab <em>La sobri\u00e9t\u00e9, qui est v\u00e9cue avec libert\u00e9 et de mani\u00e8re consciente, est lib\u00e9ratrice. Ce n\u2019est pas moins de vie, ce n\u2019est pas une basse intensit\u00e9 de vie mais tout le contraire; car, en r\u00e9alit\u00e9 ceux qui jouissent plus et vivent mieux chaque moment, sont ceux qui cessent de picorer ici et l\u00e0 en cherchant toujours ce qu\u2019ils n\u2019ont pas, et qui font l\u2019exp\u00e9rience de ce qu\u2019est valoriser chaque personne et chaque chose, en apprenant \u00e0 entrer en contact et en sachant jouir des choses les plus simples. Ils ont ainsi moins de besoins insatisfaits, et sont moins fatigu\u00e9s et moins tourment\u00e9s. On peut vivre intens\u00e9ment avec peu, surtout quand on est capable d\u2019appr\u00e9cier d\u2019autres plaisirs et qu\u2019on trouve satisfaction dans les rencontres fraternelles, dans le service, dans le d\u00e9ploiement de ses charismes, dans la musique et l\u2019art, dans le contact avec la nature, dans la pri\u00e8re. Le bonheur requiert de savoir limiter certains besoins qui nous abrutissent, en nous rendant ainsi disponibles aux multiples possibilit\u00e9s qu\u2019offre la vie.<\/em> \u00bb<\/p>\n<p>C&rsquo;est d&rsquo;une simplicit\u00e9 biblique ! Cette proposition n&rsquo;est pas nouvelle mais, faite par ce nouveau canal, elle pourrait toucher, convaincre et mettre en route de nouvelles personnes&#8230; jusqu&rsquo;\u00e0 atteindre la masse critique.<\/p>\n<p>Pour la part, je poursuis ma conversion\u2026 \u00e9cologique !<\/p>\n<p>Pour ceux qui veulent en lire davantage : <a href=\"http:\/\/w2.vatican.va\/content\/francesco\/fr\/encyclicals\/documents\/papa-francesco_20150524_enciclica-laudato-si.html\" target=\"_blank\">http:\/\/w2.vatican.va\/content\/francesco\/fr\/encyclicals\/documents\/papa-francesco_20150524_enciclica-laudato-si.html<\/a><\/p>\n","protected":false},"excerpt":{"rendered":"<p>Le 18 juin dernier, sortait LAUDATO SI&rsquo;, une encyclique du pape Fran\u00e7ois sur l&rsquo;\u00e9cologie. Compte tenue de l&rsquo;audience potentielle de cette lettre destin\u00e9e \u00e0 plus d&rsquo;un milliard de catholiques dans <a class=\"more-link\" href=\"https:\/\/carfree.fr\/index.php\/2015\/08\/03\/les-voies-de-la-transition-ecologique-vues-par-le-pape\/\">Lire la suite&#8230;<\/a><\/p>\n","protected":false},"author":1595,"featured_media":32311,"comment_status":"open","ping_status":"closed","sticky":false,"template":"","format":"standard","meta":[],"categories":[127,52,124,72],"tags":[1652,84,319,150],"views":7148,"_links":{"self":[{"href":"https:\/\/carfree.fr\/index.php\/wp-json\/wp\/v2\/posts\/27556"}],"collection":[{"href":"https:\/\/carfree.fr\/index.php\/wp-json\/wp\/v2\/posts"}],"about":[{"href":"https:\/\/carfree.fr\/index.php\/wp-json\/wp\/v2\/types\/post"}],"author":[{"embeddable":true,"href":"https:\/\/carfree.fr\/index.php\/wp-json\/wp\/v2\/users\/1595"}],"replies":[{"embeddable":true,"href":"https:\/\/carfree.fr\/index.php\/wp-json\/wp\/v2\/comments?post=27556"}],"version-history":[{"count":0,"href":"https:\/\/carfree.fr\/index.php\/wp-json\/wp\/v2\/posts\/27556\/revisions"}],"wp:featuredmedia":[{"embeddable":true,"href":"https:\/\/carfree.fr\/index.php\/wp-json\/wp\/v2\/media\/32311"}],"wp:attachment":[{"href":"https:\/\/carfree.fr\/index.php\/wp-json\/wp\/v2\/media?parent=27556"}],"wp:term":[{"taxonomy":"category","embeddable":true,"href":"https:\/\/carfree.fr\/index.php\/wp-json\/wp\/v2\/categories?post=27556"},{"taxonomy":"post_tag","embeddable":true,"href":"https:\/\/carfree.fr\/index.php\/wp-json\/wp\/v2\/tags?post=27556"}],"curies":[{"name":"wp","href":"https:\/\/api.w.org\/{rel}","templated":true}]}}