{"id":27696,"date":"2015-09-18T08:51:41","date_gmt":"2015-09-18T07:51:41","guid":{"rendered":"http:\/\/carfree.fr\/?p=27696"},"modified":"2021-01-07T17:42:18","modified_gmt":"2021-01-07T16:42:18","slug":"journee-mondiale-sans-voiture-2015","status":"publish","type":"post","link":"https:\/\/carfree.fr\/index.php\/2015\/09\/18\/journee-mondiale-sans-voiture-2015\/","title":{"rendered":"Journ\u00e9e mondiale sans voiture 2015"},"content":{"rendered":"<p>Une journ\u00e9e sans voiture vise \u00e0 exp\u00e9rimenter dans le monde une journ\u00e9e de fermeture de la ville aux voitures. Cette journ\u00e9e est pour les pi\u00e9tons, les cyclistes et les transports en commun l&rsquo;occasion de s&rsquo;approprier l&rsquo;espace urbain. <!--more--><\/p>\n<p>Tous les ans, la journ\u00e9e mondiale sans voiture a lieu le 22 septembre.<\/p>\n<p>Malgr\u00e9 de nombreuses tentatives de d\u00e9naturer l&rsquo;esprit de cette journ\u00e9e, en l&rsquo;organisant par exemple un autre jour, ou en limitant sa port\u00e9e en offrant de nombreuses d\u00e9rogations aux automobilistes, la journ\u00e9e mondiale sans voiture reste un moment unique o\u00f9 chacun refuse d&rsquo;utiliser la voiture afin de re-d\u00e9couvrir d&rsquo;autres modes de d\u00e9placement: marche, v\u00e9lo, transports en commun, trottinette, rollers, etc.<\/p>\n<p>Cette ann\u00e9e, la journ\u00e9e sans voiture tombe un mardi et c&rsquo;est tr\u00e8s bien. Mardi 22 septembre 2015, tout le monde, \u00e0 l&rsquo;\u00e9chelle de la plan\u00e8te, est invit\u00e9 \u00e0 se passer de voiture.<\/p>\n<p>Faites un geste pour la plan\u00e8te!<\/p>\n<p><a href=\"https:\/\/journeesansvoitures.wordpress.com\/\" target=\"_blank\">http:\/\/journeesansvoitures.wordpress.com\/<\/a><\/p>\n","protected":false},"excerpt":{"rendered":"<p>Une journ\u00e9e sans voiture vise \u00e0 exp\u00e9rimenter dans le monde une journ\u00e9e de fermeture de la ville aux voitures. Cette journ\u00e9e est pour les pi\u00e9tons, les cyclistes et les transports <a class=\"more-link\" href=\"https:\/\/carfree.fr\/index.php\/2015\/09\/18\/journee-mondiale-sans-voiture-2015\/\">Lire la suite&#8230;<\/a><\/p>\n","protected":false},"author":1390,"featured_media":31853,"comment_status":"open","ping_status":"closed","sticky":false,"template":"","format":"standard","meta":[],"categories":[4,73,9,5,72,24,8,7,70,71,3],"tags":[1709,1652,31,171,15,175,16,202,61,210,94,105,809],"views":11343,"_links":{"self":[{"href":"https:\/\/carfree.fr\/index.php\/wp-json\/wp\/v2\/posts\/27696"}],"collection":[{"href":"https:\/\/carfree.fr\/index.php\/wp-json\/wp\/v2\/posts"}],"about":[{"href":"https:\/\/carfree.fr\/index.php\/wp-json\/wp\/v2\/types\/post"}],"author":[{"embeddable":true,"href":"https:\/\/carfree.fr\/index.php\/wp-json\/wp\/v2\/users\/1390"}],"replies":[{"embeddable":true,"href":"https:\/\/carfree.fr\/index.php\/wp-json\/wp\/v2\/comments?post=27696"}],"version-history":[{"count":0,"href":"https:\/\/carfree.fr\/index.php\/wp-json\/wp\/v2\/posts\/27696\/revisions"}],"wp:featuredmedia":[{"embeddable":true,"href":"https:\/\/carfree.fr\/index.php\/wp-json\/wp\/v2\/media\/31853"}],"wp:attachment":[{"href":"https:\/\/carfree.fr\/index.php\/wp-json\/wp\/v2\/media?parent=27696"}],"wp:term":[{"taxonomy":"category","embeddable":true,"href":"https:\/\/carfree.fr\/index.php\/wp-json\/wp\/v2\/categories?post=27696"},{"taxonomy":"post_tag","embeddable":true,"href":"https:\/\/carfree.fr\/index.php\/wp-json\/wp\/v2\/tags?post=27696"}],"curies":[{"name":"wp","href":"https:\/\/api.w.org\/{rel}","templated":true}]}}