{"id":27717,"date":"2015-09-24T09:03:16","date_gmt":"2015-09-24T08:03:16","guid":{"rendered":"http:\/\/carfree.fr\/?p=27717"},"modified":"2021-01-14T16:53:15","modified_gmt":"2021-01-14T15:53:15","slug":"retrouver-la-ville","status":"publish","type":"post","link":"https:\/\/carfree.fr\/index.php\/2015\/09\/24\/retrouver-la-ville\/","title":{"rendered":"Retrouver la ville"},"content":{"rendered":"<p><strong>Pourquoi, \u201cla ville\u201d ?<\/strong><\/p>\n<p>J\u2019ai pr\u00e9f\u00e9r\u00e9 ne pas adjoindre d\u2019adjectif (durable, verte, douce\u2026) au mot \u201cville\u201d pr\u00e9sent dans le titre de cet article, afin d\u2019\u00e9viter le pl\u00e9onasme. La ville-voiture, en effet, n\u2019a-t-elle pas d\u00e9j\u00e0 cess\u00e9 d\u2019\u00eatre une ville ? En ayant assujetti la ville \u00e0 la circulation automobile, nous en avons fait une route. Une route maill\u00e9e, avec des carrefours, des voies rapides et secondaires, des feux et une signalisation sp\u00e9cifique, mais une route quand m\u00eame. Cette \u201cville-machine\u201d, qui profite uniquement \u00e0 la circulation motoris\u00e9e et nuit aux autres usagers (pollution, bruit, ins\u00e9curit\u00e9, barri\u00e8res de franchissement\u2026) fut r\u00eav\u00e9e par les urbanistes du XXe si\u00e8cle, eux m\u00eame berc\u00e9s par les pionniers de la seconde r\u00e9volution industrielle comme Eug\u00e8ne H\u00e9nard, appliqu\u00e9e dans l\u2019apr\u00e8s-guerre et remise au cause d\u00e8s les ann\u00e9es 1970. Un mod\u00e8le donc tout \u00e0 fait \u00e9ph\u00e9m\u00e8re, \u00e0 l\u2019\u00e9chelle de l\u2019histoire. La grande question est alors de savoir de quoi sera faite la ville du futur, de quelle mod\u00e8le voulons-nous et, surtout, comment l\u2019appliquer. <!--more--><\/p>\n<p><strong>La recherche d\u2019un mod\u00e8le parfait<\/strong><\/p>\n<p>Ici, petite parenth\u00e8se de philosophie sans pr\u00e9tention. Existerait-il un mod\u00e8le parfait ? Un syst\u00e8me rationnel et sans erreurs o\u00f9 tout serait con\u00e7u avec une pond\u00e9ration minutieuse des avantages et des inconv\u00e9nients, pris dans leur d\u00e9finition la plus large possible ? L\u2019automobiliste qui s\u2019asphyxie dans les embouteillages est-il moins rationnel que le cycliste qui s\u2019\u00e9puise sur son v\u00e9lo ? L\u2019euphorie actuelle en faveur des modes doux ne doit pas nous faire oublier que chaque \u201csyst\u00e8me\u201d n\u2019est rationnel que par la coh\u00e9rence de ses \u00e9l\u00e9ments. Le mod\u00e8le du \u201ctout automobile\u201d d\u00e9velopp\u00e9 dans les ann\u00e9es 50\/60 \u00e9tait aussi coh\u00e9rent, peut-\u00eatre m\u00eame plus (il avait du moins atteint, dans les ann\u00e9es 70, son plus haut degr\u00e9 de maturit\u00e9), que notre mod\u00e8le actuel, qui reste d\u2019ailleurs largement \u00e0 d\u00e9finir. Le tout automobile demeure ainsi le mod\u00e8le le plus pertinent dans les territoires de faible densit\u00e9, g\u00e9n\u00e9ralement qualifi\u00e9s de \u201cruraux\u201d, et o\u00f9 les D\u00e9partements ont \u00e9tabli leur expertise dans l\u2019am\u00e9nagement depuis maintenant deux si\u00e8cles.<\/p>\n<p>Reconnaissant donc qu\u2019il n\u2019existe pas de mod\u00e8le parfait, je souhaite cependant que l\u2019on d\u00e9veloppe l\u2019hypoth\u00e8se d\u2019une ville sans voiture ou, plus exactement, sans v\u00e9hicule individuel lourd (voitures, camions, cyclomoteurs\u2026). Je ne pr\u00e9tends pas qu\u2019il soit meilleur que le mod\u00e8le \u201ccar-friendly\u201d qui est encore d\u00e9velopp\u00e9, par exemple, dans certaines villes am\u00e9ricaines ou par habitude dans les territoires europ\u00e9ens, mais la promesse d\u2019une ville sans voiture me semble infiniment plus positive que la permanence de notre mod\u00e8le actuel, compromis b\u00e2tard entre les pesanteurs intellectuelles du XXe si\u00e8cle et les pr\u00e9occupation d\u2019aujourd\u2019hui en mati\u00e8re d\u2019environnement et de bien-\u00eatre personnel. Par ailleurs, l\u2019industrie automobile en elle m\u00eame semble nous condamner \u00e0 de vastes entrep\u00f4ts remplis d\u2019ouvriers sous-qualifi\u00e9s et de plus en plus \u201cm\u00e9canis\u00e9s\u201d. Les villes de l\u2019industrie automobile ont de plus connu un destin tragique (ex-bassin minier du Nord-Pas-de-Calais, D\u00e9troit aux \u00c9tats-Unis\u2026) qui devrait nous inciter \u00e0 un minimum de prudence. Bien au contraire, l\u2019\u00e9conomie \u201ccar-free\u201d qui \u00e9merge appara\u00eet riche en services, en main d\u2019oeuvre qualifi\u00e9e et en proximit\u00e9 ; elle se traduit bien souvent par de petits commerces implant\u00e9s en centre-ville et a parfaitement int\u00e9gr\u00e9 les valeurs de l\u2019\u00e9conomie solidaire et du DIY.<\/p>\n<p><strong>Les d\u00e9fis de la ville sans voiture<\/strong><\/p>\n<p>La d\u00e9finition d\u2019un mod\u00e8le de ville sans voiture me semble donc un bien meilleur investissement de nos \u201ctemps de cerveau disponible\u201d, pour reprendre l\u2019expression du Patrick Le Lay; pi\u00e9tons, cyclistes et transports en commun pr\u00e9sentant des avantages relatifs mais cons\u00e9quents, pour un co\u00fbt d\u2019am\u00e9nagement par ailleurs bien moindre ! L\u2019enjeu g\u00e9n\u00e9ral de cette r\u00e9flexion est alors de r\u00e9soudre les d\u00e9fis actuels des bien nomm\u00e9s \u201cmodes doux\u201d&#8230; Les plus souvent cit\u00e9s sont:<\/p>\n<ul>\n<li>Le transport de marchandises ou, plus g\u00e9n\u00e9ralement, de charges lourdes (cela inclue les enfants et peut-\u00eatre m\u00eame les adultes);<\/li>\n<li>L\u2019\u00e9loignement du domicile par rapport au lieu de travail ou, plus g\u00e9n\u00e9ralement, par rapport aux services de la ville (emploi, loisirs, enseignement, administration, information\u2026);<\/li>\n<li>La dispersion de ces services urbains;<\/li>\n<li>Le temps, qui tend \u00e0 devenir la principal contrainte de nos soci\u00e9t\u00e9s (apr\u00e8s en avoir \u00e9t\u00e9 la principale richesse, \u00e9trangement);<\/li>\n<li>La s\u00e9curit\u00e9 (un excellent article d\u2019Yves Raibaud fait ici le point sur les in\u00e9galit\u00e9s de genre g\u00e9n\u00e9r\u00e9es par la \u201cville durable\u201d et qui forment une part cons\u00e9quente du d\u00e9fi de la s\u00e9curit\u00e9 : <a href=\"https:\/\/lejournal.cnrs.fr\/billets\/la-ville-durable-creuse-les-inegalites\" target=\"_blank\">https:\/\/lejournal.cnrs.fr\/billets\/la-ville-durable-creuse-les-inegalites<\/a>);<\/li>\n<li>Le confort (entre autres: les intemp\u00e9ries, la qualit\u00e9 des am\u00e9nagements, du v\u00e9hicule utilis\u00e9\u2026);<\/li>\n<li>La capacit\u00e9 physique et l\u2019\u00e9nergie, contraintes \u00e9l\u00e9mentaires qui posent \u00e9galement la question de la solidarit\u00e9 en ville et de l\u2019accessibilit\u00e9 pour tous;<\/li>\n<li>La capacit\u00e9 financi\u00e8re, pour l\u2019individu, \u00e0 s\u2019\u00e9quiper d\u2019un v\u00e9hicule; un bon v\u00e9lo pouvant se chiffrer \u00e0 plus de 500\u20ac, voire plus de 1000 pour un v\u00e9lo \u00e9lectrique: investissement non n\u00e9gligeable pour les personnes priv\u00e9es d\u2019emploi et qui n\u2019inclue pas les r\u00e9parations \u00e9ventuelles, le changement des pi\u00e8ces us\u00e9es, etc.<\/li>\n<\/ul>\n<p>Beaucoup de ces d\u00e9fis ont d\u00e9j\u00e0 trouv\u00e9 leurs r\u00e9ponses, mais les remarques \u2013 parfois assez agressives \u2013 que les cyclistes essuient dans leur quotidien m\u2019incitent \u00e0 penser que l\u2019opinion publique reste majoritairement en marge de ces innovations. Pour beaucoup de gens, des t\u00e2ches aussi simples que faire ses courses \u00e0 v\u00e9lo ou transporter ses enfants \u00e0 l\u2019\u00e9cole apparaissent encore comme insurmontables ou, au mieux, saugrenues. Le d\u00e9calage entre la perception de la \u201c<a href=\"http:\/\/carfree.fr\/index.php\/2013\/12\/21\/velogistique\/\" target=\"_blank\">v\u00e9logistique<\/a>\u201d par les institutionnels ou les cyclistes et le public est \u00e9norme: alors que ce dernier consid\u00e8re encore majoritairement la voiture comme une \u00e9vidence et un symbole de mobilit\u00e9 omnipr\u00e9sent, les partisans tout-v\u00e9lo sont pi\u00e9g\u00e9s dans leurs \u00e9vidences. Pourquoi les gens s\u2019\u00e9vertuent-ils \u00e0 traverser le centre-ville en voiture, alors qu\u2019ils iraient plus rapidement par le p\u00e9riph\u00e9rique? Pourquoi ce jeune cadre, qui habite pourtant \u00e0 15 min \u00e0 v\u00e9lo de son lieu de travail, perd-t-il son temps \u00e0 attendre un m\u00e9tro bond\u00e9 et puant ? Pourquoi cette sportive fait-elle 30 min de voiture, 3 fois par semaine, pour se rendre \u00e0 sa salle de sport, alors que l\u2019\u00e9nergie qu\u2019elle y d\u00e9pense la conduirait ais\u00e9ment, \u00e0 v\u00e9lo, jusqu\u2019\u00e0 son bureau ? La petite reine nous est \u00e9vidente, comme la voiture l\u2019est pour \u201ceux\u201d. Chacun reste camp\u00e9 dans son incompr\u00e9hension de l\u2019autre et ses certitude; l\u2019\u00e9cart se creuse, le v\u00e9lo s\u2019embourgeoise et devient un symbole identitaire alors qu\u2019il n\u2019\u00e9tait motiv\u00e9 \u2013 \u00e0 l\u2019origine \u2013 que par une d\u00e9cision simplement rationnelle: il est plus rapide de circuler en ville \u00e0 v\u00e9lo ou \u00e0 pieds qu\u2019en voiture, alors pourquoi la prendre?<\/p>\n<p>Si l\u2019avenir de la v\u00e9logistique n\u2019est ainsi plus \u00e0 mettre en doute, celui du v\u00e9lo m\u2019appara\u00eet au contraire menac\u00e9 : menac\u00e9 par le communautarisme croissant et l\u2019envie \u201cd\u2019envoyer chier ces cons d\u2019automobilistes qui ne veulent comprendre, qui nous polluent et enlaidissent nos villes\u201d (cr\u00e9do simplifi\u00e9 des \u00e9co-terroristes), menac\u00e9 par la s\u00e9gr\u00e9gation spatiale et territoriale qui met les quartiers\/villes cyclables au dessus des autres, menac\u00e9 par une cohabitation anxiog\u00e8ne et les insultes qui fusent de plus en plus entre usagers, menac\u00e9 par le populisme et les politicards qui \u2013 pour satisfaire une partie na\u00efve de leur \u00e9lectorat \u2013 reviennent sur les acquis (comme on l\u2019a observ\u00e9 \u00e0 B\u00e9thune ou Saint-\u00c9tienne), menac\u00e9 enfin par le manque d\u2019empathie mutuelle et la faiblesse des compromis adopt\u00e9s par les am\u00e9nageurs.<\/p>\n<p>Renouer le dialogue avec les usagers, les \u00e9lus et les urbanistes devrait \u00eatre, aujourd\u2019hui, notre priorit\u00e9. Nous ne manquons pas de solutions, mais nous manquons de p\u00e9dagogie pour les expliquer. C\u2019est par l\u2019\u00e9coute et le respect des besoins de chacun que nous d\u00e9finirons le meilleur mod\u00e8le urbain, celui o\u00f9 chaque usager est respect\u00e9 dans son \u201cmilieu naturel\u201d et o\u00f9 la ville prosp\u00e8re, rayonne sur sa campagne et son territoire.<\/p>\n","protected":false},"excerpt":{"rendered":"<p>Pourquoi, \u201cla ville\u201d ? J\u2019ai pr\u00e9f\u00e9r\u00e9 ne pas adjoindre d\u2019adjectif (durable, verte, douce\u2026) au mot \u201cville\u201d pr\u00e9sent dans le titre de cet article, afin d\u2019\u00e9viter le pl\u00e9onasme. La ville-voiture, en <a class=\"more-link\" href=\"https:\/\/carfree.fr\/index.php\/2015\/09\/24\/retrouver-la-ville\/\">Lire la suite&#8230;<\/a><\/p>\n","protected":false},"author":1598,"featured_media":32044,"comment_status":"open","ping_status":"closed","sticky":false,"template":"","format":"standard","meta":[],"categories":[73,7,71,3],"tags":[1709,35,1664,34,1662,809],"views":9176,"_links":{"self":[{"href":"https:\/\/carfree.fr\/index.php\/wp-json\/wp\/v2\/posts\/27717"}],"collection":[{"href":"https:\/\/carfree.fr\/index.php\/wp-json\/wp\/v2\/posts"}],"about":[{"href":"https:\/\/carfree.fr\/index.php\/wp-json\/wp\/v2\/types\/post"}],"author":[{"embeddable":true,"href":"https:\/\/carfree.fr\/index.php\/wp-json\/wp\/v2\/users\/1598"}],"replies":[{"embeddable":true,"href":"https:\/\/carfree.fr\/index.php\/wp-json\/wp\/v2\/comments?post=27717"}],"version-history":[{"count":0,"href":"https:\/\/carfree.fr\/index.php\/wp-json\/wp\/v2\/posts\/27717\/revisions"}],"wp:featuredmedia":[{"embeddable":true,"href":"https:\/\/carfree.fr\/index.php\/wp-json\/wp\/v2\/media\/32044"}],"wp:attachment":[{"href":"https:\/\/carfree.fr\/index.php\/wp-json\/wp\/v2\/media?parent=27717"}],"wp:term":[{"taxonomy":"category","embeddable":true,"href":"https:\/\/carfree.fr\/index.php\/wp-json\/wp\/v2\/categories?post=27717"},{"taxonomy":"post_tag","embeddable":true,"href":"https:\/\/carfree.fr\/index.php\/wp-json\/wp\/v2\/tags?post=27717"}],"curies":[{"name":"wp","href":"https:\/\/api.w.org\/{rel}","templated":true}]}}